{"id":58850,"date":"2025-10-12T17:38:16","date_gmt":"2025-10-12T17:38:16","guid":{"rendered":"https:\/\/www.europesays.com\/no\/58850\/"},"modified":"2025-10-12T17:38:16","modified_gmt":"2025-10-12T17:38:16","slug":"venezuela-nobel-intervjuet-arets-fredsprisvinner-i-2006-jeg-hadde-glemt-det","status":"publish","type":"post","link":"https:\/\/www.europesays.com\/no\/58850\/","title":{"rendered":"Venezuela, Nobel | Intervjuet \u00e5rets fredsprisvinner \u2013 i 2006: \u2013 Jeg hadde glemt det"},"content":{"rendered":"\n<p><b>VENEZUELA<\/b>: Da den venezuelanske opposisjonspolitikeren Mar\u00eda Corina Machado fredag ble kunngjort som vinner av Nobels fredspris 2025, ble tidligere NA-redakt\u00f8r Kim Riseth minnet p\u00e5 et gammelt m\u00f8te fra en tidligere kollega.<\/p>\n<p>\u2013 Det er ei stund siden. Jeg hadde helt \u00e6rlig glemt at jeg hadde m\u00f8tt henne. Jeg husker veldig godt at jeg var mye i Venezuela, s\u00e5 det tenkte jeg p\u00e5, sier Riseth.<\/p>\n<p>Det var f\u00f8rst da VG-fotograf Thomas Nilsson fant bildet av dem, at Riseth husket det. Han jobbet tett med Nilsson for VG i USA fra 2005 til 2008.<\/p>\n<p>  <a href=\"https:\/\/www.namdalsavisa.no\/5-121-1486544\" class=\"related-teaser has-image default-story-teaser article--c-eRUmMG article--c-eRUmMG-jKCPdD-design-default\" rel=\"nofollow noopener\" target=\"_blank\"><\/p>\n<p>    <img decoding=\"async\" loading=\"lazy\"  src=\"https:\/\/www.europesays.com\/no\/wp-content\/uploads\/2025\/10\/na+%283+of+3%29.jpg\" alt=\"\" class=\"brick-c-cFOWSL\" style=\"\"\/><\/p>\n<p>\n            Les ogs\u00e5<\/p>\n<p>              Kim (52) slutter i NA \u2013 Lars (48) overtar som redakt\u00f8r\n        <\/p>\n<p>  <\/a><br \/>\n  M\u00f8tte Machado<\/p>\n<p>P\u00e5 den tida var Riseth utenriksreporter for VG \u2013 med base i New York. Sammen med Nilsson bes\u00f8kte han flere ganger Venezuela, der president Hugo Ch\u00e1vez styrte med stadig sterkere kontroll.<\/p>\n<p>\u00c5rsaken til at de m\u00f8tte Machado i 2006, var at Ch\u00e1vez hadde begynt \u00e5 sl\u00e5 ned p\u00e5 media og opposisjonen.<\/p>\n<p>Machado ledet organisasjonen S\u00famate, som jobbet for frie valg og \u00e5penhet. Hun ble senere tiltalt for landsforr\u00e6deri fordi organisasjonen mottok st\u00f8tte fra USA.<\/p>\n<p>\u2013 S\u00e5 det er ikke s\u00e5 rart at hun n\u00e5 trekker fram at st\u00f8tten fra USA og Trump har v\u00e6rt viktig i kampen hun har st\u00e5tt i, sier Riseth.<\/p>\n<p>   <img decoding=\"async\" width=\"2048\" height=\"1365\" fetchpriority=\"low\"  loading=\"lazy\"  src=\"https:\/\/www.europesays.com\/no\/wp-content\/uploads\/2025\/10\/IMG_0506.jpeg\" alt=\"\" class=\"brick-c-cFOWSL\" style=\"--brick-image-ratio: 2048 \/ 1365;\"\/><\/p>\n<p>    VENEZUELA: Her er Machado foran de 3,5 millioner underskriftene hun og organisasjonen S\u00famate hadde samlet inn for \u00e5 kreve folkeavstemning om Hugo Ch\u00e1vez skulle kunne fortsette \u00e5 sitte med makten.<br \/>\n    Foto: Thomas Nilsson \/ VG\n  <\/p>\n<p>Han beskriver det som en interessant periode.<\/p>\n<p>\u2013 Ch\u00e1vez pr\u00f8vde \u00e5 ta kontroll over rettsvesenet og forlenge presidentperioden sin gjennom folkeavstemning. Det ble ganske stor motstand, og Machado var en av dem som var i opposisjon ogs\u00e5 den gangen. Du skal v\u00e6re ganske modig for \u00e5 st\u00e5 opp mot et autorit\u00e6rt regime som fengslet motstandere og hadde sterke maktmidler, forteller han.<\/p>\n<p>Dr\u00f8mmejobben som utenriksreporter<\/p>\n<p>Venezuela var p\u00e5 den tida et land i endring \u2013 og i konflikt. Samtidig var det norske selsskapet Statoil (n\u00e5 Equinor) tungt investert i Venezuela, og Ch\u00e1vez fors\u00f8kte \u00e5 nasjonalisere oljeindustrien.<\/p>\n<p>\u2013 Det var en spent situasjon, samtidig som det var et spennende land p\u00e5 mange m\u00e5ter. Men vi skj\u00f8nte nok ikke helt hvor farlig det faktisk var. Landet var preget av veldig mye vold og kriminalitet. Det tror jeg ikke vi tenkte over de f\u00f8rste gangene vi var der, sier Riseth.<\/p>\n<p>Riseth var rundt 33 \u00e5r da m\u00f8tet fant sted. \u00c5rene som utenriksreporter beskriver han som ei unik tid.<\/p>\n<p>\u2013 For meg var det dr\u00f8mmejobben for en journalist den gangen. Jeg dekket b\u00e5de orkanen Katrina og valget av Obama. De siste \u00e5rene dreide seg mye om politikk, og da var forholdet til Venezuela en av de tingene som var spesielt interessant, synes jeg.<\/p>\n<p>N\u00e5, nesten 20 \u00e5r senere, har kvinnen han intervjuet den gang f\u00e5tt verdens h\u00f8yeste fredsanerkjennelse. <\/p>\n<p>\u2013 Det var en overraskelse for meg ogs\u00e5, sier Riseth.<\/p>\n","protected":false},"excerpt":{"rendered":"VENEZUELA: Da den venezuelanske opposisjonspolitikeren Mar\u00eda Corina Machado fredag ble kunngjort som vinner av Nobels fredspris 2025, ble&hellip;\n","protected":false},"author":2,"featured_media":58851,"comment_status":"","ping_status":"","sticky":false,"template":"","format":"standard","meta":{"footnotes":""},"categories":[10],"tags":[36,20,21,24,25,7991,15,8713,22,23,8707,2898,13,30,8712,28,29,14,16,41,1510,26,27,95],"class_list":{"0":"post-58850","1":"post","2":"type-post","3":"status-publish","4":"format-standard","5":"has-post-thumbnail","7":"category-norge","8":"tag-art","9":"tag-breaking-news","10":"tag-breakingnews","11":"tag-featured-news","12":"tag-featurednews","13":"tag-fredsprisen","14":"tag-headlines","15":"tag-kim-riseth","16":"tag-latest-news","17":"tag-latestnews","18":"tag-maria-corina-machado","19":"tag-media","20":"tag-news","21":"tag-no","22":"tag-nobel","23":"tag-norge","24":"tag-norway","25":"tag-nyheter","26":"tag-overskrifter","27":"tag-politikk","28":"tag-story","29":"tag-top-stories","30":"tag-topstories","31":"tag-venezuela"},"share_on_mastodon":{"url":"","error":""},"_links":{"self":[{"href":"https:\/\/www.europesays.com\/no\/wp-json\/wp\/v2\/posts\/58850","targetHints":{"allow":["GET"]}}],"collection":[{"href":"https:\/\/www.europesays.com\/no\/wp-json\/wp\/v2\/posts"}],"about":[{"href":"https:\/\/www.europesays.com\/no\/wp-json\/wp\/v2\/types\/post"}],"author":[{"embeddable":true,"href":"https:\/\/www.europesays.com\/no\/wp-json\/wp\/v2\/users\/2"}],"replies":[{"embeddable":true,"href":"https:\/\/www.europesays.com\/no\/wp-json\/wp\/v2\/comments?post=58850"}],"version-history":[{"count":0,"href":"https:\/\/www.europesays.com\/no\/wp-json\/wp\/v2\/posts\/58850\/revisions"}],"wp:featuredmedia":[{"embeddable":true,"href":"https:\/\/www.europesays.com\/no\/wp-json\/wp\/v2\/media\/58851"}],"wp:attachment":[{"href":"https:\/\/www.europesays.com\/no\/wp-json\/wp\/v2\/media?parent=58850"}],"wp:term":[{"taxonomy":"category","embeddable":true,"href":"https:\/\/www.europesays.com\/no\/wp-json\/wp\/v2\/categories?post=58850"},{"taxonomy":"post_tag","embeddable":true,"href":"https:\/\/www.europesays.com\/no\/wp-json\/wp\/v2\/tags?post=58850"}],"curies":[{"name":"wp","href":"https:\/\/api.w.org\/{rel}","templated":true}]}}