{"id":58943,"date":"2025-10-12T19:33:10","date_gmt":"2025-10-12T19:33:10","guid":{"rendered":"https:\/\/www.europesays.com\/no\/58943\/"},"modified":"2025-10-12T19:33:10","modified_gmt":"2025-10-12T19:33:10","slug":"50-000-liter-ol-i-oslo","status":"publish","type":"post","link":"https:\/\/www.europesays.com\/no\/58943\/","title":{"rendered":"50 000 liter \u00f8l i Oslo"},"content":{"rendered":"<p class=\"kicker t20 bg-cyan color_mobile_bg-cyan text-black hasTextPadding mobile-hasTextPadding\" style=\"\">Oktoberfest<\/p>\n<p>  \u00d8lkrusene t\u00f8mmes, folk kler seg opp og arrang\u00f8rene jubler over billettstorm.<\/p>\n<p>\n    T\u00d8MMES I REKORDFART: Fra hovedstaden til Nordland og vestlandets regntunge bygate: Nordmenn str\u00f8mmer til teltene for \u00e5 sk\u00e5le i ekte tysk stil. Foto: Maryam Majd \/ Reuters \/ NTB\n  <\/p>\n<p>    Kort fortalt<\/p>\n<p lang=\"nb-NO\">Oktoberfesten er tilbake i Norge med stor suksess og tiltrekker seg titusenvis av bes\u00f8kende.<\/p>\n<p lang=\"nb-NO\">I Oslo forventes over 30 000 deltakere, og forh\u00e5ndssalget har v\u00e6rt rekordh\u00f8yt.<\/p>\n<p lang=\"nb-NO\">I Bod\u00f8 og Bergen er interessen ogs\u00e5 stor, med flere utsolgte dager og stor p\u00e5gang.<\/p>\n<p lang=\"nb-NO\">Tradisjonelle kostymer som lederhosen og dirndl er popul\u00e6re blant deltakerne.<\/p>\n<p class=\"italic ai-disclaimer\" data-lab-italic=\"italic\">Sammendraget er laget av ChatGPT og godkjent av DinSide.<\/p>\n<p>      Vis mer<br \/>\n      Vis mindre<\/p>\n<p> Det er den tida p\u00e5 \u00e5ret igjen \u2013 oktoberfesten er tilbake for fullt, og nordmenn er villige til \u00e5 g\u00e5 langt for \u00e5 f\u00e5 en smak av tysk feststemning.\u00a0<\/p>\n<p> Titusenvis av nordmenn samler seg under store teltduker med \u00e9n ting til felles: store \u00f8lkrus, tyrolerkjoler og lederhosen.<\/p>\n<p> I hovedstaden har festivalen f\u00e5tt en solid plass i festkalenderen, og det er lite som tyder p\u00e5 feststopp med det f\u00f8rste.\u00a0<\/p>\n<p> Heine Str\u00f8mme, markedsansvarlig for arrangementet i Oslo, forteller at de har arrangert festivalen siden 2006 \u2013 og p\u00e5 Youngstorget har festen eksplodert siden 2017. <\/p>\n<p>&#8211; Vi venter over 30 000 bes\u00f8kende i \u00e5r, sier han til DinSide. <\/p>\n<p>    <a itemprop=\"url\" href=\"https:\/\/dinside.dagbladet.no\/fritid\/burger-og-biff-blir-forbudt\/83696247\" rel=\"nofollow noopener\" target=\"_blank\"><\/p>\n<p>      <img loading=\"lazy\" decoding=\"async\" src=\"https:\/\/www.europesays.com\/no\/wp-content\/uploads\/2025\/10\/83696297.webp\" width=\"980\" height=\"441\" title=\"\u00abBurger\u00bb og \u00abbiff\u00bb blir forbudt\" alt=\"\" class=\"lazyload\" style=\"--aspect-ratio-image: 2.22; \"\/><\/p>\n<p>        \u00abBurger\u00bb og \u00abbiff\u00bb blir forbudt<\/p>\n<p>    <\/a><\/p>\n<p>Melder om rekord\t<\/p>\n<p>Oktoberfesten p\u00e5 Youngstorget g\u00e5r av stabelen over tre helger, og if\u00f8lge arrang\u00f8ren er det full kok fra f\u00f8rste kran\u00e5pning.<\/p>\n<p>&#8211;\u00a0Vi hadde \u00e5pningsdagen med nesten 2500 inne og rekordomsetning p\u00e5 en torsdag, opplyser Str\u00f8mme.<\/p>\n<p>Forh\u00e5ndssalget har ogs\u00e5 g\u00e5tt unna som varmt hvetebr\u00f8d.<\/p>\n<p>&#8211; I \u00e5r har vi solgt flere billetter enn noen sinne i forh\u00e5ndssalg, og merker en stor interesse, forteller arrang\u00f8ren.<\/p>\n<p>        NY TAPPEKRAN: Flere har slitt med tappekrana p\u00e5 pappvinen i sommer. Vi har f\u00e5tt en oppklaring p\u00e5 hvordan den skal brukes. Video: Embla Hjort-Larsen. <\/p>\n<p>50 000 liter \u00f8l\t<\/p>\n<p>Folk holder seg heller ikke til den billigste billetten.<\/p>\n<p>&#8211; Den dyreste pakka g\u00e5r godt. Men den inkluderer ogs\u00e5 middag, reservert bord og fem enheter per person, sier Str\u00f8mme.<\/p>\n<p>Bare i Oslo regner de med \u00e5 tappe over 50 000 liter \u00f8l. Men det stopper ikke der.<\/p>\n<p>&#8211; Vi regner med \u00e5 selge over 50 000 liter \u00f8l, i tillegg til vin og cider, forteller arrang\u00f8ren.<\/p>\n<p>If\u00f8lge han velger tre fjerdedeler av de bes\u00f8kende \u00e5 kle seg ut i tradisjonelle kostymer: dirndl og lederhosen. <\/p>\n<p>&#8211; Folk kan g\u00e5 kledd i hva de vil. Det blir litt som \u00e5 dra p\u00e5 karneval, det er g\u00f8yere om man kler seg opp, sier Str\u00f8mme.<\/p>\n<p>    <a itemprop=\"url\" href=\"https:\/\/dinside.dagbladet.no\/fritid\/advarer-barna-blir-syke\/83660406\" rel=\"nofollow noopener\" target=\"_blank\"><\/p>\n<p>      <img loading=\"lazy\" decoding=\"async\" src=\"https:\/\/www.europesays.com\/no\/wp-content\/uploads\/2025\/10\/1760297590_532_83667173.webp\" width=\"147\" height=\"98\" title=\"Advarer: - Barna blir syke\" alt=\"\" class=\"lazyload\" style=\"--aspect-ratio-image: 1.50; \"\/><\/p>\n<p>        Advarer: &#8211; Barna blir syke<\/p>\n<p>    <\/a><\/p>\n<p>&#8211; Stor p\u00e5gang\t<\/p>\n<p>Nordlendingene holder heller ikke tilbake.<\/p>\n<p>&#8211; P\u00e5gangen og interessen har v\u00e6rt stor. L\u00f8rdag er s\u00e5 og si utsolgt, sier \u00d8rjan Strand, som st\u00e5r bak oktoberfesten p\u00e5 R\u00e5dhusparken i Bod\u00f8, til DinSide.<\/p>\n<p>Strand forteller at den dyreste pakka deres er utsolgt l\u00f8rdag. Men hvor mange liter som kommer til \u00e5 g\u00e5 ned i \u00e5r, vil han ikke tippe p\u00e5 &#8211; enn\u00e5.<\/p>\n<p>&#8211; \u00d8lsalget er spennende, men jeg t\u00f8r ikke \u00e5 gi noen estimater riktig enda, sier arrang\u00f8ren.<\/p>\n<p>Det er imidlertid ikke bare \u00f8l som preger Bod\u00f8-festen. Ogs\u00e5 her har folk g\u00e5tt inn for \u00e5 se ut som tyske festhelter.<\/p>\n<p>&#8211; Folk kler seg etter tema, forteller Strand.<\/p>\n<p>    <a itemprop=\"url\" href=\"https:\/\/dinside.dagbladet.no\/reise\/frykter-kaos\/83689869\" rel=\"nofollow noopener\" target=\"_blank\"><\/p>\n<p>      <img loading=\"lazy\" decoding=\"async\" src=\"https:\/\/www.europesays.com\/no\/wp-content\/uploads\/2025\/10\/1760297590_441_83707387.webp\" width=\"147\" height=\"98\" title=\"Frykter kaos\" alt=\"\" class=\"lazyload\" style=\"--aspect-ratio-image: 1.50; \"\/><\/p>\n<p>        Frykter kaos<\/p>\n<p>    <\/a><\/p>\n<p>Utsolgt flere dager\t<\/p>\n<p>I Bergen er det debut\u00e5r for Beck Live, som arrangerer \u00e5rets store festlighet. Responsen har imidlertid allerede satt festivalen p\u00e5 kartet.\u00a0<\/p>\n<p>&#8211; P\u00e5gangen og interessen er stor. Det er utsolgt fem av ni dager. Vi ser at dette er et arrangement for folk i alle aldre, sier Mathias Buberg, pressekontakt i Beck Live \u2013 som st\u00e5r bak arrangementet i vest, til DinSide.<\/p>\n<p>Og tallene lover godt for framtida.<\/p>\n<p>&#8211; Vi forventer mellom 12 000 til 15 000, opplyser Buberg.<\/p>\n<p>Ogs\u00e5 her er det if\u00f8lge ham mange som kommer med lederhose og dirndl.\u00a0<\/p>\n<p>&#8211; Butikkene i Bergen melder om stor interesse for oktoberfest-kostyme i \u00e5r, forteller Buberg.<\/p>\n","protected":false},"excerpt":{"rendered":"Oktoberfest \u00d8lkrusene t\u00f8mmes, folk kler seg opp og arrang\u00f8rene jubler over billettstorm. T\u00d8MMES I REKORDFART: Fra hovedstaden til&hellip;\n","protected":false},"author":2,"featured_media":58944,"comment_status":"","ping_status":"","sticky":false,"template":"","format":"standard","meta":{"footnotes":""},"categories":[10],"tags":[20,21,24,25,728,15,22,23,13,30,28,29,14,6425,526,16,26,27],"class_list":{"0":"post-58943","1":"post","2":"type-post","3":"status-publish","4":"format-standard","5":"has-post-thumbnail","7":"category-norge","8":"tag-breaking-news","9":"tag-breakingnews","10":"tag-featured-news","11":"tag-featurednews","12":"tag-fritid","13":"tag-headlines","14":"tag-latest-news","15":"tag-latestnews","16":"tag-news","17":"tag-no","18":"tag-norge","19":"tag-norway","20":"tag-nyheter","21":"tag-oktoberfest","22":"tag-ol","23":"tag-overskrifter","24":"tag-top-stories","25":"tag-topstories"},"share_on_mastodon":{"url":"","error":""},"_links":{"self":[{"href":"https:\/\/www.europesays.com\/no\/wp-json\/wp\/v2\/posts\/58943","targetHints":{"allow":["GET"]}}],"collection":[{"href":"https:\/\/www.europesays.com\/no\/wp-json\/wp\/v2\/posts"}],"about":[{"href":"https:\/\/www.europesays.com\/no\/wp-json\/wp\/v2\/types\/post"}],"author":[{"embeddable":true,"href":"https:\/\/www.europesays.com\/no\/wp-json\/wp\/v2\/users\/2"}],"replies":[{"embeddable":true,"href":"https:\/\/www.europesays.com\/no\/wp-json\/wp\/v2\/comments?post=58943"}],"version-history":[{"count":0,"href":"https:\/\/www.europesays.com\/no\/wp-json\/wp\/v2\/posts\/58943\/revisions"}],"wp:featuredmedia":[{"embeddable":true,"href":"https:\/\/www.europesays.com\/no\/wp-json\/wp\/v2\/media\/58944"}],"wp:attachment":[{"href":"https:\/\/www.europesays.com\/no\/wp-json\/wp\/v2\/media?parent=58943"}],"wp:term":[{"taxonomy":"category","embeddable":true,"href":"https:\/\/www.europesays.com\/no\/wp-json\/wp\/v2\/categories?post=58943"},{"taxonomy":"post_tag","embeddable":true,"href":"https:\/\/www.europesays.com\/no\/wp-json\/wp\/v2\/tags?post=58943"}],"curies":[{"name":"wp","href":"https:\/\/api.w.org\/{rel}","templated":true}]}}