{"id":58964,"date":"2025-10-12T19:53:09","date_gmt":"2025-10-12T19:53:09","guid":{"rendered":"https:\/\/www.europesays.com\/no\/58964\/"},"modified":"2025-10-12T19:53:09","modified_gmt":"2025-10-12T19:53:09","slug":"blalys-honefoss-trafikkulykke-i-sentrum","status":"publish","type":"post","link":"https:\/\/www.europesays.com\/no\/58964\/","title":{"rendered":"Bl\u00e5lys, H\u00f8nefoss | Trafikkulykke i sentrum"},"content":{"rendered":"\n<p>Det skal ha skjedd en trafikkulykke p\u00e5 Holttangen.<\/p>\n<p>\u2013 Politiet er p\u00e5 stedet. En bil har kj\u00f8rt inn i en husvegg, informerer operasjonsleder Jan Kristian Johnsrud i politiet S\u00f8r-\u00d8st ved 20.38-tiden.<\/p>\n<p>Klokken 20.43 oppdaterer han med at det er en utestue som har blitt p\u00e5kj\u00f8rt.<\/p>\n<p>\u2013 Airbagene i bilen er utl\u00f8st, men det ser ikke ut som om at det er noen personskader i forbindelse med ulykken, forteller Johnsrud.<\/p>\n<p>Politiet besvarte ikke Ringerikes Blads henvendelser om hendelsen etter at n\u00f8detatene rykket ut.<\/p>\n<p>Tjue minutter senere er det klart at det hele dreier seg om en godt voksen kar som skulle flytte bilen sin, og kj\u00f8rte inn i uthuset p\u00e5 eiendommen.<\/p>\n<p>\u2013 N\u00f8detatene avslutter p\u00e5 stedet, og anser det som en forsikringssak, opplyser operasjonsleder Jan Kristian Johnsrud.<\/p>\n","protected":false},"excerpt":{"rendered":"Det skal ha skjedd en trafikkulykke p\u00e5 Holttangen. \u2013 Politiet er p\u00e5 stedet. En bil har kj\u00f8rt inn&hellip;\n","protected":false},"author":2,"featured_media":6127,"comment_status":"","ping_status":"","sticky":false,"template":"","format":"standard","meta":{"footnotes":""},"categories":[12],"tags":[36,2840,20,21,24,25,15,341,22,23,13,30,28,29,14,16,1510,26,27,51,42,43,44,45],"class_list":{"0":"post-58964","1":"post","2":"type-post","3":"status-publish","4":"format-standard","5":"has-post-thumbnail","7":"category-verden","8":"tag-art","9":"tag-blalys","10":"tag-breaking-news","11":"tag-breakingnews","12":"tag-featured-news","13":"tag-featurednews","14":"tag-headlines","15":"tag-honefoss","16":"tag-latest-news","17":"tag-latestnews","18":"tag-news","19":"tag-no","20":"tag-norge","21":"tag-norway","22":"tag-nyheter","23":"tag-overskrifter","24":"tag-story","25":"tag-top-stories","26":"tag-topstories","27":"tag-ulykke","28":"tag-verden","29":"tag-world","30":"tag-world-news","31":"tag-worldnews"},"share_on_mastodon":{"url":"","error":""},"_links":{"self":[{"href":"https:\/\/www.europesays.com\/no\/wp-json\/wp\/v2\/posts\/58964","targetHints":{"allow":["GET"]}}],"collection":[{"href":"https:\/\/www.europesays.com\/no\/wp-json\/wp\/v2\/posts"}],"about":[{"href":"https:\/\/www.europesays.com\/no\/wp-json\/wp\/v2\/types\/post"}],"author":[{"embeddable":true,"href":"https:\/\/www.europesays.com\/no\/wp-json\/wp\/v2\/users\/2"}],"replies":[{"embeddable":true,"href":"https:\/\/www.europesays.com\/no\/wp-json\/wp\/v2\/comments?post=58964"}],"version-history":[{"count":0,"href":"https:\/\/www.europesays.com\/no\/wp-json\/wp\/v2\/posts\/58964\/revisions"}],"wp:featuredmedia":[{"embeddable":true,"href":"https:\/\/www.europesays.com\/no\/wp-json\/wp\/v2\/media\/6127"}],"wp:attachment":[{"href":"https:\/\/www.europesays.com\/no\/wp-json\/wp\/v2\/media?parent=58964"}],"wp:term":[{"taxonomy":"category","embeddable":true,"href":"https:\/\/www.europesays.com\/no\/wp-json\/wp\/v2\/categories?post=58964"},{"taxonomy":"post_tag","embeddable":true,"href":"https:\/\/www.europesays.com\/no\/wp-json\/wp\/v2\/tags?post=58964"}],"curies":[{"name":"wp","href":"https:\/\/api.w.org\/{rel}","templated":true}]}}