{"id":58967,"date":"2025-10-12T19:55:15","date_gmt":"2025-10-12T19:55:15","guid":{"rendered":"https:\/\/www.europesays.com\/no\/58967\/"},"modified":"2025-10-12T19:55:15","modified_gmt":"2025-10-12T19:55:15","slug":"to-av-tre-fiender-tiltalt","status":"publish","type":"post","link":"https:\/\/www.europesays.com\/no\/58967\/","title":{"rendered":"To av tre \u00abfiender\u00bb tiltalt"},"content":{"rendered":"<p>\u00abVi kan ikke vente lenger. Dette dreper b\u00e5de ryktet og troverdigheten v\u00e5r\u00bb.<\/p>\n<p>Det var blant det president Donald Trump skrev i et lengre innlegg p\u00e5 sitt sosiale medium Truth Social 20. september.\u00a0<\/p>\n<p>I innlegget, som var adressert til Trumps justisminister og statsadvokat Pam Bondi, ba Trump justisministeren om \u00e5 s\u00f8rge for rettslige steg mot tre av hans st\u00f8rste politiske motstandere.\u00a0<\/p>\n<p>Mindre enn tre uker seinere er to av tre tiltalt.\u00a0\u00a0<\/p>\n<p>    <a itemprop=\"url\" href=\"https:\/\/www.dagbladet.no\/nyheter\/til-aere-for-deg\/83709451\" rel=\"nofollow noopener\" target=\"_blank\"><\/p>\n<p>      <img loading=\"lazy\" decoding=\"async\" src=\"https:\/\/www.europesays.com\/no\/wp-content\/uploads\/2025\/10\/1760298910_785_83709456.webp\" width=\"980\" height=\"441\" title=\"\u00abTil \u00e6re for deg\u00bb\" alt=\"\" class=\"lazyload\" style=\"--aspect-ratio-image: 2.22; \"\/><\/p>\n<p>        \u00abTil \u00e6re for deg\u00bb<\/p>\n<p>    <\/a><\/p>\n<p>\u00abBare ord, ingen handling\u00bb\u00a0 \u00a0\u00a0\t<\/p>\n<p>I det lange innlegget adresserte Trump justisminister Pam Bondi direkte.\u00a0\u00a0<\/p>\n<p>\u00abPam: B\u00e5de direkte og p\u00e5 meldinger har jeg n\u00e5 over 30 ganger i bunn og grunn f\u00e5tt h\u00f8re det samme: \u00abDette er det samme, gamle som sist. Det er bare ord, ingen handling. Ingenting blir gjort. Hva med Comey, Adam \u00abShifty\u00bb Schiff, Leticia??? De er skyldig som som bare helvete, men ingenting kommer til \u00e5 bli gjort.\u00bb\u00bb<\/p>\n<p>        STIKK: 800 amerikanske generaler ble hasteinkalt fra hele verden til et sjeldent m\u00f8te. USAs president, Donald Trump brukte tid av talen sin p\u00e5 \u00e5 gi stikk mot tidligere presidenter. Video: AP \/ X. Reporter: Nicolai Alcaniz.<\/p>\n<p>Trump snakker her om tidligere FBI-direkt\u00f8r James Comey, den demokratiske California-senatoren Adam Schiff og statsadvokat i delstaten New York, Letitia James, som hun faktisk heter.\u00a0\u00a0<\/p>\n<p>De tre er av ulike grunner forhatte av Trump, av \u00e5rsaker som g\u00e5r tilbake til tida f\u00f8r han igjen ble USAs president:<\/p>\n<p>        <img loading=\"lazy\" decoding=\"async\" itemprop=\"image\" src=\"https:\/\/www.europesays.com\/no\/wp-content\/uploads\/2025\/10\/83710039.webp\" width=\"180\" height=\"180\" alt=\"James Comey\"\/><\/p>\n<p>            James Comey<br \/>\n            James<br \/>\n            Comey        <\/p>\n<p>Tidligere leder av FBI<\/p>\n<ul>\n<li class=\"lab-bodytext-line\">James Comey var leder av FBI da de etterforsket anklager om at det hadde v\u00e6rt kontakt mellom Russland og Trump-leiren under presidentvalget i 2016.\u00a0 Comey har siden v\u00e6rt \u00e9n av dem Trump har uttalt seg mest kritisk om. <\/li>\n<\/ul>\n<p>        <img loading=\"lazy\" decoding=\"async\" itemprop=\"image\" src=\"https:\/\/www.europesays.com\/no\/wp-content\/uploads\/2025\/10\/83710037.webp\" width=\"180\" height=\"180\" alt=\"Adam Schiff\"\/><\/p>\n<p>            Adam Schiff<br \/>\n            Adam<br \/>\n            Schiff        <\/p>\n<p>Senator fra California<\/p>\n<ul>\n<li class=\"lab-bodytext-line\">Den demokratiske senatoren Adam Schiff ledet den f\u00f8rste riksrettssaken mot Trump. Dette har Trump uttalt at Schiff \u00abikke har betalt prisen for\u00bb. Trump har ogs\u00e5 gjentatte ganger\u00a0<a href=\"https:\/\/www.dagbladet.no\/nyheter\/radikale-venstrevridde-galninger\/82075046\" rel=\"nofollow noopener\" target=\"_blank\">omtalt Schiff som \u00abden indre fienden\u00bb<\/a>.<\/li>\n<\/ul>\n<p>        <img loading=\"lazy\" decoding=\"async\" itemprop=\"image\" src=\"https:\/\/www.europesays.com\/no\/wp-content\/uploads\/2025\/10\/83710038.webp\" width=\"180\" height=\"180\" alt=\"Letitia James\"\/><\/p>\n<p>            Letitia James<br \/>\n            Letitia<br \/>\n            James        <\/p>\n<p>News Yorks statsadvokat<\/p>\n<ul>\n<li class=\"lab-bodytext-line\">Demokrat og statsadvokat i New York, Letitia James, ledet den sivile straffesaken der Trump og\u00a0hans selskap, The Trump Organization, ble d\u00f8mt for omfattende \u00f8konomisk svindel ved \u00e5 overdrive verdien p\u00e5 eiendeler og gi falsk informasjon til banker og forsikringsselskaper. <\/li>\n<\/ul>\n<p>Tiltalt kort tid etter\t<\/p>\n<p>I meldingen p\u00e5 Truth Social g\u00e5r Trump deretter over til \u00e5 snakke om\u00a0Eric Siebert, som fra Trumps innsettelse og <a href=\"https:\/\/www.dagbladet.no\/nyheter\/rettsstaten-i-usa-lever-farlig\/83645994\" rel=\"nofollow noopener\" target=\"_blank\">inntil nylig var statsadvokat i Virginias \u00f8stlige distrikt.\u00a0<\/a><\/p>\n<p>I slutten av september trakk Siebert seg fra stillingen\u00a0etter \u00e5 ha uttrykt skepsis til om sakene mot b\u00e5de James Comey og Letitia James var sterke nok.\u00a0\u00a0<\/p>\n<p>At\u00a0Siebert betvilte sakene, fikk Trump til \u00e5 rase.\u00a0<\/p>\n<p>&#8211; Han l\u00f8y til og med til mediene da han sa at han sluttet i jobben og at vi ikke har noen sak. Nei, jeg sparket ham og det er en BRA SAK og det sier ogs\u00e5 mange advokater og rettseksperter.\u00a0 \u00a0<\/p>\n<p>        \u00abMEDBEDS\u00bb: USAs president Donald Trump delte en falsk KI-video om UFO-teknologi, s\u00e5 slettet han den. Video: X @realDonaldTrump. Reporter: Vegard Kr\u00fcger<\/p>\n<p>I meldingen gikk Trump deretter over til \u00e5 snakke om sin n\u00e6re allierte og tidligere personlige advokat, Lindsey Halligan. Hun har ikke erfaring som\u00a0aktor, men hadde dagen f\u00f8r Trumps innlegg blitt nominert av presidenten som midlertidig etterf\u00f8lger av Siebert til rollen som statsadvokat i Virginias \u00f8stlige distrikt.\u00a0\u00a0<\/p>\n<p>&#8211; Lindsey Halligan er en veldig god advokat, og hun liker deg, hun liker deg godt, skrev Trump i meldingen til justisministeren.\u00a0<\/p>\n<p>&#8211; Vi kan ikke utsette dette lenger. Det dreper ryktet og troverdigheten v\u00e5r. De stilte meg for riksrett to ganger og tiltalte med (5 ganger!) OVER INGENTING. RETTFERDIGHET M\u00c5 SKJE,\u00a0 N\u00c5!!! avsluttet Trump innlegget med.\u00a0<\/p>\n<p>    <a itemprop=\"url\" href=\"https:\/\/www.dagbladet.no\/nyheter\/rettsstaten-i-usa-lever-farlig\/83645994\" rel=\"nofollow noopener\" target=\"_blank\"><\/p>\n<p>      <img loading=\"lazy\" decoding=\"async\" src=\"https:\/\/www.europesays.com\/no\/wp-content\/uploads\/2025\/10\/83646829.webp\" width=\"980\" height=\"441\" title=\"- Rettsstaten i USA lever farlig\" alt=\"\" class=\"lazyload\" style=\"--aspect-ratio-image: 2.22; \"\/><\/p>\n<p>        &#8211; Rettsstaten i USA lever farlig<\/p>\n<p>    <\/a><\/p>\n<p>To av tre tiltalt\t<\/p>\n<p>F\u00e5 dager etter Trumps melding til justisministeren<a href=\"https:\/\/www.dagbladet.no\/nyheter\/rettsstaten-i-usa-lever-farlig\/83645994\" style=\"font-size: 18px; font-weight: 400; font-family: Roboto, helvetica, arial, sans-serif;\" rel=\"nofollow noopener\" target=\"_blank\">\u00a0ble tidligere FBI-direkt\u00f8r James Comey tiltalt\u00a0<\/a>for \u00e5 ha avgitt falsk forklaring og for \u00e5 ha hindret en p\u00e5g\u00e5ende etterforskning, helt i tr\u00e5d med Trumps \u00f8nske.<\/p>\n<p> &#8211; Hjertet mitt er knust for justisdepartementet, men jeg har stor tiltro til rettssystemet, og jeg er uskyldig, sa\u00a0Comey\u00a0i en video i sosiale medier kort tid etter at tiltalen ble kjent.\u00a0<\/p>\n<p> Den norske USA-eksperten Hilmar Mjelde, professor i statsvitenskap ved H\u00f8gskulen p\u00e5 Vestlandet, uttalte til Dagbladet at han mener tiltalen var motivert av hevn. <\/p>\n<p> &#8211; Alle Trumps politiske motstandere og kritikere kan risikere brysomme og \u00f8konomisk kostbare etterforskninger av seg. Rettsstaten i USA lever farlig n\u00e5, sa Mjelde til Dagbladet. <\/p>\n<p>    <a itemprop=\"url\" href=\"https:\/\/www.dagbladet.no\/nyheter\/ny-han\/83642309\" rel=\"nofollow noopener\" target=\"_blank\"><\/p>\n<p>      <img loading=\"lazy\" decoding=\"async\" src=\"https:\/\/www.europesays.com\/no\/wp-content\/uploads\/2025\/10\/83642373.webp\" width=\"980\" height=\"441\" title=\"Ny h\u00e5n\" alt=\"\" class=\"lazyload\" style=\"--aspect-ratio-image: 2.22; \"\/><\/p>\n<p>        Ny h\u00e5n<\/p>\n<p>    <\/a><\/p>\n<p>&#8211; Har full st\u00f8tte\t<\/p>\n<p>Torsdag denne uken, mindre enn tre uker seinere, tiltalte Halligan ogs\u00e5 statsavokat Letitia James for \u00e5 ha beg\u00e5tt\u00a0boligl\u00e5nsbedrageri.\u00a0<\/p>\n<p>James er siktet for banksvindel og for \u00e5 ha avgitt falske forklaringer til en finansinstitusjon. Anklagene gjelder James&#8217; eiendom med tre soverom i Norfolk, Virginia, som hun leide ut til en familie.\u00a0\u00a0<\/p>\n<p>Aktoratet hevder at James hadde sikret seg et boligl\u00e5n som gjorde eiendommen til sin sekund\u00e6rbolig for \u00e5 sikre seg et gunstig l\u00e5n. Hun risikerer som f\u00f8lge av dette 30 \u00e5r i fengsel og millionb\u00f8ter, if\u00f8lge Trumps h\u00e5ndplukkede statsadvokat Halligan.<\/p>\n<p>James har tidligere sagt at hun gjorde en feil da hun fylte ut papirene for eiendommen, og at dette ble rettet. Hun har kalt anklagene \u00abgrunnl\u00f8se\u00bb og har rettet seg direkte mot Trump.<\/p>\n<p>        JUBILEUM: Under Trumps tale under den amerikanske marinens 250-\u00e5rsjubileum skjer det noe som f\u00e5r publikum til \u00e5 reagere. Video: AP.<\/p>\n<p>&#8211; Han tvinger f\u00f8derale politimyndigheter til \u00e5 gj\u00f8re som han befaler, bare fordi jeg gjorde jobben min som statsadvokat i New York.<\/p>\n<p>I en uttalelse etter tiltalen sier Justisdepartementet at Lindsey Halligan har justisministerens fulle st\u00f8tte i \u00e5 g\u00e5 videre med tiltalene.\u00a0<\/p>\n<p>&#8211; Justisdepartementet st\u00e5r samlet som ett team i v\u00e5rt oppdrag med \u00e5 gj\u00f8re USA trygt igjen, og som tidligere nevnt har Lindsey Halligan full st\u00f8tte fra justisministeren, den nasjonale riksadvokaten og hele teamet i Justisdepartementet, sier en talsperson til <a href=\"https:\/\/abcnews.go.com\/US\/pam-bondi-doj-officials-caught-off-guard-tish\/story?id=126401855\" rel=\"nofollow noopener\" target=\"_blank\">ABC News<\/a>. <\/p>\n<p>    <a itemprop=\"url\" href=\"https:\/\/www.dagbladet.no\/nyheter\/da-blir-det-autoritaert\/83623613\" rel=\"nofollow noopener\" target=\"_blank\"><\/p>\n<p>      <img loading=\"lazy\" decoding=\"async\" src=\"https:\/\/www.europesays.com\/no\/wp-content\/uploads\/2025\/10\/83628970.webp\" width=\"980\" height=\"441\" title=\"- Det er farlig i USA\" alt=\"\" class=\"lazyload\" style=\"--aspect-ratio-image: 2.22; \"\/><\/p>\n<p>        &#8211; Det er farlig i USA<\/p>\n<p>    <\/a><\/p>\n<p>&#8211; En glipp\t<\/p>\n<p> Kilder tett p\u00e5 Trump har nylig hevdet at meldingen til Justisministeren var en glipp. Ikke budskapet, men at trusselen aldri var ment \u00e5 skulle deles offentlig.\u00a0<\/p>\n<p>Det er avisa <a href=\"https:\/\/www.wsj.com\/politics\/policy\/trump-doj-inside-political-enemies-17f13f72?gaa_at=eafs&amp;gaa_n=ASWzDAhImKKSgBJy6lQEFox5a9UFKXvPrlTVFnMemSXCsbZTohS8hNvKIzZH&amp;gaa_ts=68e8795f&amp;gaa_sig=llCk13Res-ncyopwmjeUWKTPPV1o-qkEGdeUnU4r6RjNTIt3KvwWibiK3FU4SvjJai0NiBMRWovwSk_XdCKkVA%3D%3D\" rel=\"nofollow noopener\" target=\"_blank\">The Wall Street Journal<\/a> som f\u00f8rst skrev dette, men ogs\u00e5 NBC News f\u00e5r dette bekreftet av kilder.\u00a0<\/p>\n<p>If\u00f8lge kildene ble Trump overrasket da han fikk h\u00f8re at han hadde lagt den ut p\u00e5 sin egen Truth Social-konto. Han skal likevel tilsynelatende ha tatt det hele med ro.\u00a0<\/p>\n<p>If\u00f8lge NBCs kilde reagerte Trump med \u00e5 si \u00ab\u00c5\u00bb, for deretter trekke p\u00e5 skuldrene.\u00a0<\/p>\n<p>Selv etter han delte innlegget har Trump benektet at han har presset justisdepartementet, som skal v\u00e6re et politisk uavhengig departement, til \u00e5 g\u00e5 etter motstanderne sine.<\/p>\n<p> \u00abDet handler om rettferdighet, ikke hevn\u00bb, sa Trump. \u00abDette er syke, radikale venstreorienterte. Det handler ogs\u00e5 om at man ikke kan la dette fortsette. De er syke, radikale venstreorienterte. Og de kan ikke slippe unna med det.\u00bb<\/p>\n","protected":false},"excerpt":{"rendered":"\u00abVi kan ikke vente lenger. Dette dreper b\u00e5de ryktet og troverdigheten v\u00e5r\u00bb. Det var blant det president Donald&hellip;\n","protected":false},"author":2,"featured_media":58968,"comment_status":"","ping_status":"","sticky":false,"template":"","format":"standard","meta":{"footnotes":""},"categories":[5],"tags":[8723,20,21,55,24,25,15,19,7225,22,23,17,18,13,30,28,29,14,16,4220,26,27,412],"class_list":{"0":"post-58967","1":"post","2":"type-post","3":"status-publish","4":"format-standard","5":"has-post-thumbnail","7":"category-overskrifter","8":"tag-adam-schiff","9":"tag-breaking-news","10":"tag-breakingnews","11":"tag-donald-trump","12":"tag-featured-news","13":"tag-featurednews","14":"tag-headlines","15":"tag-hovedoppslag","16":"tag-james-comey","17":"tag-latest-news","18":"tag-latestnews","19":"tag-main-news","20":"tag-mainnews","21":"tag-news","22":"tag-no","23":"tag-norge","24":"tag-norway","25":"tag-nyheter","26":"tag-overskrifter","27":"tag-pam-bondi","28":"tag-top-stories","29":"tag-topstories","30":"tag-utenriks"},"share_on_mastodon":{"url":"","error":""},"_links":{"self":[{"href":"https:\/\/www.europesays.com\/no\/wp-json\/wp\/v2\/posts\/58967","targetHints":{"allow":["GET"]}}],"collection":[{"href":"https:\/\/www.europesays.com\/no\/wp-json\/wp\/v2\/posts"}],"about":[{"href":"https:\/\/www.europesays.com\/no\/wp-json\/wp\/v2\/types\/post"}],"author":[{"embeddable":true,"href":"https:\/\/www.europesays.com\/no\/wp-json\/wp\/v2\/users\/2"}],"replies":[{"embeddable":true,"href":"https:\/\/www.europesays.com\/no\/wp-json\/wp\/v2\/comments?post=58967"}],"version-history":[{"count":0,"href":"https:\/\/www.europesays.com\/no\/wp-json\/wp\/v2\/posts\/58967\/revisions"}],"wp:featuredmedia":[{"embeddable":true,"href":"https:\/\/www.europesays.com\/no\/wp-json\/wp\/v2\/media\/58968"}],"wp:attachment":[{"href":"https:\/\/www.europesays.com\/no\/wp-json\/wp\/v2\/media?parent=58967"}],"wp:term":[{"taxonomy":"category","embeddable":true,"href":"https:\/\/www.europesays.com\/no\/wp-json\/wp\/v2\/categories?post=58967"},{"taxonomy":"post_tag","embeddable":true,"href":"https:\/\/www.europesays.com\/no\/wp-json\/wp\/v2\/tags?post=58967"}],"curies":[{"name":"wp","href":"https:\/\/api.w.org\/{rel}","templated":true}]}}