{"id":58972,"date":"2025-10-12T20:01:09","date_gmt":"2025-10-12T20:01:09","guid":{"rendered":"https:\/\/www.europesays.com\/no\/58972\/"},"modified":"2025-10-12T20:01:09","modified_gmt":"2025-10-12T20:01:09","slug":"regjeringen-oppnevner-utvalg-som-skal-gjennomga-studiefinansieringen","status":"publish","type":"post","link":"https:\/\/www.europesays.com\/no\/58972\/","title":{"rendered":"Regjeringen oppnevner utvalg som skal gjennomg\u00e5 studiefinansieringen"},"content":{"rendered":"\n<ul class=\"_list_o9xde_3 _list_64s2r_85 _unordered_o9xde_106 text-sans-m\">\n<li class=\"_item_o9xde_30\">Regjeringen setter ned et utvalg for \u00e5 gjennomg\u00e5 utdanningsst\u00f8tten.<\/li>\n<li class=\"_item_o9xde_30\">Norsk Studentorganisasjon mener utredningen er lenge etterlengtet.<\/li>\n<li class=\"_item_o9xde_30\">Antallet studenter er tredoblet siden 2000, og st\u00f8tten m\u00e5 tilpasses ulike studentgruppers behov.<\/li>\n<li class=\"_item_o9xde_30\">Forskning- og h\u00f8yere utdanningsminister Sigrun Aasland sier niv\u00e5et p\u00e5 studiest\u00f8tten er \u00f8kt, men at flere tiltak vurderes for \u00e5 hjelpe, spesielt med sosial mobilitet.<\/li>\n<\/ul>\n<p>Vis mer <\/p>\n<p class=\"_paragraph_o9xde_4 _paragraph_xtcu6_10 layout-component text-serif-m layout-normal text-serif-m layout-padded\">Regjeringen vil ha en helhetlig gjennomgang av utdanningsst\u00f8tten. I h\u00f8st blir et utvalg nedsatt som skal levere sine anbefalinger i 2027.<\/p>\n<p class=\"_paragraph_o9xde_4 _paragraph_xtcu6_10 layout-component text-serif-m layout-normal text-serif-m layout-padded\">\u2013 Dette har vi etterlyst lenge, sier leder for Norsk Studentorganisasjon Sigve N\u00e6ss R\u00f8tvold til VG.<\/p>\n<p class=\"_paragraph_o9xde_4 _paragraph_xtcu6_10 layout-component text-serif-m layout-normal text-serif-m layout-padded\">430 000 studenter og elever mottar st\u00f8tte fra <a href=\"https:\/\/www.vg.no\/tag\/laanekassen?utm_source=vg-article&amp;utm_medium=auto-tagger&amp;utm_campaign=qP2ezg\" class=\"_link_o9xde_39\" rel=\"nofollow noopener\" target=\"_blank\">L\u00e5nekassen<\/a> i 2024\u20132025. 43,5 milliarder kroner utbetales i l\u00e5n og stipendstipendEn form for \u00f8konomisk st\u00f8tte som ikke trenger \u00e5 betales tilbake, ofte gitt til studenter for \u00e5 hjelpe dem med \u00e5 dekke utdanningskostnader. dette studie\u00e5ret.<\/p>\n<p class=\"_paragraph_o9xde_4 _paragraph_xtcu6_10 layout-component text-serif-m layout-normal text-serif-m layout-padded\">\u2013 Jeg tror vi er for d\u00e5rlige til \u00e5 m\u00f8te bredden av studentgrupper. Stadig flere er voksne og har jobbet noen \u00e5r, sier forsknings- og h\u00f8yere utdanningsminister Sigrun Aasland (Ap) til VG.<\/p>\n<p class=\"_paragraph_o9xde_4 _paragraph_xtcu6_10 layout-component text-serif-m layout-normal text-serif-m layout-padded\">Da studiefinansiering sist ble utredet for 25 \u00e5r siden, sto hun p\u00e5 barrikadene for studentene.<\/p>\n<p class=\"_paragraph_o9xde_4 _paragraph_xtcu6_10 layout-component text-serif-m layout-normal text-serif-m layout-padded\">\u2013 Som dav\u00e6rende leder i Norsk Studentunion fulgte jeg prosessen tett. Det var veldig spennende og mange grep ble tatt. N\u00e5 er liksom ringen sluttet, sier Ap-statsr\u00e5den.<\/p>\n<p><img alt=\"Aasland i 1999, da hun ledet studentorganisasjonen.  Foto: Thomas Andreassen \/ VG\" class=\"_image_qp4xg_65 layout-component layout-normal\" data-fullscreen- data-track-element-type=\"Article image fullscreen\" data-track-name=\"ImageFullscreen\" decoding=\"async\" loading=\"lazy\" height=\"2068\" itemprop=\"image\"  src=\"https:\/\/www.europesays.com\/no\/wp-content\/uploads\/2025\/10\/58ce6d1e-1292-465e-b031-1597f53b9f4c\"  style=\"object-position:0% 0%\" width=\"3072\"\/>Aasland i 1999, da hun ledet studentorganisasjonen.  Foto: Thomas Andreassen \/ VG<\/p>\n<p class=\"_paragraph_o9xde_4 _paragraph_xtcu6_10 layout-component text-serif-m layout-normal text-serif-m layout-padded\">Aasland p\u00e5peker at hovedtrekkene i ordningene for studiel\u00e5n og stipend har best\u00e5tt gjennom ti\u00e5r der studentene og arbeidslivets behov har endret seg mye:<\/p>\n<ul class=\"_list_o9xde_3 _list_xtcu6_9 _unordered_o9xde_106 layout-component text-serif-m layout-normal text-serif-m layout-padded\">\n<li class=\"_item_o9xde_30\">Siden 2000 har antall studenter ved universiteter og h\u00f8yskoler \u00f8kt fra 100.000 til 300.000. Antallet som bruker L\u00e5nekassen, har \u00f8kt fra om lag 700 000 til 1,2 millioner i dag.<\/li>\n<li class=\"_item_o9xde_30\">Studentene er blitt en mer sammensatt gruppe: Flere vil studere deltid, flere studerer lenger og senere i livet, flere vil kombinere studier med jobb.<\/li>\n<li class=\"_item_o9xde_30\">Vi vet ikke nok om utdanningsst\u00f8tten bidrar til like muligheter for utdanning eller er med p\u00e5 \u00e5 l\u00f8se utfordringene med mangel p\u00e5 arbeidskraft og kompetanse.<\/li>\n<\/ul>\n<p><img alt=\"Ni av ti studerer p\u00e5 heltid, if\u00f8lge L\u00e5nekassen.  Foto: Gisle Oddstad \/ VG\" class=\"_image_qp4xg_65 layout-component layout-normal\" data-fullscreen- data-track-element-type=\"Article image fullscreen\" data-track-name=\"ImageFullscreen\" decoding=\"async\" loading=\"lazy\" height=\"5368\" itemprop=\"image\"  src=\"https:\/\/www.europesays.com\/no\/wp-content\/uploads\/2025\/10\/ea59a48d-6a30-4af9-98f1-547d4663b0dc\"  style=\"object-position:0% 0%\" width=\"7819\"\/>Ni av ti studerer p\u00e5 heltid, if\u00f8lge L\u00e5nekassen.  Foto: Gisle Oddstad \/ VG<\/p>\n<p class=\"_paragraph_o9xde_4 _paragraph_xtcu6_10 layout-component text-serif-m layout-normal text-serif-m layout-padded\">Statsr\u00e5den sier at veksten i unge studenter kommer til \u00e5 flate ut mot 2030.<\/p>\n<p class=\"_paragraph_o9xde_4 _paragraph_xtcu6_10 layout-component text-serif-m layout-normal text-serif-m layout-padded\">\u2013 Samtidig kommer vi til \u00e5 f\u00e5 st\u00f8rre behov for p\u00e5fyll av kunnskap gjennom livet. 70 prosent av de som i dag g\u00e5r i fagskolene, er voksne som er i jobb, som gjerne har familie og husl\u00e5n.<\/p>\n<p class=\"_paragraph_o9xde_4 _paragraph_xtcu6_10 layout-component text-serif-m layout-normal text-serif-m layout-padded\">Aasland tror de har behov for helt andre ordninger enn st\u00f8tte til livsopphold.<\/p>\n<p class=\"_paragraph_o9xde_4 _paragraph_xtcu6_10 layout-component text-serif-m layout-normal text-serif-m layout-padded\">\u2013 Eksempelvis muligheten til \u00e5 jobbe noe redusert. Der kommer vi til kort i dag.<\/p>\n<p class=\"_paragraph_o9xde_4 _paragraph_xtcu6_10 layout-component text-serif-m layout-normal text-serif-m layout-padded\">Aasland p\u00e5peker at niv\u00e5et p\u00e5 studiest\u00f8tten er \u00f8kt de siste \u00e5rene, slik at heltidsstudenten skal f\u00e5 tilstrekkelig rom til \u00e5 lese p\u00e5 heltid.<\/p>\n<p class=\"_paragraph_o9xde_4 _paragraph_xtcu6_10 layout-component text-serif-m layout-normal text-serif-m layout-padded\">\u2013 Alle studenter vil m\u00e5tte jobbe ved siden av studiene. Slik vil det v\u00e6re i fremtiden ogs\u00e5. Men det er viktig \u00e5 fortsette \u00e5 forbedre studentenes \u00f8konomi, slik at vi f\u00e5r bedre balanse mellom jobb og studier.<\/p>\n<p class=\"_paragraph_o9xde_4 _paragraph_xtcu6_10 layout-component text-serif-m layout-normal text-serif-m layout-padded\"><strong class=\"_strong_o9xde_25\">Karina (21) har fire jobber ved siden av studiet \u2013 se video: <\/strong><\/p>\n<p class=\"_paragraph_o9xde_4 _paragraph_xtcu6_10 layout-component text-serif-m layout-normal text-serif-m layout-padded\">Aasland sier at foreldres utdanningsniv\u00e5 og \u00f8konomi p\u00e5virker om barna tar h\u00f8yere utdanning.<\/p>\n<p class=\"_paragraph_o9xde_4 _paragraph_xtcu6_10 layout-component text-serif-m layout-normal text-serif-m layout-padded\">\u2013 Vi har fortsatt en stor jobb \u00e5 gj\u00f8re med sosial mobilitet. Det skal ikke v\u00e6re s\u00e5nn at alle blir akademikere. Men det skal heller ikke v\u00e6re s\u00e5nn at bare akademikernes barn blir akademikere.<\/p>\n<p class=\"_paragraph_o9xde_4 _paragraph_xtcu6_10 layout-component text-serif-m layout-normal text-serif-m layout-padded\">Hun tror informasjon og forutsigbarhet er viktig, dersom \u00abarverekken\u00bb skal brytes.<\/p>\n<p class=\"_paragraph_o9xde_4 _paragraph_xtcu6_10 layout-component text-serif-m layout-normal text-serif-m layout-padded\">\u2013 Vi m\u00e5 overbevise flere om at det er en god investering \u00e5 ta opp studiel\u00e5n. Vi m\u00e5 informere bedre hva du f\u00e5r av gjeld, i forhold til hvilken livsl\u00f8psinntekt du kan forvente. <\/p>\n<p class=\"_paragraph_o9xde_4 _paragraph_xtcu6_10 layout-component text-serif-m layout-normal text-serif-m layout-padded\">Statsr\u00e5den \u00f8nsker ogs\u00e5 at flere skal synes at det er gunstig \u00e5 f\u00e5 barn i studietiden.<\/p>\n<p class=\"_paragraph_o9xde_4 _paragraph_xtcu6_10 layout-component text-serif-m layout-normal text-serif-m layout-padded\">\u2013 Vi m\u00e5 se om vi kan ta grep, slik at unge stifter familie tidligere. Er svaret stipender, er det ettergivelse av gjeld eller utsettelse av tilbakebetaling, sp\u00f8r Aasland.<\/p>\n<p class=\"_paragraph_o9xde_4 _paragraph_xtcu6_10 layout-component text-serif-m layout-normal text-serif-m layout-padded\"><a href=\"https:\/\/www.vg.no\/nyheter\/i\/1MprbQ\/aftenposten-utvalg-vil-gi-ekstra-barnetrygd-til-foreldre-under-30-aar\" data-track-element-type=\"Link\" data-track-id=\"link:1MprbQ\" class=\"_link_o9xde_39\" rel=\"nofollow noopener\" target=\"_blank\">Det offentlige f\u00f8dselstallutvalget la frem<\/a> tre relevante forslag i v\u00e5r:<\/p>\n<ul class=\"_list_o9xde_3 _list_xtcu6_9 _unordered_o9xde_106 layout-component text-serif-m layout-normal text-serif-m layout-padded\">\n<li class=\"_item_o9xde_30\">Ekstra barnetrygd til foreldre under 30 \u00e5r<\/li>\n<li class=\"_item_o9xde_30\">\u00d8kning av foreldrestipendet p\u00e5 25.000 kroner <\/li>\n<li class=\"_item_o9xde_30\">Reduksjon av studiegjelden p\u00e5 25.000 kroner til foreldre under 30 \u00e5r som er i utdanning<\/li>\n<\/ul>\n<p><img alt=\"Foto: Gisle Oddstad \/ VG\" class=\"_image_qp4xg_65 layout-component layout-normal\" data-fullscreen- data-track-element-type=\"Article image fullscreen\" data-track-name=\"ImageFullscreen\" decoding=\"async\" loading=\"lazy\" height=\"4724\" itemprop=\"image\"  src=\"https:\/\/www.europesays.com\/no\/wp-content\/uploads\/2025\/10\/1516fc2d-605e-4814-b5de-43b7f74c6813\"  style=\"object-position:0% 0%\" width=\"6457\"\/>Foto: Gisle Oddstad \/ VG<\/p>\n<p class=\"_paragraph_o9xde_4 _paragraph_xtcu6_10 layout-component text-serif-m layout-normal text-serif-m layout-padded\">Studiest\u00f8tten brukes ogs\u00e5 til \u00e5 motivere til utdanning som samfunnet har stort behov for.<\/p>\n<p class=\"_paragraph_o9xde_4 _paragraph_xtcu6_10 layout-component text-serif-m layout-normal text-serif-m layout-padded\">\u2013 L\u00e6rere, for eksempel, f\u00e5r jo avskrevet mye studiel\u00e5n. B\u00f8r vi tenke mer systematisk p\u00e5 slike virkemidler, ogs\u00e5 for andre typer utdanning der vi mangler arbeidskraft, sp\u00f8r Aasland.<\/p>\n<p class=\"_paragraph_o9xde_4 _paragraph_xtcu6_10 layout-component text-serif-m layout-normal text-serif-m layout-padded\">Hun tror en oppdatert finansieringsordning som legger til rette for livslang l\u00e6ring, vil gi god kompetanse i arbeidslivet og sikre innovasjoninnovasjonUtvikling av nye ideer, produkter eller metoder som forbedrer eller fornyer eksisterende l\u00f8sninger. og omstilling.<\/p>\n<p class=\"_paragraph_o9xde_4 _paragraph_xtcu6_10 layout-component text-serif-m layout-normal text-serif-m layout-padded\">\u2013 Ser du for deg at utvalgsarbeidet vil resultere i at hele potten m\u00e5 \u00f8kes markant?<\/p>\n<p class=\"_paragraph_o9xde_4 _paragraph_xtcu6_10 layout-component text-serif-m layout-normal text-serif-m layout-padded\">\u2013 Utvalget skal f\u00f8rst og fremst se p\u00e5 innretningen. Studiest\u00f8tten har \u00f8kt mye de siste \u00e5rene, og det er Stortinget som m\u00e5 bestemme hva som skal v\u00e6re niv\u00e5et. <\/p>\n<p class=\"_paragraph_o9xde_4 _paragraph_xtcu6_10 layout-component text-serif-m layout-normal text-serif-m layout-padded\">\u2013 Kan det bli en omfordeling, fra de unge til voksne som studerer p\u00e5 si?<\/p>\n<p class=\"_paragraph_o9xde_4 _paragraph_xtcu6_10 layout-component text-serif-m layout-normal text-serif-m layout-padded\">\u2013 Heltidsstudenten skal ikke f\u00e5 d\u00e5rligere vilk\u00e5r, sier statsr\u00e5den.<\/p>\n<p class=\"_paragraph_o9xde_4 _paragraph_xtcu6_10 layout-component text-serif-m layout-normal text-serif-m layout-padded\">Regjeringen skal i denne stortingsperioden knytte studiest\u00f8tten til folketrygdens grunnbel\u00f8p, slik at studiel\u00e5net justeres i takt med prisveksten i samfunnet.<\/p>\n<p class=\"_paragraph_o9xde_4 _paragraph_xtcu6_10 layout-component text-serif-m layout-normal text-serif-m layout-padded\">\u2013 Det er allerede bestemt, men jeg kan ikke si n\u00e5r det kommer, sier Aasland.<\/p>\n<p>Studiest\u00f8tte<\/p>\n<ul class=\"_list_o9xde_3 _list_xtcu6_9 _list_16v91_9 _unordered_o9xde_106 layout-component text-serif-m layout-normal text-sans-m layout-padded\">\n<li class=\"_item_o9xde_30\">1,2 millioner nordmenn mottar studiest\u00f8tte eller betaler ned p\u00e5 studiel\u00e5net<\/li>\n<li class=\"_item_o9xde_30\">43,5 milliarder kroner blir utbetalt i studiest\u00f8tte i studie\u00e5ret 2024\u20132025<\/li>\n<li class=\"_item_o9xde_30\">Flest studenter i 20-\u00e5rene har st\u00f8tte fra L\u00e5nekassen<\/li>\n<li class=\"_item_o9xde_30\">Ni av ti studerer p\u00e5 fulltid<\/li>\n<li class=\"_item_o9xde_30\">F\u00e6rre studenter f\u00e5r barn enn for ti \u00e5r siden, men litt opp de siste \u00e5rene<\/li>\n<li class=\"_item_o9xde_30\">Flere studenter enn f\u00f8r har inntekt eller formue over grensene<\/li>\n<li class=\"_item_o9xde_30\">F\u00e6rre nordmenn studerer i utlandet. De fleste studerer i Europa, men f\u00e6rre drar til Storbritannia<\/li>\n<li class=\"_item_o9xde_30\">Flere har h\u00f8yere studiegjeld, f\u00e6rre har lavere<\/li>\n<li class=\"_item_o9xde_30\">Flere nyutdannede med over 1 million kroner i studiegjeld<\/li>\n<li class=\"_item_o9xde_30\">\u00c9n av fire utsetter betalingen<\/li>\n<li class=\"_item_o9xde_30\">F\u00e5 f\u00e5r varige betalingsproblemer<\/li>\n<\/ul>\n<p class=\"_paragraph_o9xde_4 _paragraph_xtcu6_10 _paragraph_16v91_10 layout-component text-serif-m layout-normal text-sans-m layout-padded\">Kilde: <a href=\"https:\/\/lanekassen.no\/nb-NO\/statistikk-og-analyse\/innsikt-og-analyse\/utdanningsstotten-2025\/\" class=\"_link_o9xde_39\" rel=\"nofollow noopener\" target=\"_blank\">L\u00e5nekassen<\/a><\/p>\n<p>Vis mer<\/p>\n<p class=\"_paragraph_o9xde_4 _paragraph_xtcu6_10 layout-component text-serif-m layout-normal text-serif-m layout-padded\">\u2013 Det er utrolig viktig at studiest\u00f8tteordningene skal gjennomg\u00e5s, for i dag treffer de ikke studentenes faktiske behov, sier leder i Norsk Studentorganisasjon Sigve N\u00e6ss R\u00f8tvold.<\/p>\n<p class=\"_paragraph_o9xde_4 _paragraph_xtcu6_10 layout-component text-serif-m layout-normal text-serif-m layout-padded\">Studentorganisasjonen har lenge ment at studiest\u00f8tten skal \u00f8kes og knyttes til 1,5 GGG er Folketrygdens grunnbel\u00f8p: En fastsatt sum som brukes som referanse for beregning av ulike trygdeytelser i Norge, og som justeres \u00e5rlig i takt med prisveksten..<\/p>\n<p class=\"_paragraph_o9xde_4 _paragraph_xtcu6_10 layout-component text-serif-m layout-normal text-serif-m layout-padded\">\u2013 Student\u00f8konomien er fortsatt for trang. St\u00f8tten har v\u00e6rt underregulert i mange \u00e5r. Vi m\u00e5 jobbe s\u00e5 mye at deltidsjobben g\u00e5r ut over studiene og egen psykisk helse, sier R\u00f8tvold.<\/p>\n<p><img decoding=\"async\" alt=\"Bilde av Sigve N\u00e6ss R\u00f8tvold\" class=\"_image_ygndg_42\" height=\"27\" itemprop=\"image\" loading=\"lazy\"  src=\"https:\/\/www.europesays.com\/no\/wp-content\/uploads\/2025\/10\/39307122-8d66-4881-a714-175fb59d8ab2\"  width=\"40\"\/><strong class=\"_name_ygndg_51 title-serif-xs\">Sigve N\u00e6ss R\u00f8tvold<\/strong><\/p>\n<p class=\"_paragraph_o9xde_4 text-sans-m _description_ygndg_56\">Leder Norsk Studentorganisasjon<\/p>\n<p class=\"_paragraph_o9xde_4 _paragraph_xtcu6_10 layout-component text-serif-m layout-normal text-serif-m layout-padded\">Han minner regjeringen om at Ap har lovet studentene \u00e5 knytte studiest\u00f8tten til folketrygdens grunnbel\u00f8p \u2013 og at f\u00f8rste mulighet er det kommende statsbudsjettet.<\/p>\n<p class=\"_paragraph_o9xde_4 _paragraph_xtcu6_10 layout-component text-serif-m layout-normal text-serif-m layout-padded\">\u2013 En gjennomgang av studiefinansieringen kan ikke bli en hvilepute som gj\u00f8r at satsingen p\u00e5 student\u00f8konomi stopper opp, sier studentlederen.<\/p>\n<p class=\"_paragraph_o9xde_4 _paragraph_xtcu6_10 layout-component text-serif-m layout-normal text-serif-m layout-padded\">Studentorganisasjonen forventer at utredningen sikrer tiltak som gj\u00f8r at det faktisk er lik rett og mulighet til \u00e5 ta h\u00f8yere utdanning. <\/p>\n<p class=\"_paragraph_o9xde_4 _paragraph_xtcu6_10 layout-component text-serif-m layout-normal text-serif-m layout-padded\">\u2013 Vi forventer ogs\u00e5 at vi som representerer studentene i Norge, f\u00e5r v\u00e6re med og utforme l\u00f8sninger for morgendagens studiest\u00f8tteordninger.<\/p>\n","protected":false},"excerpt":{"rendered":"Regjeringen setter ned et utvalg for \u00e5 gjennomg\u00e5 utdanningsst\u00f8tten. Norsk Studentorganisasjon mener utredningen er lenge etterlengtet. Antallet studenter&hellip;\n","protected":false},"author":2,"featured_media":58973,"comment_status":"","ping_status":"","sticky":false,"template":"","format":"standard","meta":{"footnotes":""},"categories":[10],"tags":[20,21,24,25,15,1205,22,23,13,30,28,29,14,16,3529,8726,26,27,132],"class_list":{"0":"post-58972","1":"post","2":"type-post","3":"status-publish","4":"format-standard","5":"has-post-thumbnail","7":"category-norge","8":"tag-breaking-news","9":"tag-breakingnews","10":"tag-featured-news","11":"tag-featurednews","12":"tag-headlines","13":"tag-lanekassen","14":"tag-latest-news","15":"tag-latestnews","16":"tag-news","17":"tag-no","18":"tag-norge","19":"tag-norway","20":"tag-nyheter","21":"tag-overskrifter","22":"tag-sigrun-aasland","23":"tag-studiefinansiering","24":"tag-top-stories","25":"tag-topstories","26":"tag-utdanning"},"share_on_mastodon":{"url":"","error":""},"_links":{"self":[{"href":"https:\/\/www.europesays.com\/no\/wp-json\/wp\/v2\/posts\/58972","targetHints":{"allow":["GET"]}}],"collection":[{"href":"https:\/\/www.europesays.com\/no\/wp-json\/wp\/v2\/posts"}],"about":[{"href":"https:\/\/www.europesays.com\/no\/wp-json\/wp\/v2\/types\/post"}],"author":[{"embeddable":true,"href":"https:\/\/www.europesays.com\/no\/wp-json\/wp\/v2\/users\/2"}],"replies":[{"embeddable":true,"href":"https:\/\/www.europesays.com\/no\/wp-json\/wp\/v2\/comments?post=58972"}],"version-history":[{"count":0,"href":"https:\/\/www.europesays.com\/no\/wp-json\/wp\/v2\/posts\/58972\/revisions"}],"wp:featuredmedia":[{"embeddable":true,"href":"https:\/\/www.europesays.com\/no\/wp-json\/wp\/v2\/media\/58973"}],"wp:attachment":[{"href":"https:\/\/www.europesays.com\/no\/wp-json\/wp\/v2\/media?parent=58972"}],"wp:term":[{"taxonomy":"category","embeddable":true,"href":"https:\/\/www.europesays.com\/no\/wp-json\/wp\/v2\/categories?post=58972"},{"taxonomy":"post_tag","embeddable":true,"href":"https:\/\/www.europesays.com\/no\/wp-json\/wp\/v2\/tags?post=58972"}],"curies":[{"name":"wp","href":"https:\/\/api.w.org\/{rel}","templated":true}]}}