{"id":58988,"date":"2025-10-12T20:42:10","date_gmt":"2025-10-12T20:42:10","guid":{"rendered":"https:\/\/www.europesays.com\/no\/58988\/"},"modified":"2025-10-12T20:42:10","modified_gmt":"2025-10-12T20:42:10","slug":"ulykker-stor-elvdal-sjafor-kritisk-skadd-etter-utforkjoring-floyet-med-luftambulanse-til-sykehus","status":"publish","type":"post","link":"https:\/\/www.europesays.com\/no\/58988\/","title":{"rendered":"Ulykker, Stor-Elvdal | Sj\u00e5f\u00f8r kritisk skadd etter utforkj\u00f8ring. Fl\u00f8yet med luftambulanse til sykehus"},"content":{"rendered":"\n<p>Rett over klokken 20 s\u00f8ndag kveld, fikk politiet melding om en trafikkulykke.\u00a0<\/p>\n<p>Store materielle skader<\/p>\n<p>En bilist hadde kj\u00f8rt av vegen, og krasjet med et tre. Bilen hadde store materielle skader.<\/p>\n<p>Utforkj\u00f8ring skjedde p\u00e5 fylkesveg 30 p\u00e5 Koppang, rett \u00f8st for Sundfloen bru.\u00a0<\/p>\n<p>\u2013 Enslig bil har kj\u00f8rt ut av vegen. Ukjent skadegrad, sa operasjonsleder P\u00e5l Gjestvang.\u00a0<\/p>\n<p>Brannvesenet var raskt p\u00e5 ulykkesstedet.\u00a0<\/p>\n<p>Klokken 21 meldte politiet at de er p\u00e5 stedet.\u00a0<\/p>\n<p>\u2013 F\u00f8rer av bilen behandles av luftambulanse p\u00e5 stedet.\u00a0<\/p>\n<p>Kritisk skadd<\/p>\n<p>Operasjonsleder Gjestvang sier at politipatruljen akkurat har ankommet stedet, og f\u00e5r oversikt over situasjonen.\u00a0<\/p>\n<p>\u2013 V\u00e5r tilbakemelding er at luftambulansen fortsatt jobber med pasienten. Etter det vi har h\u00f8rt, skal det bare ha v\u00e6rt sj\u00e5f\u00f8ren i bilen, sa Gjestvang til \u00d8stlendingen.\u00a0<\/p>\n<p>Klokken 21.21 melder politiet at f\u00f8reren av bilen er kritisk skadd og blir tatt med til Ullev\u00e5l sykehus med luftambulansen.\u00a0<\/p>\n<p>   <img decoding=\"async\" width=\"1920\" height=\"1440\" fetchpriority=\"low\"  loading=\"lazy\"  src=\"https:\/\/www.europesays.com\/no\/wp-content\/uploads\/2025\/10\/Ulykke3%281%29EDIT.jpg\" alt=\"\" class=\"brick-c-cFOWSL\" style=\"--brick-image-ratio: 1920 \/ 1440;\"\/><\/p>\n<p>    KRITISK SKADD: Utforkj\u00f8ringen endte i et tre, og bilen fikk store materielle skader.<br \/>\n    Foto: Vegard Sandberg\n  <\/p>\n<p>  <a href=\"https:\/\/www.ostlendingen.no\/80-69-119814\" class=\"related-teaser default-story-teaser article--c-eRUmMG article--c-eRUmMG-jKCPdD-design-default article--c-eRUmMG-kpKLOW-cv\" rel=\"nofollow noopener\" target=\"_blank\"><\/p>\n<p>\n            Les ogs\u00e5<\/p>\n<p>              Mann l\u00e5 p\u00e5 bilpanser og pr\u00f8vde \u00e5 sl\u00e5 hull p\u00e5 frontruter\n        <\/p>\n<p>  <\/a><\/p>\n<p>  <a href=\"https:\/\/www.ostlendingen.no\/80-69-119700\" class=\"related-teaser has-image default-story-teaser article--c-eRUmMG article--c-eRUmMG-jKCPdD-design-default\" rel=\"nofollow noopener\" target=\"_blank\"><\/p>\n<p>    <img decoding=\"async\" loading=\"lazy\"  src=\"https:\/\/www.europesays.com\/no\/wp-content\/uploads\/2025\/10\/1760301730_960_Elsparkesykler+BLURRED.jpg\" alt=\"\" class=\"brick-c-cFOWSL\" style=\"\"\/><\/p>\n<p>\n            Les ogs\u00e5<\/p>\n<p>              Mor og s\u00f8nn hardt skadd etter ulykke p\u00e5 elsparkesykkel\n        <\/p>\n<p>  <\/a><\/p>\n<p>  <a href=\"https:\/\/www.ostlendingen.no\/80-69-119715\" class=\"related-teaser default-story-teaser article--c-eRUmMG article--c-eRUmMG-jKCPdD-design-default article--c-eRUmMG-kpKLOW-cv\" rel=\"nofollow noopener\" target=\"_blank\"><\/p>\n<p>\n            Les ogs\u00e5<\/p>\n<p>              Nektet \u00e5 avgi pr\u00f8ver til politiet: Ble lagt i jern\n        <\/p>\n<p>  <\/a><\/p>\n","protected":false},"excerpt":{"rendered":"Rett over klokken 20 s\u00f8ndag kveld, fikk politiet melding om en trafikkulykke.\u00a0 Store materielle skader En bilist hadde&hellip;\n","protected":false},"author":2,"featured_media":58989,"comment_status":"","ping_status":"","sticky":false,"template":"","format":"standard","meta":{"footnotes":""},"categories":[12],"tags":[36,20,21,24,25,15,22,23,13,30,28,29,14,16,7555,1510,26,27,1204,42,43,44,45],"class_list":{"0":"post-58988","1":"post","2":"type-post","3":"status-publish","4":"format-standard","5":"has-post-thumbnail","7":"category-verden","8":"tag-art","9":"tag-breaking-news","10":"tag-breakingnews","11":"tag-featured-news","12":"tag-featurednews","13":"tag-headlines","14":"tag-latest-news","15":"tag-latestnews","16":"tag-news","17":"tag-no","18":"tag-norge","19":"tag-norway","20":"tag-nyheter","21":"tag-overskrifter","22":"tag-stor-elvdal","23":"tag-story","24":"tag-top-stories","25":"tag-topstories","26":"tag-ulykker","27":"tag-verden","28":"tag-world","29":"tag-world-news","30":"tag-worldnews"},"share_on_mastodon":{"url":"","error":""},"_links":{"self":[{"href":"https:\/\/www.europesays.com\/no\/wp-json\/wp\/v2\/posts\/58988","targetHints":{"allow":["GET"]}}],"collection":[{"href":"https:\/\/www.europesays.com\/no\/wp-json\/wp\/v2\/posts"}],"about":[{"href":"https:\/\/www.europesays.com\/no\/wp-json\/wp\/v2\/types\/post"}],"author":[{"embeddable":true,"href":"https:\/\/www.europesays.com\/no\/wp-json\/wp\/v2\/users\/2"}],"replies":[{"embeddable":true,"href":"https:\/\/www.europesays.com\/no\/wp-json\/wp\/v2\/comments?post=58988"}],"version-history":[{"count":0,"href":"https:\/\/www.europesays.com\/no\/wp-json\/wp\/v2\/posts\/58988\/revisions"}],"wp:featuredmedia":[{"embeddable":true,"href":"https:\/\/www.europesays.com\/no\/wp-json\/wp\/v2\/media\/58989"}],"wp:attachment":[{"href":"https:\/\/www.europesays.com\/no\/wp-json\/wp\/v2\/media?parent=58988"}],"wp:term":[{"taxonomy":"category","embeddable":true,"href":"https:\/\/www.europesays.com\/no\/wp-json\/wp\/v2\/categories?post=58988"},{"taxonomy":"post_tag","embeddable":true,"href":"https:\/\/www.europesays.com\/no\/wp-json\/wp\/v2\/tags?post=58988"}],"curies":[{"name":"wp","href":"https:\/\/api.w.org\/{rel}","templated":true}]}}