{"id":59028,"date":"2025-10-12T22:14:09","date_gmt":"2025-10-12T22:14:09","guid":{"rendered":"https:\/\/www.europesays.com\/no\/59028\/"},"modified":"2025-10-12T22:14:09","modified_gmt":"2025-10-12T22:14:09","slug":"nyheter-vaer-nordlys-i-bergen-akkurat-na-er-vi-heldige","status":"publish","type":"post","link":"https:\/\/www.europesays.com\/no\/59028\/","title":{"rendered":"Nyheter, V\u00e6r | Nordlys i Bergen: \u2013 Akkurat n\u00e5 er vi heldige"},"content":{"rendered":"\n<p>S\u00f8ndag kveld har BA f\u00e5tt tips om nordlys i Bergen.<\/p>\n<p>\u2013 Ja, det stemmer, sier Steinar Skare.<\/p>\n<p>Han er statsmeteorolog ved V\u00e6rvarslinga p\u00e5 Vestlandet.<\/p>\n<p>\u2013 Akkurat n\u00e5 er vi heldige. Det trekker inn mer skyer om ikke altfor lenge, s\u00e5 snart blir det ganske overskyet, sier han.<\/p>\n<p>\u2013 Skal du f\u00e5 det med deg, m\u00e5 du komme deg ut av huset med \u00e9n gang.<\/p>\n<p>Bergen er for \u00f8vrig ikke det eneste stedet du kan f\u00e5 et glimt av nordlyset i kveld.<\/p>\n<p>Ogs\u00e5 i \u00c6nes, langt ute i Hardangerfjorden, er nordlyset synlig.<\/p>\n<p>Yr.no har faktisk publisert et bilde av dette p\u00e5 nett.<\/p>\n<p>   <img decoding=\"async\" width=\"2000\" height=\"1333\" fetchpriority=\"low\"  loading=\"lazy\"  src=\"https:\/\/www.europesays.com\/no\/wp-content\/uploads\/2025\/10\/2.jpg\" alt=\"\" class=\"brick-c-cFOWSL\" style=\"--brick-image-ratio: 2000 \/ 1333;\"\/><\/p>\n<p>    Her er det ogs\u00e5 nordlys.<br \/>\n    Foto: Nettkamera fra Norsk Luftambulanse\n  <\/p>\n","protected":false},"excerpt":{"rendered":"S\u00f8ndag kveld har BA f\u00e5tt tips om nordlys i Bergen. \u2013 Ja, det stemmer, sier Steinar Skare. Han&hellip;\n","protected":false},"author":2,"featured_media":59029,"comment_status":"","ping_status":"","sticky":false,"template":"","format":"standard","meta":{"footnotes":""},"categories":[10],"tags":[36,444,20,21,24,25,15,22,23,4615,13,30,2333,28,29,14,16,1510,26,27,553],"class_list":{"0":"post-59028","1":"post","2":"type-post","3":"status-publish","4":"format-standard","5":"has-post-thumbnail","7":"category-norge","8":"tag-art","9":"tag-bergen","10":"tag-breaking-news","11":"tag-breakingnews","12":"tag-featured-news","13":"tag-featurednews","14":"tag-headlines","15":"tag-latest-news","16":"tag-latestnews","17":"tag-meteorologen","18":"tag-news","19":"tag-no","20":"tag-nordlys","21":"tag-norge","22":"tag-norway","23":"tag-nyheter","24":"tag-overskrifter","25":"tag-story","26":"tag-top-stories","27":"tag-topstories","28":"tag-vaer"},"share_on_mastodon":{"url":"","error":""},"_links":{"self":[{"href":"https:\/\/www.europesays.com\/no\/wp-json\/wp\/v2\/posts\/59028","targetHints":{"allow":["GET"]}}],"collection":[{"href":"https:\/\/www.europesays.com\/no\/wp-json\/wp\/v2\/posts"}],"about":[{"href":"https:\/\/www.europesays.com\/no\/wp-json\/wp\/v2\/types\/post"}],"author":[{"embeddable":true,"href":"https:\/\/www.europesays.com\/no\/wp-json\/wp\/v2\/users\/2"}],"replies":[{"embeddable":true,"href":"https:\/\/www.europesays.com\/no\/wp-json\/wp\/v2\/comments?post=59028"}],"version-history":[{"count":0,"href":"https:\/\/www.europesays.com\/no\/wp-json\/wp\/v2\/posts\/59028\/revisions"}],"wp:featuredmedia":[{"embeddable":true,"href":"https:\/\/www.europesays.com\/no\/wp-json\/wp\/v2\/media\/59029"}],"wp:attachment":[{"href":"https:\/\/www.europesays.com\/no\/wp-json\/wp\/v2\/media?parent=59028"}],"wp:term":[{"taxonomy":"category","embeddable":true,"href":"https:\/\/www.europesays.com\/no\/wp-json\/wp\/v2\/categories?post=59028"},{"taxonomy":"post_tag","embeddable":true,"href":"https:\/\/www.europesays.com\/no\/wp-json\/wp\/v2\/tags?post=59028"}],"curies":[{"name":"wp","href":"https:\/\/api.w.org\/{rel}","templated":true}]}}