{"id":59038,"date":"2025-10-12T23:17:19","date_gmt":"2025-10-12T23:17:19","guid":{"rendered":"https:\/\/www.europesays.com\/no\/59038\/"},"modified":"2025-10-12T23:17:19","modified_gmt":"2025-10-12T23:17:19","slug":"hemnes-hemnesberget-avvikler-populaer-festival-okonomien-gar-ikke-rundt","status":"publish","type":"post","link":"https:\/\/www.europesays.com\/no\/59038\/","title":{"rendered":"Hemnes, Hemnesberget | Avvikler popul\u00e6r festival: \u2013 \u00d8konomien g\u00e5r ikke rundt"},"content":{"rendered":"\n<p>Festivalen har v\u00e6rt en viktig del av sommeren p\u00e5 Hemnesberget, men etter flere \u00e5r med krevende \u00f8konomi ser styret at det ikke lenger er mulig \u00e5 opprettholde arrangementet i sin n\u00e5v\u00e6rende form. Dette melder styret i en pressemelding. Festivalen eies av Hemnes B\u00e5t- og Sportfiskerforening, Hemnes Dykkeklubb og Hemnes Idrettslag.<\/p>\n<p>\u2013 Vi la om litt i 2025, blant annet med et eget ungdomsarrangement og enkelte endringer i konseptet. P\u00e5 tross av dette ble det dessverre ogs\u00e5 i \u00e5r et underskudd. Noe skyldes selvsagt v\u00e6ret, men det er nok flere \u00e5rsaker, sier mange\u00e5rig komit\u00e9leder Kjell-Idar Juvik i pressemeldingen.<\/p>\n<p>\u2013 Etter tre ti\u00e5r med dugnadsinnsats, stor frivillig deltakelse og mange gode opplevelser er vi kommet dit at dagens modell ikke lar seg videref\u00f8re, sier Juvik videre.<\/p>\n<p>  <a href=\"https:\/\/www.ranablad.no\/5-42-1473120\" class=\"related-teaser has-image default-gallery-teaser article--c-eRUmMG article--c-eRUmMG-jKCPdD-design-default\" rel=\"nofollow noopener\" target=\"_blank\"><\/p>\n<p>    <img decoding=\"async\" loading=\"lazy\"  src=\"https:\/\/www.europesays.com\/no\/wp-content\/uploads\/2025\/10\/_DSC9137.jpg\" alt=\"\" class=\"brick-c-cFOWSL\" style=\"\"\/><\/p>\n<p>\n            Bildeserie<\/p>\n<p>              SE BILDENE: Hemnes B\u00e5t- og Fjordfestival er i gang, og det var bare smil \u00e5 se: \u2013 Jeg har v\u00e6rt med i over 20 \u00e5r\n        <\/p>\n<p>  <\/a><br \/>\n  \u00d8kende konkurranse<\/p>\n<p>Styret peker p\u00e5 at festivalen de siste \u00e5rene har hatt \u00f8kende konkurranse fra st\u00f8rre arrangementer i regionen, og at kostnader til musikk og teknisk utstyr har \u00f8kt betydelig etter pandemien.<\/p>\n<p>\u2013 \u00d8konomien g\u00e5r ikke rundt, og vi er flere i b\u00e5de styre og komit\u00e9 som n\u00e5 \u00f8nsker avl\u00f8sning, sier Juvik.<\/p>\n<p>Han sier videre at styret beklager at Hemnes kommune ikke ser st\u00f8rre verdi i festivalen, og at de ikke har hatt den samme \u00f8konomiske st\u00f8tten som enkelte andre st\u00f8rre arrangementer i kommunen som mottar faste bevilgninger over budsjettet.<\/p>\n<p>Til tross for dette \u00f8nsker ikke styret \u00e5 avslutte tradisjonen med sommerfest i Hemnes, men er \u00e5pne for nye ideer, nye folk og et enklere konsept for framtiden.<\/p>\n<p>Id\u00e9m\u00f8te<\/p>\n<p>Derfor inviteres alle som har lyst til \u00e5 bidra til et id\u00e9- og oppstartsm\u00f8te torsdag 6. november. M\u00f8tet blir en \u00e5pen samling for alle som vil v\u00e6re med p\u00e5 \u00e5 forme en ny type sommerarrangement eller festival p\u00e5 Hemnesberget.<\/p>\n<p>\u2013 F\u00e5r vi ikke med nye krefter i ledelsen og komiteen, vil det trolig bli et pause\u00e5r i 2026. Vi har fortsatt litt kapital og en del eget utstyr, s\u00e5 det ligger til rette for \u00e5 bygge videre dersom vi f\u00e5r p\u00e5 plass nye ildsjeler, sier Juvik.<\/p>\n<p>Styret benytter samtidig anledningen til \u00e5 takke komiteen, alle andre frivillige, samarbeidspartnere, sponsorer og publikum som har st\u00f8ttet festivalen gjennom 30 \u00e5r.<\/p>\n<p>\u2013 Uten dere hadde dette aldri v\u00e6rt mulig. Vi h\u00e5per engasjementet kan leve videre i en ny form, avslutter Juvik.<\/p>\n<p>  <a href=\"https:\/\/www.ranablad.no\/5-42-1464571\" class=\"related-teaser has-image default-gallery-teaser article--c-eRUmMG article--c-eRUmMG-jKCPdD-design-default\" rel=\"nofollow noopener\" target=\"_blank\"><\/p>\n<p>    <img decoding=\"async\" loading=\"lazy\"  src=\"https:\/\/www.europesays.com\/no\/wp-content\/uploads\/2025\/10\/02kulfjord_7.jpg\" alt=\"\" class=\"brick-c-cFOWSL\" style=\"\"\/><\/p>\n<p>\n            Bildeserie<\/p>\n<p>              HISTORISKE BILDER: B\u00e5t og Fjord-festivalen gjennom 30 \u00e5r med sunn galskap, rare sprell og god stemning\n        <\/p>\n<p>  <\/a><\/p>\n","protected":false},"excerpt":{"rendered":"Festivalen har v\u00e6rt en viktig del av sommeren p\u00e5 Hemnesberget, men etter flere \u00e5r med krevende \u00f8konomi ser&hellip;\n","protected":false},"author":2,"featured_media":59039,"comment_status":"","ping_status":"","sticky":false,"template":"","format":"standard","meta":{"footnotes":""},"categories":[10],"tags":[36,20,21,24,25,497,8731,15,3413,8730,8729,410,22,23,13,30,28,29,14,16,1510,26,27],"class_list":{"0":"post-59038","1":"post","2":"type-post","3":"status-publish","4":"format-standard","5":"has-post-thumbnail","7":"category-norge","8":"tag-art","9":"tag-breaking-news","10":"tag-breakingnews","11":"tag-featured-news","12":"tag-featurednews","13":"tag-festival","14":"tag-folkeliv","15":"tag-headlines","16":"tag-hemnes","17":"tag-hemnes-bat-og-fjord","18":"tag-hemnesberget","19":"tag-kultur","20":"tag-latest-news","21":"tag-latestnews","22":"tag-news","23":"tag-no","24":"tag-norge","25":"tag-norway","26":"tag-nyheter","27":"tag-overskrifter","28":"tag-story","29":"tag-top-stories","30":"tag-topstories"},"share_on_mastodon":{"url":"","error":""},"_links":{"self":[{"href":"https:\/\/www.europesays.com\/no\/wp-json\/wp\/v2\/posts\/59038","targetHints":{"allow":["GET"]}}],"collection":[{"href":"https:\/\/www.europesays.com\/no\/wp-json\/wp\/v2\/posts"}],"about":[{"href":"https:\/\/www.europesays.com\/no\/wp-json\/wp\/v2\/types\/post"}],"author":[{"embeddable":true,"href":"https:\/\/www.europesays.com\/no\/wp-json\/wp\/v2\/users\/2"}],"replies":[{"embeddable":true,"href":"https:\/\/www.europesays.com\/no\/wp-json\/wp\/v2\/comments?post=59038"}],"version-history":[{"count":0,"href":"https:\/\/www.europesays.com\/no\/wp-json\/wp\/v2\/posts\/59038\/revisions"}],"wp:featuredmedia":[{"embeddable":true,"href":"https:\/\/www.europesays.com\/no\/wp-json\/wp\/v2\/media\/59039"}],"wp:attachment":[{"href":"https:\/\/www.europesays.com\/no\/wp-json\/wp\/v2\/media?parent=59038"}],"wp:term":[{"taxonomy":"category","embeddable":true,"href":"https:\/\/www.europesays.com\/no\/wp-json\/wp\/v2\/categories?post=59038"},{"taxonomy":"post_tag","embeddable":true,"href":"https:\/\/www.europesays.com\/no\/wp-json\/wp\/v2\/tags?post=59038"}],"curies":[{"name":"wp","href":"https:\/\/api.w.org\/{rel}","templated":true}]}}