{"id":59056,"date":"2025-10-12T23:58:10","date_gmt":"2025-10-12T23:58:10","guid":{"rendered":"https:\/\/www.europesays.com\/no\/59056\/"},"modified":"2025-10-12T23:58:10","modified_gmt":"2025-10-12T23:58:10","slug":"palestinsk-journalist-skutt-og-drept-i-gaza","status":"publish","type":"post","link":"https:\/\/www.europesays.com\/no\/59056\/","title":{"rendered":"Palestinsk journalist skutt og drept i Gaza"},"content":{"rendered":"\n<p class=\"_lead_o9xde_2 _lead_xtcu6_50 layout-component text-serif-m layout-normal text-serif-l layout-component layout-wide layout-padded _wide_17hqh_1 layout-padded\">Saleh Aljafarawi (28) skal ha blitt drept av v\u00e6pnet milits. <\/p>\n<p><img alt=\" Foto: Jehad Alshrafi \/ AP \/ NTB\" class=\"_image_qp4xg_65 layout-component layout-wide\" data-fullscreen- data-track-element-type=\"Article image fullscreen\" data-track-name=\"ImageFullscreen\" fetchpriority=\"high\" decoding=\"sync\" loading=\"eager\" height=\"4760\" itemprop=\"image\"  src=\"https:\/\/www.europesays.com\/no\/wp-content\/uploads\/2025\/10\/2f463e28-a33b-498a-88c1-f0958f419783\"  style=\"object-position:0% 0%\" width=\"7136\"\/> Foto: Jehad Alshrafi \/ AP \/ NTB<\/p>\n<ul aria-hidden=\"true\" class=\"_images_1y6fe_106\">\n<li><a class=\"_link_1y6fe_111\" href=\"https:\/\/www.vg.no\/forfatter\/hege-varsi\" style=\"z-index:1\" title=\"Hege Varsi\" rel=\"nofollow noopener\" target=\"_blank\"><img alt=\"Bilde av Hege Varsi\" class=\"_image_1y6fe_88\" fetchpriority=\"low\" loading=\"lazy\" decoding=\"async\" itemprop=\"image\"  src=\"https:\/\/www.europesays.com\/no\/wp-content\/uploads\/2025\/10\/1760313489_684_d48c09ee-ae08-4a71-8e5b-8db7c6b4f37d\"  width=\"480\"\/><\/a><\/li>\n<\/ul>\n<p> Oppdatert mandag 13. oktober kl. 01:35     <\/p>\n<p class=\"_paragraph_o9xde_4 _paragraph_xtcu6_10 layout-component text-serif-m layout-normal text-serif-m layout-padded\">Den palestinske journalisten Saleh Aljafarawi skal if\u00f8lge <a href=\"https:\/\/www.aljazeera.com\/news\/2025\/10\/12\/palestinian-journalist-saleh-aljafarawi-shot-dead-in-gaza-city-clashes\" class=\"_link_o9xde_39\" rel=\"nofollow noopener\" target=\"_blank\">Al Jazeera<\/a>. ha blitt skutt og drept under sammenst\u00f8t i <a href=\"https:\/\/www.vg.no\/tag\/gaza?utm_source=vg-article&amp;utm_medium=auto-tagger&amp;utm_campaign=kwAPvj\" class=\"_link_o9xde_39\" rel=\"nofollow noopener\" target=\"_blank\">Gaza<\/a> by l\u00f8rdag, bare dager etter at v\u00e5penhvilen mellom Israel og Hamas tr\u00e5dte i kraft.<\/p>\n<p class=\"_paragraph_o9xde_4 _paragraph_xtcu6_10 layout-component text-serif-m layout-normal text-serif-m layout-padded\">Den 28 \u00e5r gamle journalisten har f\u00e5tt oppmerksomhet for sine videoer fra krigen. <\/p>\n<p class=\"_root_1xq52_1\" lang=\"en\" dir=\"auto\">Prominent Palestinian journalist Saleh Aljafarawi has been shot and killed by members of an Israel-linked \u201cmilitia\u201d fighting Hamas in Gaza City\u2019s Sabra neighborhood, according to Gaza\u2019s Ministry of Interior <a href=\"https:\/\/aje.io\/geu1bh\" class=\"_root_eihfa_1\" target=\"_blank\" rel=\"noopener noreferrer nofollow\">aje.io\/geu1bh<\/a><\/p>\n<p class=\"_paragraph_o9xde_4 _paragraph_xtcu6_10 layout-component text-serif-m layout-normal text-serif-m layout-padded\">If\u00f8lge palestinske kilder Al Jazeera har snakket med, drept av medlemmer av en \u00abv\u00e6pnet milits\u00bb mens han dekket sammenst\u00f8t i Sabra-omr\u00e5det.<\/p>\n<p class=\"_paragraph_o9xde_4 _paragraph_xtcu6_10 layout-component text-serif-m layout-normal text-serif-m layout-padded\">Aljafarawi hadde v\u00e6rt savnet siden s\u00f8ndag morgen. If\u00f8lge kanalen var Aljafarawi if\u00f8rt en pressevest da han ble skutt. <\/p>\n<p class=\"_root_1xq52_1\" lang=\"en\" dir=\"auto\">Israel-backed gangs kill well-known Palestinian journalist Saleh Aljafarawi in Gaza City, reportedly firing at least seven bullets at him<\/p>\n<p><a href=\"https:\/\/www.trtworld.com\/article\/34ca89c73006\" class=\"_root_eihfa_1\" target=\"_blank\" rel=\"noopener noreferrer nofollow\">trtworld.com\/article\/34ca89\u2026<\/a><\/p>\n<p class=\"_paragraph_o9xde_4 _paragraph_xtcu6_10 layout-component text-serif-m layout-normal text-serif-m layout-padded\">I januar fortalte journalisten til Al Jazeera at han hadde mottatt trusler fra Israel p\u00e5 grunn av arbeidet sitt.<\/p>\n<p class=\"_paragraph_o9xde_4 _paragraph_xtcu6_10 layout-component text-serif-m layout-normal text-serif-m layout-padded\">\u2013 Jeg levde i frykt hvert sekund, sa han da.<\/p>\n<p class=\"_paragraph_o9xde_4 _paragraph_xtcu6_10 layout-component text-serif-m layout-normal text-serif-m layout-padded\">Israel har s\u00e5 langt ikke kommentert hverken hendelsen eller meldingene om Aljafarawis d\u00f8d. <\/p>\n<p class=\"_paragraph_o9xde_4 _paragraph_xtcu6_10 layout-component text-serif-m layout-normal text-serif-m layout-padded\">Mer enn 270 mediearbeidere er drept i Gaza siden oktober 2023, noe som gj\u00f8r dette til den d\u00f8deligste konflikten for journalister noensinne.<\/p>\n<p class=\"_paragraph_o9xde_4 _paragraph_xtcu6_10 layout-component text-serif-m layout-normal text-serif-m layout-padded\">I august ble den <a href=\"https:\/\/www.vg.no\/nyheter\/i\/8q2R71\/verdenskjent-al-jazeera-journalist-drept-i-gaza\" data-track-element-type=\"Link\" data-track-id=\"link:8q2R71\" class=\"_link_o9xde_39\" rel=\"nofollow noopener\" target=\"_blank\">verdenskjente Al Jazeera-journalisten Anas Al-Sharif (28) drept<\/a> i et sykehustelt utenfor al-Shifa-sykehuset i Gaza by.<\/p>\n<p><img alt=\"Anas Al-Sharif ble drept i Gaza i august.   Foto: YURI CORTEZ \/ AFP \/ NTB\" class=\"_image_qp4xg_65 layout-component layout-normal\" data-fullscreen- data-track-element-type=\"Article image fullscreen\" data-track-name=\"ImageFullscreen\" decoding=\"async\" loading=\"lazy\" height=\"3400\" itemprop=\"image\"  src=\"https:\/\/www.europesays.com\/no\/wp-content\/uploads\/2025\/10\/39e8e402-8e75-4a50-8b20-ca7af97785a2\"  style=\"object-position:0% 0%\" width=\"5100\"\/>Anas Al-Sharif ble drept i Gaza i august.   Foto: YURI CORTEZ \/ AFP \/ NTB<\/p>\n<p class=\"_paragraph_o9xde_4 _paragraph_xtcu6_10 layout-component text-serif-m layout-normal text-serif-m layout-padded\">Anas Al-Sharif var en av Al Jazeeras mest fremtredende korrespondenter p\u00e5 Gazastripen. <\/p>\n<p class=\"_paragraph_o9xde_4 _paragraph_xtcu6_10 layout-component text-serif-m layout-normal text-serif-m layout-padded\">Han har gjennom snart tre \u00e5r med krig blitt et kjent ansikt utad for journalistene i krigen, og bredt omtalt internasjonalt.<\/p>\n","protected":false},"excerpt":{"rendered":"Saleh Aljafarawi (28) skal ha blitt drept av v\u00e6pnet milits. Foto: Jehad Alshrafi \/ AP \/ NTB Oppdatert&hellip;\n","protected":false},"author":2,"featured_media":59057,"comment_status":"","ping_status":"","sticky":false,"template":"","format":"standard","meta":{"footnotes":""},"categories":[12],"tags":[2956,20,21,24,25,53,566,15,52,1142,22,23,13,30,28,29,14,16,26,27,42,46,43,44,45],"class_list":{"0":"post-59056","1":"post","2":"type-post","3":"status-publish","4":"format-standard","5":"has-post-thumbnail","7":"category-verden","8":"tag-al-jazeera","9":"tag-breaking-news","10":"tag-breakingnews","11":"tag-featured-news","12":"tag-featurednews","13":"tag-gaza","14":"tag-hamas","15":"tag-headlines","16":"tag-israel","17":"tag-journalist","18":"tag-latest-news","19":"tag-latestnews","20":"tag-news","21":"tag-no","22":"tag-norge","23":"tag-norway","24":"tag-nyheter","25":"tag-overskrifter","26":"tag-top-stories","27":"tag-topstories","28":"tag-verden","29":"tag-vgai","30":"tag-world","31":"tag-world-news","32":"tag-worldnews"},"share_on_mastodon":{"url":"","error":""},"_links":{"self":[{"href":"https:\/\/www.europesays.com\/no\/wp-json\/wp\/v2\/posts\/59056","targetHints":{"allow":["GET"]}}],"collection":[{"href":"https:\/\/www.europesays.com\/no\/wp-json\/wp\/v2\/posts"}],"about":[{"href":"https:\/\/www.europesays.com\/no\/wp-json\/wp\/v2\/types\/post"}],"author":[{"embeddable":true,"href":"https:\/\/www.europesays.com\/no\/wp-json\/wp\/v2\/users\/2"}],"replies":[{"embeddable":true,"href":"https:\/\/www.europesays.com\/no\/wp-json\/wp\/v2\/comments?post=59056"}],"version-history":[{"count":0,"href":"https:\/\/www.europesays.com\/no\/wp-json\/wp\/v2\/posts\/59056\/revisions"}],"wp:featuredmedia":[{"embeddable":true,"href":"https:\/\/www.europesays.com\/no\/wp-json\/wp\/v2\/media\/59057"}],"wp:attachment":[{"href":"https:\/\/www.europesays.com\/no\/wp-json\/wp\/v2\/media?parent=59056"}],"wp:term":[{"taxonomy":"category","embeddable":true,"href":"https:\/\/www.europesays.com\/no\/wp-json\/wp\/v2\/categories?post=59056"},{"taxonomy":"post_tag","embeddable":true,"href":"https:\/\/www.europesays.com\/no\/wp-json\/wp\/v2\/tags?post=59056"}],"curies":[{"name":"wp","href":"https:\/\/api.w.org\/{rel}","templated":true}]}}