{"id":59070,"date":"2025-10-13T00:12:18","date_gmt":"2025-10-13T00:12:18","guid":{"rendered":"https:\/\/www.europesays.com\/no\/59070\/"},"modified":"2025-10-13T00:12:18","modified_gmt":"2025-10-13T00:12:18","slug":"kultur-underholdning-eurovision-mgp-stjerner-ut-mot-nrk-burde-ta-mer-ansvar","status":"publish","type":"post","link":"https:\/\/www.europesays.com\/no\/59070\/","title":{"rendered":"Kultur &#038; underholdning, Eurovision | MGP-stjerner ut mot NRK: \u2013 Burde ta mer ansvar"},"content":{"rendered":"\n<p><a href=\"https:\/\/www.nettavisen.no\/kjendis\/mgp-stjerner-ut-mot-nrk-burde-ta-mer-ansvar\/s\/5-95-2648924\" rel=\"Follow nofollow noopener\" target=\"_blank\">(Nettavisen)<\/a> Nylig kom beskjeden om at det i november skal foreg\u00e5 en viktig avstemning. Ebus medlemsland skal stemme over om Israel f\u00e5r delta i Eurovision Song Contest (ESC) i 2026.<\/p>\n<p>NRK har argumentert for at det ville v\u00e6rt en politisk handling om de boikottet, noe som er problematisk siden de som nyhetsleverand\u00f8r skal v\u00e6re n\u00f8ytrale.<\/p>\n<p>Argumentet om at ESC skal holdes upolitisk, f\u00e5r de tidligere MGP-deltakerne Kim Wigaard, \u00c5ge Sten Nilsen og \u00abSkrellex\u00bb til \u00e5 reagere, det skriver <a href=\"https:\/\/www.tv2.no\/underholdning\/mgp-stjerner-ut-mot-nrk-burde-ta-mer-ansvar\/18147048\/\" rel=\"Follow nofollow noopener\" target=\"_blank\">TV 2.<\/a><\/p>\n<p>Vil ikke boikotte<\/p>\n<p>Kringkastingssjef Vibeke F\u00fcrst Haugen sier til TV2 at en boikott vil rokke ved troverdigheten til NRKs nyhetsdekning.<\/p>\n<p>\u2013 NRKs aller viktigste oppgave er \u00e5 drive med nyhetsformidling. Her er vi p\u00e5lagt et spesielt ansvar. Det ville rokke ved troverdigheten til v\u00e5r nyhetsdekning dersom NRK gikk til boikott eller utestengelse av Israel p\u00e5 politisk grunnlag. NRK skal rapportere uavhengig og upartisk fra krigen i Gaza, og f\u00f8rer derfor ikke en selvstendig utenrikspolitikk.<\/p>\n<p>   <img decoding=\"async\" width=\"4623\" height=\"3082\" fetchpriority=\"low\"  loading=\"lazy\"  src=\"https:\/\/www.europesays.com\/no\/wp-content\/uploads\/2025\/10\/1760314338_192_NTB_mhVXcxEQsNc.jpg\" alt=\"Oslo 20250917. &#10;Kringkastingssjef Vibeke F\u00fcrst Haugen under NRKs lansering av h\u00f8stens TV-programmer p\u00e5 Marienlyst i Oslo.Foto: Jonas F\u00e6ste Laksekj\u00f8n \/ NTB\" class=\"brick-c-cFOWSL\" style=\"--brick-image-ratio: 4623 \/ 3082;\"\/><\/p>\n<p>    SVARER: Kringkastingssjef Vibeke F\u00fcrst Haugen svarer p\u00e5 kritikken som har kommet i retning NRK og deres beslutning om ikke \u00e5 boikotte Eurovision om Israel f\u00e5r v\u00e6re med.<br \/>\n    Foto: Jonas F\u00e6ste Laksekj\u00f8n (NTB)\n  <\/p>\n<p>Flere land har allerede varslet at de kommer til \u00e5 boikotte Eurovision om Israel f\u00e5r delta. Blant annet Spania og Nederland. Frem til n\u00e5 har NRK sagt at de ikke \u00f8nsker \u00e5 boikotte konkurransen dersom Israel f\u00e5r delta.<\/p>\n<p>Hadde blitt mindre br\u00e5k<\/p>\n<p>\u00c5ge Sten Nilsen (55), som har vunnet MGP med bandet Wigwam og deltatt i Eurovision. Vokalisten sier diskusjonen rundt Israel er vanskelig, men sier konkurransen alltid har v\u00e6rt politisk.<\/p>\n<p>Han mener det ville blitt mindre br\u00e5k rundt Eurovision om Israel ikke fikk delta. Sten Nilsen mener det ikke b\u00f8r v\u00e6re noen forskjell p\u00e5 Russland og Israel.<\/p>\n<p>55-\u00e5ringen bruker forrige utgave av Eurovision som et eksempel p\u00e5 nettopp hvor sterke b\u00e5nd det er mellom konkurransen og politikk \u2013 da Israel fikk flest folkestemmer.<\/p>\n<p>Kim Wigaard (37) har siden sine to deltakelser i MGP, i 2022 og 2023, rettet voldsom kritikk mot at Israel f\u00e5r lov til \u00e5 delta i sangkonkurransen. Til TV 2 forteller han at man mener Israel burde v\u00e6rt utestengt siden 2023.<\/p>\n<p>   <img decoding=\"async\" width=\"1600\" height=\"900\" fetchpriority=\"low\"  loading=\"lazy\"  src=\"https:\/\/www.europesays.com\/no\/wp-content\/uploads\/2025\/10\/Kim+Wigaard.bin\" alt=\"\" class=\"brick-c-cFOWSL\" style=\"--brick-image-ratio: 1600 \/ 900;\"\/><\/p>\n<p>    KLAR TALE: Kim Wigaard kommer med kritikk av kringkasteren for ikke \u00e5 boikotte Eurovision hvis Israel deltar.<br \/>\n    Foto: Julia Marie Naglestad (NRK)\n  <\/p>\n<p>At Russland ble utestengt i 2022 p\u00e5 grunn av krigen med Ukraina og ikke Israel for krigf\u00f8ringen p\u00e5 Gaza skj\u00f8nner han ingenting av. Han mener det er helt logisk at folkemord og krigf\u00f8ring ikke h\u00f8rer hjemme i en ESC-feiring<\/p>\n<p>I samme setning retter han ogs\u00e5 pekefingeren mot NRK og kringkastingssjefen, som han mener ikke har gjort nok.<\/p>\n<p>\u2013 Jeg synes kringkastingssjefen burde ta mer ansvar og s\u00f8rge for en fortgang i denne prosessen, sier Wigaard bestemt.<\/p>\n<p>Til TV 2 svarer ikke kringkastingssjefen direkte p\u00e5 p\u00e5standen til Wig\u00e5rd. F\u00fcrst Haugen sier de har troen p\u00e5 \u00e5 bruke demokratiske virkemidler.<\/p>\n<p>\u2013 NRK er medlem av den europeiske kringkastingsunionen EBU, som arrangerer Eurovision Song Contest (ESC). NRK jobber aktivt for at EBU skal ta v\u00e5re og andres bekymringer p\u00e5 alvor. Vi tror p\u00e5 \u00e5 bruke de demokratiske virkemidlene i det som er en regelstyrt medlemsorganisasjon.<\/p>\n","protected":false},"excerpt":{"rendered":"(Nettavisen) Nylig kom beskjeden om at det i november skal foreg\u00e5 en viktig avstemning. Ebus medlemsland skal stemme&hellip;\n","protected":false},"author":2,"featured_media":51410,"comment_status":"","ping_status":"","sticky":false,"template":"","format":"standard","meta":{"footnotes":""},"categories":[12],"tags":[8743,36,20,21,2513,24,25,15,282,22,23,13,30,28,29,14,16,1510,26,27,42,43,44,45],"class_list":{"0":"post-59070","1":"post","2":"type-post","3":"status-publish","4":"format-standard","5":"has-post-thumbnail","7":"category-verden","8":"tag-age-sten-nilsen","9":"tag-art","10":"tag-breaking-news","11":"tag-breakingnews","12":"tag-eurovision","13":"tag-featured-news","14":"tag-featurednews","15":"tag-headlines","16":"tag-kultur-underholdning","17":"tag-latest-news","18":"tag-latestnews","19":"tag-news","20":"tag-no","21":"tag-norge","22":"tag-norway","23":"tag-nyheter","24":"tag-overskrifter","25":"tag-story","26":"tag-top-stories","27":"tag-topstories","28":"tag-verden","29":"tag-world","30":"tag-world-news","31":"tag-worldnews"},"share_on_mastodon":{"url":"","error":""},"_links":{"self":[{"href":"https:\/\/www.europesays.com\/no\/wp-json\/wp\/v2\/posts\/59070","targetHints":{"allow":["GET"]}}],"collection":[{"href":"https:\/\/www.europesays.com\/no\/wp-json\/wp\/v2\/posts"}],"about":[{"href":"https:\/\/www.europesays.com\/no\/wp-json\/wp\/v2\/types\/post"}],"author":[{"embeddable":true,"href":"https:\/\/www.europesays.com\/no\/wp-json\/wp\/v2\/users\/2"}],"replies":[{"embeddable":true,"href":"https:\/\/www.europesays.com\/no\/wp-json\/wp\/v2\/comments?post=59070"}],"version-history":[{"count":0,"href":"https:\/\/www.europesays.com\/no\/wp-json\/wp\/v2\/posts\/59070\/revisions"}],"wp:featuredmedia":[{"embeddable":true,"href":"https:\/\/www.europesays.com\/no\/wp-json\/wp\/v2\/media\/51410"}],"wp:attachment":[{"href":"https:\/\/www.europesays.com\/no\/wp-json\/wp\/v2\/media?parent=59070"}],"wp:term":[{"taxonomy":"category","embeddable":true,"href":"https:\/\/www.europesays.com\/no\/wp-json\/wp\/v2\/categories?post=59070"},{"taxonomy":"post_tag","embeddable":true,"href":"https:\/\/www.europesays.com\/no\/wp-json\/wp\/v2\/tags?post=59070"}],"curies":[{"name":"wp","href":"https:\/\/api.w.org\/{rel}","templated":true}]}}