{"id":59109,"date":"2025-10-13T02:40:22","date_gmt":"2025-10-13T02:40:22","guid":{"rendered":"https:\/\/www.europesays.com\/no\/59109\/"},"modified":"2025-10-13T02:40:22","modified_gmt":"2025-10-13T02:40:22","slug":"morgenrapport-vaer-mann-pagrepet-etter-slasskamp","status":"publish","type":"post","link":"https:\/\/www.europesays.com\/no\/59109\/","title":{"rendered":"Morgenrapport, V\u00e6r | Mann p\u00e5grepet etter sl\u00e5sskamp"},"content":{"rendered":"\n<p>En mann i 20-\u00e5rene fikk natt til s\u00f8ndag p\u00e5legg om \u00e5 forlate et omr\u00e5de i Steinkjer. Han kom etter hvert tilbake til stedet.<\/p>\n<p>\u2013 Mannen blir anmeldt for \u00e5 ikke ha etterkommet politiets p\u00e5legg, forklarer politiets operasjonsleder Svein Helgetun.<\/p>\n<p>Klokken 02.06 rykket politiet ut til et utested i Stj\u00f8rdal. En mann i 40-\u00e5rene ble kj\u00f8rt til arresten etter \u00e5 ha laget br\u00e5k.<\/p>\n<p>\u2013 Han skal blant annet ha sl\u00e5tt til en vakt p\u00e5 stedet, sier Helgetun.<\/p>\n<p>Flere smell<\/p>\n<p>Politiet har i l\u00f8pet av natten f\u00e5tt flere telefoner fra folk som har h\u00f8rt smell forskjellige steder i Namsos.<\/p>\n<p>\u2013 Vi har fors\u00f8kt \u00e5 lokalisere smellene, uten \u00e5 lykkes, forklarer Helgetun.<\/p>\n<p>Det ble observert ungdommer i forbindelse med smellene.<\/p>\n<p>\u2013 Mest sannsynlig er det snakk om kinaputter eller fyrverkeri \u2013 og vi er ganske sikre p\u00e5 at det ikke er noe alvorlig, utdyper operasjonslederen.<\/p>\n<p>Ellers har det v\u00e6rt en rolig natt i nordlige deler av Tr\u00f8ndelag, opplyser Helgetun.<\/p>\n<p>Mann med kniv p\u00e5grepet<\/p>\n<p>Klokken 01.40 rykket politiet ut til et utested i Trondheim sentrum etter melding om en sl\u00e5sskamp. En mann i 20-\u00e5rene ble p\u00e5grepet et lite stykke unna.<\/p>\n<p>\u2013 Han var ogs\u00e5 i besittelse av en kniv.<\/p>\n<p>Mannen ble kj\u00f8rt til arresten \u2013 og blir anmeldt for vold og b\u00e6ring av kniv.<\/p>\n<p>Regn og vind<\/p>\n<p>S\u00f8ndag ser ut til \u00e5 bli en fin h\u00f8stdag p\u00e5 Innherred, if\u00f8lge meteorologene. Men noe regn og vind blir det.<\/p>\n<p>Dette skriver Yr i sitt tekstvarsel for Tr\u00f8ndelag:<\/p>\n<p>\u00abNordvestlig liten kuling utsatte steder, minkende til vestlig bris fra i formiddag. Enkelte regnbyger. Avtagende bygeaktivitet utover dagen.\u00bb<\/p>\n<p>P\u00e5 T-A.no<\/p>\n<p>P\u00e5 Tr\u00f8nder-Avisas nettutgave kan du i dag lese om brannmannens tabbe. \u2013 Det var en klar feilvurdering, sier han.<\/p>\n<p>  <a href=\"https:\/\/www.t-a.no\/5-116-2234518\" class=\"related-teaser has-image default-feature-teaser article--c-eRUmMG article--c-eRUmMG-jKCPdD-design-default\" rel=\"nofollow noopener\" target=\"_blank\"><\/p>\n<p>    <img decoding=\"async\" loading=\"lazy\"  src=\"https:\/\/www.europesays.com\/no\/wp-content\/uploads\/2025\/10\/hvard+nicolausson+brannskadet.jpg\" alt=\"\" class=\"brick-c-cFOWSL\" style=\"\"\/><\/p>\n<p>\n            Les ogs\u00e5<\/p>\n<p>              Brannmann i branndrama: \u2013 Det var en klar feilvurdering\n        <\/p>\n<p>  <\/a><\/p>\n<p>Du kan ogs\u00e5 lese om Steinkjer-selskapet som kommer med stor nyhet.<\/p>\n<p>  <a href=\"https:\/\/www.t-a.no\/5-116-2234245\" class=\"related-teaser has-image default-story-teaser article--c-eRUmMG article--c-eRUmMG-jKCPdD-design-default\" rel=\"nofollow noopener\" target=\"_blank\"><\/p>\n<p>    <img decoding=\"async\" loading=\"lazy\"  src=\"https:\/\/www.europesays.com\/no\/wp-content\/uploads\/2025\/10\/JAskog-drone02.jpg\" alt=\"\" class=\"brick-c-cFOWSL\" style=\"\"\/><\/p>\n<p>\n            Les ogs\u00e5<\/p>\n<p>              L\u00f8ste det \u00abingen\u00bb klarte\n        <\/p>\n<p>  <\/a><\/p>\n<p>Storg\u00e5rden ved Sn\u00e5savatnet har f\u00e5tt nye eiere. Se hvem som har solgt og kj\u00f8pt bolig her:<\/p>\n<p>  <a href=\"https:\/\/www.t-a.no\/5-116-2235617\" class=\"related-teaser has-image default-story-teaser article--c-eRUmMG article--c-eRUmMG-jKCPdD-design-default\" rel=\"nofollow noopener\" target=\"_blank\"><\/p>\n<p>    <img decoding=\"async\" loading=\"lazy\"  src=\"https:\/\/www.europesays.com\/no\/wp-content\/uploads\/2025\/10\/PXL_20251011_115042701.RAW-02.ORIGINAL.jpg\" alt=\"\" class=\"brick-c-cFOWSL\" style=\"\"\/><\/p>\n<p>\n            Les ogs\u00e5<\/p>\n<p>              UKAS EIENDOMSSALG:<br \/>\nHytte i sj\u00f8kanten har f\u00e5tt nye eiere\n        <\/p>\n<p>  <\/a><\/p>\n","protected":false},"excerpt":{"rendered":"En mann i 20-\u00e5rene fikk natt til s\u00f8ndag p\u00e5legg om \u00e5 forlate et omr\u00e5de i Steinkjer. Han kom&hellip;\n","protected":false},"author":2,"featured_media":3842,"comment_status":"","ping_status":"","sticky":false,"template":"","format":"standard","meta":{"footnotes":""},"categories":[10],"tags":[36,20,21,24,25,15,22,23,739,783,13,30,28,29,14,16,984,756,1510,26,27,596,941,553],"class_list":{"0":"post-59109","1":"post","2":"type-post","3":"status-publish","4":"format-standard","5":"has-post-thumbnail","7":"category-norge","8":"tag-art","9":"tag-breaking-news","10":"tag-breakingnews","11":"tag-featured-news","12":"tag-featurednews","13":"tag-headlines","14":"tag-latest-news","15":"tag-latestnews","16":"tag-morgenrapport","17":"tag-namsos","18":"tag-news","19":"tag-no","20":"tag-norge","21":"tag-norway","22":"tag-nyheter","23":"tag-overskrifter","24":"tag-steinkjer","25":"tag-stjordal","26":"tag-story","27":"tag-top-stories","28":"tag-topstories","29":"tag-trondheim","30":"tag-ulykker-og-hendelser","31":"tag-vaer"},"share_on_mastodon":{"url":"","error":""},"_links":{"self":[{"href":"https:\/\/www.europesays.com\/no\/wp-json\/wp\/v2\/posts\/59109","targetHints":{"allow":["GET"]}}],"collection":[{"href":"https:\/\/www.europesays.com\/no\/wp-json\/wp\/v2\/posts"}],"about":[{"href":"https:\/\/www.europesays.com\/no\/wp-json\/wp\/v2\/types\/post"}],"author":[{"embeddable":true,"href":"https:\/\/www.europesays.com\/no\/wp-json\/wp\/v2\/users\/2"}],"replies":[{"embeddable":true,"href":"https:\/\/www.europesays.com\/no\/wp-json\/wp\/v2\/comments?post=59109"}],"version-history":[{"count":0,"href":"https:\/\/www.europesays.com\/no\/wp-json\/wp\/v2\/posts\/59109\/revisions"}],"wp:featuredmedia":[{"embeddable":true,"href":"https:\/\/www.europesays.com\/no\/wp-json\/wp\/v2\/media\/3842"}],"wp:attachment":[{"href":"https:\/\/www.europesays.com\/no\/wp-json\/wp\/v2\/media?parent=59109"}],"wp:term":[{"taxonomy":"category","embeddable":true,"href":"https:\/\/www.europesays.com\/no\/wp-json\/wp\/v2\/categories?post=59109"},{"taxonomy":"post_tag","embeddable":true,"href":"https:\/\/www.europesays.com\/no\/wp-json\/wp\/v2\/tags?post=59109"}],"curies":[{"name":"wp","href":"https:\/\/api.w.org\/{rel}","templated":true}]}}