{"id":59154,"date":"2025-10-13T05:42:07","date_gmt":"2025-10-13T05:42:07","guid":{"rendered":"https:\/\/www.europesays.com\/no\/59154\/"},"modified":"2025-10-13T05:42:07","modified_gmt":"2025-10-13T05:42:07","slug":"barn-verves-til-kriminelle-gjenger-bekymra-smp-no","status":"publish","type":"post","link":"https:\/\/www.europesays.com\/no\/59154\/","title":{"rendered":"(+) Barn verves til kriminelle gjenger: \u2013 Bekymra &#8211; smp.no"},"content":{"rendered":"<ol>\n<li><a href=\"https:\/\/news.google.com\/rss\/articles\/CBMihAFBVV95cUxNUGIyU0U3Mlozc0JIX0pkRlFZUjRibUpVMnF1T1p2YndZNkhkS05LU01La0JGRnRmSWc4T1ZYbVQzOHZKU2h2VmpxaHV2WjVVS1lmLXFPRkVMeVo5bDRhcmFCd2Y0YXo1M21jZVVaeU54c0JKdmV1RUJlVTMtY3ZoeU5hei0?oc=5\" target=\"_blank\" rel=\"nofollow noopener\">(+) Barn verves til kriminelle gjenger: \u2013 Bekymra<\/a>&nbsp;&nbsp;smp.no<\/li>\n<li><a href=\"https:\/\/news.google.com\/rss\/articles\/CBMid0FVX3lxTE85eUZMbUNWeDdWemxYM1ZxM3VNa2xPbHdhWm9pX0U2dHJycUFVc25nSUJPVzJHZUQ0Nzd3S2JiOU9CMHJSc0J5Ml91OGkyclQ4eEpzX2RIN0hjVF9nUDBIY1Z2cXNGeW9MRFV5QjA0QW13TW4wR0Fn?oc=5\" target=\"_blank\" rel=\"nofollow noopener\">&#8211; Har lagt landet helt \u00e5pent<\/a>&nbsp;&nbsp;Dagbladet<\/li>\n<li><a href=\"https:\/\/news.google.com\/rss\/articles\/CBMinwFBVV95cUxPRFBLUThnQzhpb3NWM0RhYlFGRWFxY3JtY21KdTlHUFFWeFV5WlJZckpwMlJYRTkyc015MVczY0xFaXdPRXlIMUhuZGZ2ajd3bWstSjBrSGhxd3kwUmpyMVlOLTBlaHNhMHV3aUg3YWRMWEQtQ0g1dk9OV2NQSFppdWJPZURUbTJySUtEMFdCQkhHX3AyOTdRT3FXNWY3SHc?oc=5\" target=\"_blank\" rel=\"nofollow noopener\">Blodig alvor: Politiet sa ingenting<\/a>&nbsp;&nbsp;Nettavisen<\/li>\n<li><a href=\"https:\/\/news.google.com\/rss\/articles\/CBMi8wFBVV95cUxPbTRRSEE0NUxjbFBoa1dRY3RNeGtUUGZXUmM0RW5qV2VDNkp0ZXVNSUNscDlDSTNvaVRHeXkwVG81bjFRcVdCRmNOSUswdUtTS2I4ZDRYclRfX0hrdTdzNWt6S0ZCRGRyUE5HMEFRa2lVbG1lNHZqTnRuYlZBb2JXLWJsMUJLT3Q4U2diWXJSSVVVdks2Wno1Ym1wbVlMWmJKMk40S1NKWWs4TnZiY3dWLU5vNXVtREQ5M2MzWHFmVl9ZbW9FUkd5dHdUdzJyZG1KVUhIVkgyOENVMWNZQmhHbTB6WG1wcnVNWExUZTFxTWdrWVE?oc=5\" target=\"_blank\" rel=\"nofollow noopener\">\u2013 Hvis du mister troen p\u00e5 mennesket i denne jobben, s\u00e5 er det fare p\u00e5 ferde (+)<\/a>&nbsp;&nbsp;Dagens N\u00e6ringsliv<\/li>\n<li><a href=\"https:\/\/news.google.com\/rss\/articles\/CBMidEFVX3lxTE1vMF9KdGs3b3NYYmNzUTJjZVBqd0FLYXNOS0NuN01XU1lpYU9CckZobGZpNUdtS21ZUlR6TEUtMXUtU2ZZZ2Y3V2ZSVWNrenprMk51UXhTWEpqWmdOYU5vTmFNYnFpcU9Nb25QTWNvdjBybDIt?oc=5\" target=\"_blank\" rel=\"nofollow noopener\">KOMMENTAR: Dette er unorske tilstander<\/a>&nbsp;&nbsp;adressa.no<\/li>\n<\/ol>\n","protected":false},"excerpt":{"rendered":"(+) Barn verves til kriminelle gjenger: \u2013 Bekymra&nbsp;&nbsp;smp.no &#8211; Har lagt landet helt \u00e5pent&nbsp;&nbsp;Dagbladet Blodig alvor: Politiet sa&hellip;\n","protected":false},"author":2,"featured_media":59155,"comment_status":"","ping_status":"","sticky":false,"template":"","format":"standard","meta":{"footnotes":""},"categories":[10],"tags":[20,21,24,25,15,148,22,23,13,30,28,29,14,16,254,8759,26,27],"class_list":{"0":"post-59154","1":"post","2":"type-post","3":"status-publish","4":"format-standard","5":"has-post-thumbnail","7":"category-norge","8":"tag-breaking-news","9":"tag-breakingnews","10":"tag-featured-news","11":"tag-featurednews","12":"tag-headlines","13":"tag-kriminalitet","14":"tag-latest-news","15":"tag-latestnews","16":"tag-news","17":"tag-no","18":"tag-norge","19":"tag-norway","20":"tag-nyheter","21":"tag-overskrifter","22":"tag-politi","23":"tag-sunnmore-tingrett","24":"tag-top-stories","25":"tag-topstories"},"share_on_mastodon":{"url":"","error":""},"_links":{"self":[{"href":"https:\/\/www.europesays.com\/no\/wp-json\/wp\/v2\/posts\/59154","targetHints":{"allow":["GET"]}}],"collection":[{"href":"https:\/\/www.europesays.com\/no\/wp-json\/wp\/v2\/posts"}],"about":[{"href":"https:\/\/www.europesays.com\/no\/wp-json\/wp\/v2\/types\/post"}],"author":[{"embeddable":true,"href":"https:\/\/www.europesays.com\/no\/wp-json\/wp\/v2\/users\/2"}],"replies":[{"embeddable":true,"href":"https:\/\/www.europesays.com\/no\/wp-json\/wp\/v2\/comments?post=59154"}],"version-history":[{"count":0,"href":"https:\/\/www.europesays.com\/no\/wp-json\/wp\/v2\/posts\/59154\/revisions"}],"wp:featuredmedia":[{"embeddable":true,"href":"https:\/\/www.europesays.com\/no\/wp-json\/wp\/v2\/media\/59155"}],"wp:attachment":[{"href":"https:\/\/www.europesays.com\/no\/wp-json\/wp\/v2\/media?parent=59154"}],"wp:term":[{"taxonomy":"category","embeddable":true,"href":"https:\/\/www.europesays.com\/no\/wp-json\/wp\/v2\/categories?post=59154"},{"taxonomy":"post_tag","embeddable":true,"href":"https:\/\/www.europesays.com\/no\/wp-json\/wp\/v2\/tags?post=59154"}],"curies":[{"name":"wp","href":"https:\/\/api.w.org\/{rel}","templated":true}]}}