{"id":59275,"date":"2025-10-13T09:34:13","date_gmt":"2025-10-13T09:34:13","guid":{"rendered":"https:\/\/www.europesays.com\/no\/59275\/"},"modified":"2025-10-13T09:34:13","modified_gmt":"2025-10-13T09:34:13","slug":"u20-vm-norge-norges-sensasjonslag-ute-av-u20-vm-tapte-1-2-for-frankrike","status":"publish","type":"post","link":"https:\/\/www.europesays.com\/no\/59275\/","title":{"rendered":"U20-VM, Norge | Norges sensasjonslag ute av U20-VM \u2013 tapte 1-2 for Frankrike"},"content":{"rendered":"\n<p>\u2013 En kvartfinale i VM er historisk, helt fenomenalt. Vi har v\u00e6rt med p\u00e5 et eventyr. Det har v\u00e6rt s\u00e5pass bra at vi er fryktelig skuffet n\u00e5 over at vi ikke er i semifinalen, sier landslagstrener Bj\u00f8rn Johansen til NRK.<\/p>\n<p>Han mener Norge tapte mot et totalt sett bedre lag.<\/p>\n<p>\u2013 Vi visste at vi kanskje kunne f\u00e5 utfordringer mot Frankrike hvis vi ble liggende for lavt, og det skjedde i f\u00f8rste omgang. S\u00e5 gj\u00f8r vi noen justeringer og kommer h\u00f8yere med presset, og s\u00e5 spiller vi etter mitt skj\u00f8nn en fenomenal andreomgang og har noen kjempesjanser til \u00e5 utligne, sier Johansen.<\/p>\n<p>Frankrike kom klart best ut i kampen i den chilenske kystbyen Valpara\u00edso s\u00f8ndag. Laget hadde en ballbesittelse p\u00e5 hele 65 prosent i f\u00f8rste omgang \u2013 og seks skudd p\u00e5 m\u00e5l, mens Norge ikke hadde noen.<\/p>\n<p>Sa\u00efmon Bouabr\u00e9 ga \u00abLes Bleus\u00bb ledelsen etter 19 minutter, f\u00f8r han doblet til 2-0 da klokka viste 37 minutter.<\/p>\n<p>\u2013 De klarte \u00e5 knekke koden som andre lag har slitt med mot det norske forsvarsspillet, sa NRK-kommentator Nora Johanne Ekeli da lagene gikk til pause.<\/p>\n<p>Sterkere i andre omgang<\/p>\n<p>I andre omgang kom Norge betydelig mer med i kampen. Etter 62 minutter satte Julian L\u00e6greid ballen i det franske m\u00e5let, men en soleklar offside gjorde at m\u00e5let ble annullert.<\/p>\n<p>Med sju minutter igjen av ordin\u00e6r spilletid spilte Sondre Granaas fram Rasmus Holten, som fra kloss hold kunne sette ballen i m\u00e5l og redusere til 1-2. Holten var n\u00e6r ved \u00e5 utligne med en heading i det 90. minutt, men n\u00e6rmere kom ikke Norge.<\/p>\n<p>\u2013 Det skal i hvert fall ha det, Norge, at de gjorde alt i sin makt etter pause for \u00e5 pr\u00f8ve \u00e5 rette opp dette her. De tente et h\u00e5p med scoringen til Holten, men s\u00e5 fikk de aldri ballen i nettet \u00e9n gang til, sier Ekeli.<\/p>\n<p>Savner sidestykke<\/p>\n<p>Kommentatorkollega Carl-Erik Torp mener vi b\u00f8r v\u00e6re enormt stolte av hva det norske laget har f\u00e5tt til.<\/p>\n<p>\u2013 Det savner sidestykke p\u00e5 herresiden innen yngre landslag, det som de har f\u00e5tt til med s\u00e5 mange forfall, sier han.<\/p>\n<p>Det var f\u00f8rste gang et norsk landslag for menn var i kvartfinale i en VM-turnering, uansett aldersklasse.<\/p>\n<p>Seniorlandslaget har v\u00e6rt i to VM-\u00e5ttedelsfinaler (1938 og 1998), mens U20-landslaget ble utsl\u00e5tt i gruppespillet i sine tre tidligere sluttspill.<\/p>\n<p>I semifinalen skal Frankrike m\u00f8te Marokko, som slo USA 3-1 i sin kvartfinale.<\/p>\n","protected":false},"excerpt":{"rendered":"\u2013 En kvartfinale i VM er historisk, helt fenomenalt. Vi har v\u00e6rt med p\u00e5 et eventyr. Det har&hellip;\n","protected":false},"author":2,"featured_media":59276,"comment_status":"","ping_status":"","sticky":false,"template":"","format":"standard","meta":{"footnotes":""},"categories":[5],"tags":[36,20,21,24,25,1244,15,19,22,23,17,18,13,30,28,29,14,16,1510,26,27,4947],"class_list":{"0":"post-59275","1":"post","2":"type-post","3":"status-publish","4":"format-standard","5":"has-post-thumbnail","7":"category-overskrifter","8":"tag-art","9":"tag-breaking-news","10":"tag-breakingnews","11":"tag-featured-news","12":"tag-featurednews","13":"tag-frankrike","14":"tag-headlines","15":"tag-hovedoppslag","16":"tag-latest-news","17":"tag-latestnews","18":"tag-main-news","19":"tag-mainnews","20":"tag-news","21":"tag-no","22":"tag-norge","23":"tag-norway","24":"tag-nyheter","25":"tag-overskrifter","26":"tag-story","27":"tag-top-stories","28":"tag-topstories","29":"tag-u20-vm"},"share_on_mastodon":{"url":"","error":""},"_links":{"self":[{"href":"https:\/\/www.europesays.com\/no\/wp-json\/wp\/v2\/posts\/59275","targetHints":{"allow":["GET"]}}],"collection":[{"href":"https:\/\/www.europesays.com\/no\/wp-json\/wp\/v2\/posts"}],"about":[{"href":"https:\/\/www.europesays.com\/no\/wp-json\/wp\/v2\/types\/post"}],"author":[{"embeddable":true,"href":"https:\/\/www.europesays.com\/no\/wp-json\/wp\/v2\/users\/2"}],"replies":[{"embeddable":true,"href":"https:\/\/www.europesays.com\/no\/wp-json\/wp\/v2\/comments?post=59275"}],"version-history":[{"count":0,"href":"https:\/\/www.europesays.com\/no\/wp-json\/wp\/v2\/posts\/59275\/revisions"}],"wp:featuredmedia":[{"embeddable":true,"href":"https:\/\/www.europesays.com\/no\/wp-json\/wp\/v2\/media\/59276"}],"wp:attachment":[{"href":"https:\/\/www.europesays.com\/no\/wp-json\/wp\/v2\/media?parent=59275"}],"wp:term":[{"taxonomy":"category","embeddable":true,"href":"https:\/\/www.europesays.com\/no\/wp-json\/wp\/v2\/categories?post=59275"},{"taxonomy":"post_tag","embeddable":true,"href":"https:\/\/www.europesays.com\/no\/wp-json\/wp\/v2\/tags?post=59275"}],"curies":[{"name":"wp","href":"https:\/\/api.w.org\/{rel}","templated":true}]}}