{"id":59297,"date":"2025-10-13T10:01:17","date_gmt":"2025-10-13T10:01:17","guid":{"rendered":"https:\/\/www.europesays.com\/no\/59297\/"},"modified":"2025-10-13T10:01:17","modified_gmt":"2025-10-13T10:01:17","slug":"trump-leder-fredsmotet-i-egypt-dette-ma-du-vite","status":"publish","type":"post","link":"https:\/\/www.europesays.com\/no\/59297\/","title":{"rendered":"Trump leder freds\u00adm\u00f8tet i Egypt: Dette m\u00e5 du vite"},"content":{"rendered":"\n<p class=\"_paragraph_o9xde_4 _paragraph_xtcu6_10 layout-component text-serif-m layout-normal text-serif-m layout-padded\">Mandag starter intense forhandlinger n\u00e5r Hamas og Israel tar f\u00f8rste skritt i Trumps fredsplan.<\/p>\n<p class=\"_paragraph_o9xde_4 _paragraph_xtcu6_10 layout-component text-serif-m layout-normal text-serif-m layout-padded\">Like f\u00f8r klokken 09.00 landet Trumps Air Force One p\u00e5 Ben Gurion-flyplass i Israel. <\/p>\n<p class=\"_paragraph_o9xde_4 _paragraph_xtcu6_10 layout-component text-serif-m layout-normal text-serif-m layout-padded\">Etter \u00e5 ha blitt m\u00f8tt av Israels statsminister og president, kj\u00f8rte de mot Jerusalem der den israelske nasjonalforsamlingen holder til. <\/p>\n<p class=\"_paragraph_o9xde_4 _paragraph_xtcu6_10 layout-component text-serif-m layout-normal text-serif-m layout-padded\">P\u00e5 vei inn i Knesset gjentok Trump at \u00abkrigen er over\u00bb. <\/p>\n<p class=\"_paragraph_o9xde_4 _paragraph_xtcu6_10 layout-component text-serif-m layout-normal text-serif-m layout-padded\"><strong class=\"_strong_o9xde_25\">\u2013 Dette er en stor dag. En ny begynnelse, sa han til pressen. <\/strong><\/p>\n<p class=\"_paragraph_o9xde_4 _paragraph_xtcu6_10 layout-component text-serif-m layout-normal text-serif-m layout-padded\">Like f\u00f8r klokken 12 ankommer Donald Trump knesset, der han skal tale. Han ble m\u00f8tt av st\u00e5ende applaus og trampeklapp av nasjonalforsamlingen.<\/p>\n<p class=\"_paragraph_o9xde_4 _paragraph_xtcu6_10 layout-component text-serif-m layout-normal text-serif-m layout-padded\">Se talen her: <\/p>\n<p>   Reiser videre til Egypt<\/p>\n<p class=\"_paragraph_o9xde_4 _paragraph_xtcu6_10 layout-component text-serif-m layout-normal text-serif-m layout-padded\">Videre skal USAs president til Egypt for \u00e5 forhandle frem avtalen. Der skal ogs\u00e5 statsminister Jonas Gahr St\u00f8re og utenriksminister Espen Barth Eide. <\/p>\n<p class=\"_paragraph_o9xde_4 _paragraph_xtcu6_10 layout-component text-serif-m layout-normal text-serif-m layout-padded\"><strong class=\"_strong_o9xde_25\">Dette er hovedpunktene:<\/strong><\/p>\n<ul class=\"_list_o9xde_3 _list_xtcu6_9 _unordered_o9xde_106 layout-component text-serif-m layout-normal text-serif-m layout-padded\">\n<li class=\"_item_o9xde_30\">Hamas skal frigj\u00f8re gislene som har v\u00e6rt i fangenskap siden angrepet 7. oktober 2023. I bytte l\u00f8slater Israel n\u00e6r 2000 palestinske fanger.<\/li>\n<li class=\"_item_o9xde_30\">Gisselfrigj\u00f8ringen startet klokken 07 norsk tid mandag, fra Netzarim-korridoren s\u00f8r for Gaza by. De syv f\u00f8rste gislene <a href=\"https:\/\/www.vg.no\/nyheter\/i\/4B5QlE\/fredsplanen-israel-hamas\" data-track-element-type=\"Link\" data-track-id=\"link:4B5QlE\" class=\"_link_o9xde_39\" rel=\"nofollow noopener\" target=\"_blank\">ble meldt frigitt rundt klokken 07.15<\/a>. Klokken 10 fortsetter den i Gazas Khan Yunis. <\/li>\n<li class=\"_item_o9xde_30\">Donald Trump er i Israel for \u00e5 tale i nasjonalforsamlingen Knesset. <\/li>\n<li class=\"_item_o9xde_30\">Senere leder han fredsforhandlinger i Sharm el-Sheikh sammen med Egypts president.<\/li>\n<\/ul>\n<p class=\"_paragraph_o9xde_4 _paragraph_xtcu6_10 layout-component text-serif-m layout-normal text-serif-m layout-padded\"><strong class=\"_strong_o9xde_25\">Dersom alt g\u00e5r som planlagt, markerer mandagen et vendepunkt i konflikten \u2013 noe president Trump selv er overbevist om at det blir. <\/strong><\/p>\n<p class=\"_paragraph_o9xde_4 _paragraph_xtcu6_10 layout-component text-serif-m layout-normal text-serif-m layout-padded\">\u2013 Krigen er over, dere skj\u00f8nner det, sa Trump til pressen <a href=\"https:\/\/www.vg.no\/nyheter\/i\/4B5Q7q\/trump-krigen-i-gaza-er-over\" data-track-element-type=\"Link\" data-track-id=\"link:4B5Q7q\" class=\"_link_o9xde_39\" rel=\"nofollow noopener\" target=\"_blank\">like f\u00f8r han tok av med Air Force One<\/a> for Tel Aviv s\u00f8ndag. <\/p>\n<p class=\"_paragraph_o9xde_4 _paragraph_xtcu6_10 layout-component text-serif-m layout-normal text-serif-m layout-padded\">\u2013 V\u00e5penhvilen vil vare. Det kommer til \u00e5 g\u00e5 fint.<\/p>\n<p class=\"_paragraph_o9xde_4 _paragraph_xtcu6_10 layout-component text-serif-m layout-normal text-serif-m layout-padded\">Midt\u00f8sten-ekspert Dag Henrik Tuastad er spent. <\/p>\n<p class=\"_paragraph_o9xde_4 _paragraph_xtcu6_10 layout-component text-serif-m layout-normal text-serif-m layout-padded\">\u2013 Det kan gi et momentum. For Hamas handler spenningen n\u00e5 om hvorvidt Israel vil gjenoppta krigen etterp\u00e5. Men USA skal ha garantert at Israel ikke gj\u00f8r det, sier Tuastad, som er f\u00f8rstelektor i Midt\u00f8sten-studier ved Universitetet i Oslo. <\/p>\n<p><img decoding=\"async\" alt=\"Bilde av Dag Henrik Tuastad\" class=\"_image_ygndg_42\" height=\"53\" itemprop=\"image\" loading=\"lazy\"  src=\"https:\/\/www.europesays.com\/no\/wp-content\/uploads\/2025\/10\/a943f915-cee6-4aaf-9ed2-70aace0f88cb\"  width=\"40\"\/><strong class=\"_name_ygndg_51 title-serif-xs\">Dag Henrik Tuastad<\/strong><\/p>\n<p class=\"_paragraph_o9xde_4 text-sans-m _description_ygndg_56\">F\u00f8rstelektor i Midt\u00f8sten-studier ved UiO<\/p>\n<p class=\"_paragraph_o9xde_4 _paragraph_xtcu6_10 layout-component text-serif-m layout-normal text-serif-m layout-padded\">VG har g\u00e5tt gjennom de viktigste sp\u00f8rsm\u00e5lene \u2013 slik at du lettere kan forst\u00e5 utviklingen.<\/p>\n<p>N\u00e5r slippes gislene fri?<\/p>\n<p class=\"_paragraph_o9xde_4 _paragraph_xtcu6_10 layout-component text-serif-m layout-normal text-serif-m layout-padded\">Om alt g\u00e5r etter planen, skal Hamas frigj\u00f8re de gjenv\u00e6rende israelske gislene mandag morgen. Det har b\u00e5de Hamas og den israelske regjeringen uttalt.<\/p>\n<p class=\"_paragraph_o9xde_4 _paragraph_xtcu6_10 layout-component text-serif-m layout-normal text-serif-m layout-padded\">Israel har sagt at de forventer at de 20 gislene som er i live vil bli utlevert samtidig.<\/p>\n<ul class=\"_gallery_1qa3s_23\" tabindex=\"0\">\n<li class=\"_item_1qa3s_37\" data-index=\"0\"><img decoding=\"async\" class=\"_image_foru8_23 _articleGallery_foru8_39\" data-fullscreen- width=\"1024\" height=\"1024\" itemprop=\"image\" loading=\"lazy\"  src=\"https:\/\/www.europesays.com\/no\/wp-content\/uploads\/2025\/10\/26cd1166-6939-4768-b81f-4c6bc00077f9\"  style=\"object-position:50% 50%;aspect-ratio:var(--gallery-aspect-ratio, 16 \/ 9)\"\/>Ariel Cunio (28) ble kidnappet sammen med partneren sin, Arbel Yehud, fra hjemmet deres i Nir Oz ved grensen til Gaza.<\/li>\n<li class=\"_item_1qa3s_37\" data-index=\"1\"><img decoding=\"async\" class=\"_image_foru8_23 _articleGallery_foru8_39\" data-fullscreen- width=\"371\" height=\"371\" itemprop=\"image\" loading=\"lazy\"  src=\"https:\/\/www.europesays.com\/no\/wp-content\/uploads\/2025\/10\/a54b2172-b0a8-4a46-886c-cbb54387697a\"  style=\"object-position:50% 50%;aspect-ratio:var(--gallery-aspect-ratio, 16 \/ 9)\"\/>Matan Angrest (22) var soldat i den israelske h\u00e6ren og ble kidnappet fra stridsvognen sin under kamp med Hamas-krigere.<\/li>\n<li class=\"_item_1qa3s_37\" data-index=\"2\"><img decoding=\"async\" class=\"_image_foru8_23 _articleGallery_foru8_39\" data-fullscreen- width=\"377\" height=\"377\" itemprop=\"image\" loading=\"lazy\"  src=\"https:\/\/www.europesays.com\/no\/wp-content\/uploads\/2025\/10\/305e376d-f492-4126-abea-aa3356805ea5\"  style=\"object-position:50% 50%;aspect-ratio:var(--gallery-aspect-ratio, 16 \/ 9)\"\/>Alon Ohel (24), fra Nord-Israel, ble tatt fra et bomberom langs veien etter \u00e5 ha flyktet fra musikkfestivalen Nova.<\/li>\n<li class=\"_item_1qa3s_37\" data-index=\"3\"><img decoding=\"async\" class=\"_image_foru8_23 _articleGallery_foru8_39\" data-fullscreen- width=\"374\" height=\"374\" itemprop=\"image\" loading=\"lazy\"  src=\"https:\/\/www.europesays.com\/no\/wp-content\/uploads\/2025\/10\/b9d45e41-0148-4109-bdf9-7ab7cdaac870\"  style=\"object-position:50% 50%;aspect-ratio:var(--gallery-aspect-ratio, 16 \/ 9)\"\/>David Cunio (35) ble bortf\u00f8rt sammen med sin kone og tvillingd\u00f8trene deres p\u00e5 tre \u00e5r. Kona og barna l\u00f8slatt i 2023.<\/li>\n<li class=\"_item_1qa3s_37\" data-index=\"4\"><img decoding=\"async\" class=\"_image_foru8_23 _articleGallery_foru8_39\" data-fullscreen- width=\"375\" height=\"375\" itemprop=\"image\" loading=\"lazy\"  src=\"https:\/\/www.europesays.com\/no\/wp-content\/uploads\/2025\/10\/f706d2e0-d392-492b-9439-c5b3d0b6fe29\"  style=\"object-position:50% 50%;aspect-ratio:var(--gallery-aspect-ratio, 16 \/ 9)\"\/>Avinatan Or (32) ble bortf\u00f8rt sammen med partneren sin fra musikkfestivalen Nova.<\/li>\n<li class=\"_item_1qa3s_37\" data-index=\"5\"><img decoding=\"async\" class=\"_image_foru8_23 _articleGallery_foru8_39\" data-fullscreen- width=\"1024\" height=\"1024\" itemprop=\"image\" loading=\"lazy\"  src=\"https:\/\/www.europesays.com\/no\/wp-content\/uploads\/2025\/10\/1fac5805-7a13-472f-be99-bf45a8a6afe7\"  style=\"object-position:50% 50%;aspect-ratio:var(--gallery-aspect-ratio, 16 \/ 9)\"\/>Bar Kupershtein (23) ble tatt med fra Nova-festivalen, hvor han jobbet som sikkerhetsvakt.<\/li>\n<li class=\"_item_1qa3s_37\" data-index=\"6\"><img decoding=\"async\" class=\"_image_foru8_23 _articleGallery_foru8_39\" data-fullscreen- width=\"373\" height=\"373\" itemprop=\"image\" loading=\"lazy\"  src=\"https:\/\/www.europesays.com\/no\/wp-content\/uploads\/2025\/10\/d7c9e275-8630-4b49-9870-56885e5b72b7\"  style=\"object-position:50% 50%;aspect-ratio:var(--gallery-aspect-ratio, 16 \/ 9)\"\/>Bipin Joshi (24), student fra Nepal, ble bortf\u00f8rt fra Kibbutz Alumim, en landsby n\u00e6r grensen til Gaza.<\/li>\n<li class=\"_item_1qa3s_37\" data-index=\"7\"><img decoding=\"async\" class=\"_image_foru8_23 _articleGallery_foru8_39\" data-fullscreen- width=\"372\" height=\"372\" itemprop=\"image\" loading=\"lazy\"  src=\"https:\/\/www.europesays.com\/no\/wp-content\/uploads\/2025\/10\/39d9978a-3d81-4d65-a34d-25169ef2208b\"  style=\"object-position:50% 50%;aspect-ratio:var(--gallery-aspect-ratio, 16 \/ 9)\"\/>Elkana Bohbot (36) ble bortf\u00f8rt fra Nova-festivalen, hvor han jobbet i produksjonen.<\/li>\n<li class=\"_item_1qa3s_37\" data-index=\"8\"><img decoding=\"async\" class=\"_image_foru8_23 _articleGallery_foru8_39\" data-fullscreen- width=\"371\" height=\"371\" itemprop=\"image\" loading=\"lazy\"  src=\"https:\/\/www.europesays.com\/no\/wp-content\/uploads\/2025\/10\/2b752fb5-82c8-4507-9f86-64abdefd5a03\"  style=\"object-position:50% 50%;aspect-ratio:var(--gallery-aspect-ratio, 16 \/ 9)\"\/>Eitan Mor (25) ble tatt fra Nova-festivalen, hvor han jobbet som sikkerhetsvakt.<\/li>\n<li class=\"_item_1qa3s_37\" data-index=\"9\"><img decoding=\"async\" class=\"_image_foru8_23 _articleGallery_foru8_39\" data-fullscreen- width=\"371\" height=\"371\" itemprop=\"image\" loading=\"lazy\"  src=\"https:\/\/www.europesays.com\/no\/wp-content\/uploads\/2025\/10\/c20408e8-ac40-4e0b-9494-93b729dc2a78\"  style=\"object-position:50% 50%;aspect-ratio:var(--gallery-aspect-ratio, 16 \/ 9)\"\/>Evyatar David (24) ble tatt til fange fra Nova-festivalen sammen med sin venn.<\/li>\n<li class=\"_item_1qa3s_37\" data-index=\"10\"><img decoding=\"async\" class=\"_image_foru8_23 _articleGallery_foru8_39\" data-fullscreen- width=\"373\" height=\"373\" itemprop=\"image\" loading=\"lazy\"  src=\"https:\/\/www.europesays.com\/no\/wp-content\/uploads\/2025\/10\/36caf957-3a15-49bb-b05e-49a59068566e\"  style=\"object-position:50% 50%;aspect-ratio:var(--gallery-aspect-ratio, 16 \/ 9)\"\/>Nimrod Cohen (19) vernepliktig soldat p\u00e5 vakt n\u00e6r grensen til Gaza da han ble tatt.<\/li>\n<li class=\"_item_1qa3s_37\" data-index=\"11\"><img decoding=\"async\" class=\"_image_foru8_23 _articleGallery_foru8_39\" data-fullscreen- width=\"374\" height=\"374\" itemprop=\"image\" loading=\"lazy\"  src=\"https:\/\/www.europesays.com\/no\/wp-content\/uploads\/2025\/10\/de76a421-5737-4110-836e-7f78f66d6002\"  style=\"object-position:50% 50%;aspect-ratio:var(--gallery-aspect-ratio, 16 \/ 9)\"\/>Gali Berman (28) ble bortf\u00f8rt sammen med tvillingbroren sin Zin fra Kfar Aza.<\/li>\n<li class=\"_item_1qa3s_37\" data-index=\"12\"><img decoding=\"async\" class=\"_image_foru8_23 _articleGallery_foru8_39\" data-fullscreen- width=\"373\" height=\"373\" itemprop=\"image\" loading=\"lazy\"  src=\"https:\/\/www.europesays.com\/no\/wp-content\/uploads\/2025\/10\/5a09e68b-9596-4007-b41e-fbe6eb317b16\"  style=\"object-position:50% 50%;aspect-ratio:var(--gallery-aspect-ratio, 16 \/ 9)\"\/>Ziv Berman (28) ble bortf\u00f8rt sammen med tvillingbroren sin Gali fra Kfar Aza.<\/li>\n<li class=\"_item_1qa3s_37\" data-index=\"13\"><img decoding=\"async\" class=\"_image_foru8_23 _articleGallery_foru8_39\" data-fullscreen- width=\"372\" height=\"372\" itemprop=\"image\" loading=\"lazy\"  src=\"https:\/\/www.europesays.com\/no\/wp-content\/uploads\/2025\/10\/24985c59-7045-4a34-a89b-e91ce1dc23ef\"  style=\"object-position:50% 50%;aspect-ratio:var(--gallery-aspect-ratio, 16 \/ 9)\"\/>Guy Gilboa-Dalal (24) ble kidnappet fra Nova-festivalen.<\/li>\n<li class=\"_item_1qa3s_37\" data-index=\"14\"><img decoding=\"async\" class=\"_image_foru8_23 _articleGallery_foru8_39\" data-fullscreen- width=\"377\" height=\"377\" itemprop=\"image\" loading=\"lazy\"  src=\"https:\/\/www.europesays.com\/no\/wp-content\/uploads\/2025\/10\/26774802-a5f5-47e4-9537-1328d39a4f3e\"  style=\"object-position:50% 50%;aspect-ratio:var(--gallery-aspect-ratio, 16 \/ 9)\"\/>Maxim Herkin (37) flyttet fra Ukraina til Israel og ble kidnappet fra Nova-festivalen.<\/li>\n<li class=\"_item_1qa3s_37\" data-index=\"15\"><img decoding=\"async\" class=\"_image_foru8_23 _articleGallery_foru8_39\" data-fullscreen- width=\"373\" height=\"373\" itemprop=\"image\" loading=\"lazy\"  src=\"https:\/\/www.europesays.com\/no\/wp-content\/uploads\/2025\/10\/b34ded7d-efe9-4116-9e69-68e0ba07bab0\"  style=\"object-position:50% 50%;aspect-ratio:var(--gallery-aspect-ratio, 16 \/ 9)\"\/>Matan Zangauker (25) bodde i Nir Oz med kj\u00e6resten sin. De ble begge kidnappet, hun ble senere sluppet fri.<\/li>\n<li class=\"_item_1qa3s_37\" data-index=\"16\"><img decoding=\"async\" class=\"_image_foru8_23 _articleGallery_foru8_39\" data-fullscreen- width=\"369\" height=\"369\" itemprop=\"image\" loading=\"lazy\"  src=\"https:\/\/www.europesays.com\/no\/wp-content\/uploads\/2025\/10\/a735c3b9-db0b-44f4-aa54-152595d66e4d\"  style=\"object-position:50% 50%;aspect-ratio:var(--gallery-aspect-ratio, 16 \/ 9)\"\/>Segev Kalfon (27) ble kidnappet da han pr\u00f8vde \u00e5 r\u00f8mme fra Nova-festivalen.<\/li>\n<li class=\"_item_1qa3s_37\" data-index=\"17\"><img decoding=\"async\" class=\"_image_foru8_23 _articleGallery_foru8_39\" data-fullscreen- width=\"374\" height=\"374\" itemprop=\"image\" loading=\"lazy\"  src=\"https:\/\/www.europesays.com\/no\/wp-content\/uploads\/2025\/10\/3d1083d4-224f-44bf-b5bf-0768c65aca5c\"  style=\"object-position:50% 50%;aspect-ratio:var(--gallery-aspect-ratio, 16 \/ 9)\"\/>Omri Miran (48) ble kidnappet fra kibbutz Nahal Oz n\u00e6r grensen til Gaza.<\/li>\n<li class=\"_item_1qa3s_37\" data-index=\"18\"><img decoding=\"async\" class=\"_image_foru8_23 _articleGallery_foru8_39\" data-fullscreen- width=\"377\" height=\"376\" itemprop=\"image\" loading=\"lazy\"  src=\"https:\/\/www.europesays.com\/no\/wp-content\/uploads\/2025\/10\/971e9f53-9b70-485c-a82a-f963102efd4e\"  style=\"object-position:50% 50%;aspect-ratio:var(--gallery-aspect-ratio, 16 \/ 9)\"\/>Eitan Horn (38) ble tatt fra Nir Oz sammen med sin eldre bror, Iair Horn, som ble l\u00f8slatt i februar.<\/li>\n<li class=\"_item_1qa3s_37\" data-index=\"19\"><img decoding=\"async\" class=\"_image_foru8_23 _articleGallery_foru8_39\" data-fullscreen- width=\"371\" height=\"371\" itemprop=\"image\" loading=\"lazy\"  src=\"https:\/\/www.europesays.com\/no\/wp-content\/uploads\/2025\/10\/ef95a449-744b-4b59-9a08-455deb6121f2\"  style=\"object-position:50% 50%;aspect-ratio:var(--gallery-aspect-ratio, 16 \/ 9)\"\/>Rom Braslavski (21) jobbet som sikkerhetsvakt p\u00e5 Nova-festivalen da han ble kidnappet.<\/li>\n<li class=\"_item_1qa3s_37\" data-index=\"20\"><img decoding=\"async\" class=\"_image_foru8_23 _articleGallery_foru8_39\" data-fullscreen- width=\"373\" height=\"373\" itemprop=\"image\" loading=\"lazy\"  src=\"https:\/\/www.europesays.com\/no\/wp-content\/uploads\/2025\/10\/2817d190-0e82-43de-b97d-f6c8483aabe2\"  style=\"object-position:50% 50%;aspect-ratio:var(--gallery-aspect-ratio, 16 \/ 9)\"\/>Yosef-Chaim Ohana (25) hjalp skadde mennesker med \u00e5 flykte fra Nova-festivalen da han ble tatt til fange av Hamas.<\/li>\n<li class=\"_item_1qa3s_37\" data-index=\"21\"><img decoding=\"async\" class=\"_image_foru8_23 _articleGallery_foru8_39\" data-fullscreen- width=\"375\" height=\"375\" itemprop=\"image\" loading=\"lazy\"  src=\"https:\/\/www.europesays.com\/no\/wp-content\/uploads\/2025\/10\/cd022ecd-22d3-49f2-807b-ad81c4252b51\"  style=\"object-position:50% 50%;aspect-ratio:var(--gallery-aspect-ratio, 16 \/ 9)\"\/>Tamir Nimrodi (20) soldat som ble kidnappet fra en milit\u00e6rbase i n\u00e6rheten av Gaza. Myndigheten frykter han er d\u00f8d.<\/li>\n<\/ul>\n<p>Ariel Cunio (28) ble kidnappet sammen med partneren sin, Arbel Yehud, fra hjemmet deres i Nir Oz ved grensen til Gaza.<\/p>\n<p class=\"_paragraph_o9xde_4 _paragraph_xtcu6_10 layout-component text-serif-m layout-normal text-serif-m layout-padded\">Overleveringen startet mandag morgen. <\/p>\n<p>Slik skal gislene fraktes ut<\/p>\n<ul class=\"_list_o9xde_3 _list_xtcu6_9 _list_16v91_9 _unordered_o9xde_106 layout-component text-serif-m layout-normal text-sans-m layout-padded\">\n<li class=\"_item_o9xde_30\">Shosh Bedrosian, talsperson fra det israelske regjeringsapparatet, sier at Israel forventer at de 20 gislene som fortsatt tros \u00e5 v\u00e6re i live l\u00f8slates sammen, f\u00f8r de videre skal ta imot de 28 antatt avd\u00f8de gislene.<\/li>\n<li class=\"_item_o9xde_30\">De overlevende vil f\u00e5 medisinsk f\u00f8lge p\u00e5 vei ut av Gaza og fraktes deretter med familiene til tre sykehus: Sheba (10), Be\u2019al-Insan (5) og Yichalof (5), som alle er fullt forberedt. Gislene har sittet i Hamas\u2019 fangenskap siden 7. oktober 2022, og det er ventet at de overlevende vil trenge langvarig fysisk og psykisk oppf\u00f8lging.<\/li>\n<li class=\"_item_o9xde_30\">Israel forbereder ogs\u00e5 mottak av levningene etter de 28 omkomne. <\/li>\n<li class=\"_item_o9xde_30\">N\u00e5r R\u00f8de Kors overleverer kroppene til IDF i Gaza, holdes en kort seremoni med flagg og j\u00f8diske b\u00f8nner. Deretter sendes de til Abu Kabir-institutt for identifisering f\u00f8r familiene varsles.<\/li>\n<\/ul>\n<p>Vis mer   Hvem er de palestinske fangene?<\/p>\n<p class=\"_paragraph_o9xde_4 _paragraph_xtcu6_10 layout-component text-serif-m layout-normal text-serif-m layout-padded\">I bytte skal Israel l\u00f8slate nesten 2000 palestinske fanger \u2013 mange av dem fengslet p\u00e5 ubestemt tid uten dom \u2013 fra israelske milit\u00e6re fengsler. Mange er kvinner og barn.<\/p>\n<p class=\"_paragraph_o9xde_4 _paragraph_xtcu6_10 layout-component text-serif-m layout-normal text-serif-m layout-padded\">\u2013 Det skal ikke undervurderes hvor stort dette er i <a href=\"https:\/\/www.vg.no\/tag\/gaza?utm_source=vg-article&amp;utm_medium=auto-tagger&amp;utm_campaign=RzJX8r\" class=\"_link_o9xde_39\" rel=\"nofollow noopener\" target=\"_blank\">Gaza<\/a>. Mange m\u00f8dre har ikke trodd de skulle se sine livstidsd\u00f8mte barn igjen. Mandagen kan skape en enormt positiv stemning \u2013 b\u00e5de i Gaza og i Israel, sier Tuastad.<\/p>\n<p class=\"_paragraph_o9xde_4 _paragraph_xtcu6_10 layout-component text-serif-m layout-normal text-serif-m layout-padded\">Men Hamas skal ogs\u00e5 ha krevd l\u00f8slatelsen av syv palestinske, politiske ledere. Det rapporterer AFP og viser til \u00abkilder tett p\u00e5 forhandlingene\u00bb.<\/p>\n<p class=\"_paragraph_o9xde_4 _paragraph_xtcu6_10 layout-component text-serif-m layout-normal text-serif-m layout-padded\">Hamas har tidligere <a href=\"https:\/\/www.vg.no\/nyheter\/i\/25Lojx\/espen-barth-eide-om-gaza-avtalen-det-er-mange-skjaer-i-sjoeen\" data-track-element-type=\"Link\" data-track-id=\"link:25Lojx\" class=\"_link_o9xde_39\" rel=\"nofollow noopener\" target=\"_blank\">anklaget<\/a> Israel for \u00e5 \u00abtrikse med lister\u00bb.<\/p>\n<p><img alt=\"Foto: TAL COHEN \/ AFP \/ NTB\" class=\"_image_qp4xg_65 layout-component layout-normal\" data-fullscreen- data-track-element-type=\"Article image fullscreen\" data-track-name=\"ImageFullscreen\" decoding=\"async\" loading=\"lazy\" height=\"3667\" itemprop=\"image\"  src=\"https:\/\/www.europesays.com\/no\/wp-content\/uploads\/2025\/10\/825fe142-3fad-4d13-8e0d-d29cd031f9f9\"  style=\"object-position:0% 0%\" width=\"2480\"\/>Foto: TAL COHEN \/ AFP \/ NTB<\/p>\n<p class=\"_paragraph_o9xde_4 _paragraph_xtcu6_10 layout-component text-serif-m layout-normal text-serif-m layout-padded\">If\u00f8lge AFP insisterer Hamas p\u00e5 at <a href=\"https:\/\/www.vg.no\/nyheter\/i\/mQ7LRL\/tomorrows-freedom-dokumentar\" data-track-element-type=\"Link\" data-track-id=\"link:mQ7LRL\" class=\"_link_o9xde_39\" rel=\"nofollow noopener\" target=\"_blank\">Marwan Barghouti<\/a>, fangen mange palestinere \u00f8nsker som Palestinas neste leder, skal st\u00e5 p\u00e5 den endelige listen sammen med blant andre Ahmad Saadat, Ibrahim Hamed og Abbas al-Sayyed. <\/p>\n<p class=\"_paragraph_o9xde_4 _paragraph_xtcu6_10 layout-component text-serif-m layout-normal text-serif-m layout-padded\">\u2013 Ved ikke \u00e5 slippe ham fri signaliserer Israel at de frykter palestinsk samling. Jo st\u00f8rre suksess Hamas kan selge gjennom fangeutvekslingen, jo mer skyves oppmerksomheten bort fra 7. oktober, forklarer Tuastad.<\/p>\n<p>   Hva skal Trump i Israel?<\/p>\n<p class=\"_paragraph_o9xde_4 _paragraph_xtcu6_10 layout-component text-serif-m layout-normal text-serif-m layout-padded\">Donald Trump <a href=\"https:\/\/www.vg.no\/nyheter\/i\/4B5Q7q\/trump-krigen-i-gaza-er-over\" data-track-element-type=\"Link\" data-track-id=\"link:4B5Q7q\" class=\"_link_o9xde_39\" rel=\"nofollow noopener\" target=\"_blank\">satte seg s\u00f8ndag kveld p\u00e5 et fly til Midt\u00f8sten<\/a>. F\u00f8rste stopp er Israel, der han blant annet skal hilse p\u00e5 gislenes familier og tale i nasjonalforsamlingen Knesset. Senere drar han til Egypt, hvor det er fredstoppm\u00f8te. <\/p>\n<p class=\"_paragraph_o9xde_4 _paragraph_xtcu6_10 layout-component text-serif-m layout-normal text-serif-m layout-padded\">Han sier Gaza \u00abskal gjenoppbygges\u00bb og peker p\u00e5 \u00absv\u00e6rt rike land i regionen\u00bb som kan finansiere dette.<\/p>\n<p class=\"_paragraph_o9xde_4 _paragraph_xtcu6_10 layout-component text-serif-m layout-normal text-serif-m layout-padded\">Trump opplyser ogs\u00e5 at et nytt \u00abfredsr\u00e5d\u00bb er under etablering, og at han er bedt om \u00e5 lede det. Om v\u00e5penhvilen sier han: \u00abJeg tror den vil holde. Alle er lei av \u00e5 kjempe.\u00bb<\/p>\n<p>   Hva skjer p\u00e5 fredstoppm\u00f8tet?<\/p>\n<p class=\"_paragraph_o9xde_4 _paragraph_xtcu6_10 layout-component text-serif-m layout-normal text-serif-m layout-padded\">N\u00e5r ledere fra rundt 20 land m\u00f8tes til \u00abFredsm\u00f8tet i Sharm el-Sheikh\u00bb i Egypt mandag, ventes hverken Israel eller Hamas \u00e5 dukke opp.<\/p>\n<p class=\"_paragraph_o9xde_4 _paragraph_xtcu6_10 layout-component text-serif-m layout-normal text-serif-m layout-padded\">P\u00e5 plass er derimot president Donald Trump, Tysklands kansler Friedrich Merz, Frankrikes president Emmanuel Macron, Storbritannias statsminister Keir Starmer, Tyrkias president Recep Tayyip Erdogan \u2013 og Norges statsminister Jonas Gahr St\u00f8re.<\/p>\n<p class=\"_paragraph_o9xde_4 _paragraph_xtcu6_10 layout-component text-serif-m layout-normal text-serif-m layout-padded\">I tillegg ventes delegasjoner fra viktige land i regionen \u00e5 m\u00f8te, blant annet Qatar som har v\u00e6rt en sentral part i forhandlingene.<\/p>\n<p class=\"_paragraph_o9xde_4 _paragraph_xtcu6_10 layout-component text-serif-m layout-normal text-serif-m layout-padded\">Toppm\u00f8tet ledes av Trump og Egypts president Abdel Fattah al-Sisi.<\/p>\n<p class=\"_paragraph_o9xde_4 _paragraph_xtcu6_10 layout-component text-serif-m layout-normal text-serif-m layout-padded\">Han sier Gaza \u00abskal gjenoppbygges\u00bb og at \u00absv\u00e6rt rike land i regionen\u00bb kan finansiere dette. <\/p>\n<p>Trumps plan kort fortalt<\/p>\n<p class=\"_paragraph_o9xde_4 _paragraph_xtcu6_10 _paragraph_16v91_10 layout-component text-serif-m layout-normal text-sans-m layout-padded\" itemprop=\"text\">Gisselbyttet markerer f\u00f8rste fase av Trumps plan for \u00e5 f\u00e5 slutt p\u00e5 den d\u00f8deligste krigen i historien til den israelsk-palestinske konflikten.<\/p>\n<p class=\"_paragraph_o9xde_4 _paragraph_xtcu6_10 _paragraph_16v91_10 layout-component text-serif-m layout-normal text-sans-m layout-padded\" itemprop=\"text\">Andre fase krever at Hamas avv\u00e6pnes, at israelske styrker trekker seg bredere tilbake fra Gaza, og at en internasjonal stabiliseringsstyrke utplasseres i det palestinske omr\u00e5det.<\/p>\n<p class=\"_paragraph_o9xde_4 _paragraph_xtcu6_10 _paragraph_16v91_10 layout-component text-serif-m layout-normal text-sans-m layout-padded\" itemprop=\"text\">Men hverken Israel eller Hamas skulle i utgangspunktet delta p\u00e5 toppm\u00f8tet. Mandag ettermiddag bekreftet imidlertid den egyptiske myndigheter at Netanyahu skal delta. <\/p>\n<p class=\"_paragraph_o9xde_4 _paragraph_xtcu6_10 _paragraph_16v91_10 layout-component text-serif-m layout-normal text-sans-m layout-padded\" itemprop=\"text\">Det er forventer at det blir langt mer komplisert \u00e5 f\u00e5 dem til \u00e5 godta den andre fasen av Trumps plan.<\/p>\n<p>Alle de 20 punktene<\/p>\n<p class=\"_paragraph_o9xde_4 _paragraph_xtcu6_10 _paragraph_16v91_10 layout-component text-serif-m layout-normal text-sans-m layout-padded\" itemprop=\"text\">If\u00f8lge Det hvite hus, er dette Trumps 20-punktsplan:<\/p>\n<ol class=\"_list_o9xde_3 _list_xtcu6_9 _list_16v91_9 _ordered_o9xde_79 layout-component text-serif-m layout-normal text-sans-m layout-padded\" itemprop=\"text\">\n<li class=\"_item_o9xde_30\">Gaza blir en avradikalisert, terrorfri sone uten trussel mot naboer.<\/li>\n<li class=\"_item_o9xde_30\">Gaza gjenoppbygges til fordel for egen befolkning, som har lidd mer en nok.<\/li>\n<li class=\"_item_o9xde_30\">Ved aksept fra begge parter,\u00a0<strong class=\"_strong_o9xde_25\">stanser krigen umiddelbart<\/strong>, IDF trekker seg ut til det som er avtalt, avbryter milit\u00e6r aktivitet, fryser frontlinjer og forbereder gisselutveksling.<\/li>\n<li class=\"_item_o9xde_30\">Alle gisler (levende og d\u00f8de) returneres innen 72 timer.<\/li>\n<li class=\"_item_o9xde_30\">Israel l\u00f8slater 250 livstidsfanger + 1700 arrestert etter 7. oktober.<\/li>\n<li class=\"_item_o9xde_30\">Hamas-medlemmer som avv\u00e6pner seg f\u00e5r amnesti eller trygg passasje.<\/li>\n<li class=\"_item_o9xde_30\">Ved godkjennelse av avtalen, starter full n\u00f8dhjelp til Gazastripen straks, inkludert gjenoppbygging av infrastruktur og sykehus.<\/li>\n<li class=\"_item_o9xde_30\">Hjelpen skal distribueres gjennom FN, R\u00f8de Halvm\u00e5ne mfl.; Rafah-grensen \u00e5pnes etter 19. jan-avtalen.<\/li>\n<li class=\"_item_o9xde_30\">Gaza vil styres midlertidig av en\u00a0teknokratisk, upolitisk, komit\u00e9 med internasjonalt tilsyn \u2013 \u00abBoard of Peace\u00bb ledet av Donald Trump og tidligere britisk statsminister Tony Blair. Komiteen vil best\u00e5 av \u00abkvalifiserte palestinere\u00bb og internasjonal eksperter.<\/li>\n<li class=\"_item_o9xde_30\">En Trump-ledet utviklingsplan lanseres for investeringer og arbeidsplasser.<\/li>\n<li class=\"_item_o9xde_30\">Det vil bli opprettet en egen, \u00f8konomisk sone.<\/li>\n<li class=\"_item_o9xde_30\">Ingen tvinges til \u00e5 forlate Gaza; folk kan bli, reise og returnere fritt. Vi oppfordrer folk til \u00e5 bli og vil gi dem muligheten til \u00e5 bygge et bedre Gaza.<\/li>\n<li class=\"_item_o9xde_30\">Hamas og andre fraksjoner f\u00e5r ingen styringsrolle, hverken direkte eller indirekte. Milit\u00e6r infrastruktur og v\u00e5penproduksjon skal \u00f8delegges og ikke gjenoppbygges.<\/li>\n<li class=\"_item_o9xde_30\">Regionale partnere garanterer at Hamas og andre fraksjoner holder seg til avtalen og at nye Gaza ikke utgj\u00f8r en trussel for sine naboer eller egen befolkning.<\/li>\n<li class=\"_item_o9xde_30\">USA vil jobbe med arabiske og internasjonale partnere for \u00e5 etablere en midlertidig, internasjonal stabiliseringsstyrke (ISF). Stabiliseringsstyrken vil trene og st\u00f8tte palestinske politistyrker i Gaza. Stabiliseringsstyrken vil fungere som en langsiktig, intern sikkerhetsl\u00f8sning, og den vil jobbe med Israel og Egypt for \u00e5 sikre grenseomr\u00e5der. Det blir kritisk \u00e5 hindre at ammunisjon entrer Gaza, og sikre trygg flyt av varer for \u00e5 bygge opp Gaza.<\/li>\n<li class=\"_item_o9xde_30\">Israel skal ikke okkupere eller annektere Gaza. Idet ISF oppn\u00e5r kontroll og stabilitet, vil IDF trekke seg gradvis ut etter m\u00e5lbare milep\u00e6ler bestemt i enighet mellom IDF, ISF, garantister og USA. Samtidig vil midlertidige sikkerhetssone beholdes.<\/li>\n<li class=\"_item_o9xde_30\">Dersom Hamas utsetter eller avviser avtalen, iverksettes punktene over, samt n\u00f8dhjelpen, i \u00abterror-frie omr\u00e5der\u00bb overlevert fra IDF til ISF (den midlertidige stabiliseringsstyrken).<\/li>\n<li class=\"_item_o9xde_30\">En interreligi\u00f8s dialogprosess vil fremme toleranse og sameksistens, og vil s\u00f8ke \u00e5 endre holdninger blant palestinere og israelere ved \u00e5 vektlegge fordelene som kan komme fra fred.<\/li>\n<li class=\"_item_o9xde_30\">N\u00e5r reformer er gjennomf\u00f8rt og gjenoppbygging p\u00e5g\u00e5r, \u00e5pnes vei mot palestinsk selvstyre og statsdannelse, som anerkjennes som et legitimt \u00f8nske for det palestinske folket.<\/li>\n<li class=\"_item_o9xde_30\">USA vil etablere politisk dialog mellom Israel og palestinerne for fredelig og velfungerende sameksistens.<\/li>\n<\/ol>\n<p class=\"_paragraph_o9xde_4 _paragraph_xtcu6_10 layout-component text-serif-m layout-normal text-serif-m layout-padded\">En talsmann for det egyptiske presidentskapet <a href=\"https:\/\/www.presidency.eg\/en\/%D9%82%D8%B3%D9%85-%D8%A7%D9%84%D8%A3%D8%AE%D8%A8%D8%A7%D8%B1\/%D8%A3%D8%AE%D8%A8%D8%A7%D8%B1-%D8%B1%D8%A6%D8%A7%D8%B3%D9%8A%D8%A9\/news11102025-2\/\" class=\"_link_o9xde_39\" rel=\"nofollow noopener\" target=\"_blank\">uttalte<\/a> l\u00f8rdag at toppm\u00f8tet har som m\u00e5l \u00e5 \u00abf\u00e5 slutt p\u00e5 krigen i Gaza-stripen, styrke fred og stabilitet i Midt\u00f8sten, og \u00e5pne et nytt kapittel for regional sikkerhet og stabilitet\u00bb.<\/p>\n<p class=\"_paragraph_o9xde_4 _paragraph_xtcu6_10 layout-component text-serif-m layout-normal text-serif-m layout-padded\">Men selv om m\u00e5let er en langvarig fred, er det mange hindre i veien, har eksperter fortalt til <a href=\"https:\/\/www.vg.no\/nyheter\/i\/qP2mlm\/midtoesten-eksperter-de-var-noedt-til-aa-boeye-seg\" data-track-element-type=\"Link\" data-track-id=\"link:qP2mlm\" class=\"_link_o9xde_39\" rel=\"nofollow noopener\" target=\"_blank\">VG<\/a>.<\/p>\n<p>Hvilke hindringer gjenst\u00e5r?<\/p>\n<p class=\"_paragraph_o9xde_4 _paragraph_xtcu6_10 layout-component text-serif-m layout-normal text-serif-m layout-padded\">Statsminister Netanyahu har per n\u00e5 signalisert motstand mot to sentrale fredskrav:<\/p>\n<ul class=\"_list_o9xde_3 _list_xtcu6_9 _unordered_o9xde_106 layout-component text-serif-m layout-normal text-serif-m layout-padded\">\n<li class=\"_item_o9xde_30\"><strong class=\"_strong_o9xde_25\">Full israelsk tilbaketrekning:<\/strong> Israels styrker skal fortsatt kontrollere over halvparten av Gaza.<\/li>\n<li class=\"_item_o9xde_30\"><strong class=\"_strong_o9xde_25\">Internasjonal fredsstyrke: <\/strong>Netanyahu har hele veien avvist en slik styrke \u2013 ogs\u00e5 n\u00e5, selv om Trump foresl\u00e5r det.<\/li>\n<\/ul>\n<p><img alt=\"Foto: JACK GUEZ \/ AFP \/ NTB\" class=\"_image_qp4xg_65 layout-component layout-normal\" data-fullscreen- data-track-element-type=\"Article image fullscreen\" data-track-name=\"ImageFullscreen\" decoding=\"async\" loading=\"lazy\" height=\"2932\" itemprop=\"image\"  src=\"https:\/\/www.europesays.com\/no\/wp-content\/uploads\/2025\/10\/6fecebbd-b1ea-4169-856b-2d8340243e81\"  style=\"object-position:0% 0%\" width=\"4398\"\/>Foto: JACK GUEZ \/ AFP \/ NTB<\/p>\n<p class=\"_paragraph_o9xde_4 _paragraph_xtcu6_10 layout-component text-serif-m layout-normal text-serif-m layout-padded\">Samtidig <a href=\"https:\/\/www.vg.no\/nyheter\/i\/yEk90K\/israel-godkjenner-vaaapenhvileavtalen\" data-track-element-type=\"Link\" data-track-id=\"link:yEk90K\" class=\"_link_o9xde_39\" rel=\"nofollow noopener\" target=\"_blank\">truer<\/a> de h\u00f8yreradikale koalisjonspartnerne hans med \u00e5 velte regjeringen hvis krigen stanser uten at Hamas er knust.<\/p>\n<p class=\"_paragraph_o9xde_4 _paragraph_xtcu6_10 layout-component text-serif-m layout-normal text-serif-m layout-padded\">Forsvarsminister Israel Katz <a href=\"https:\/\/x.com\/Israel_katz\/status\/1977253298580160601\" class=\"_link_o9xde_39\" rel=\"nofollow\">beordret<\/a> s\u00f8ndag israelske styrker til \u00e5 forberede seg p\u00e5 \u00e5 sprenge det gjenv\u00e6rende tunnelnettverket i Gaza.<\/p>\n<p class=\"_paragraph_o9xde_4 _paragraph_xtcu6_10 layout-component text-serif-m layout-normal text-serif-m layout-padded\">Hamas p\u00e5 sin side har ikke g\u00e5tt med p\u00e5 \u00e5 avv\u00e6pne seg. Tvert imot: If\u00f8lge <a href=\"https:\/\/arabic.cnn.com\/middle-east\/article\/2025\/10\/11\/hamas-affiliated-security-forces-back-on-the-streets-in-gaza-city\" class=\"_link_o9xde_39\" rel=\"nofollow noopener\" target=\"_blank\">CNN<\/a> har de begynt \u00e5 gjenopprette makt i omr\u00e5der Israel har forlatt siden v\u00e5penhvilen fredag.<\/p>\n<p class=\"_paragraph_o9xde_4 _paragraph_xtcu6_10 layout-component text-serif-m layout-normal text-serif-m layout-padded\">De har satt opp veisperringer og g\u00e5tt til v\u00e6pnet kamp mot rivaler, if\u00f8lge nyhetskanalen.<\/p>\n","protected":false},"excerpt":{"rendered":"Mandag starter intense forhandlinger n\u00e5r Hamas og Israel tar f\u00f8rste skritt i Trumps fredsplan. Like f\u00f8r klokken 09.00&hellip;\n","protected":false},"author":2,"featured_media":59298,"comment_status":"","ping_status":"","sticky":false,"template":"","format":"standard","meta":{"footnotes":""},"categories":[12],"tags":[20,21,55,24,25,53,15,52,1243,22,23,13,30,28,29,14,16,26,27,42,43,44,45],"class_list":{"0":"post-59297","1":"post","2":"type-post","3":"status-publish","4":"format-standard","5":"has-post-thumbnail","7":"category-verden","8":"tag-breaking-news","9":"tag-breakingnews","10":"tag-donald-trump","11":"tag-featured-news","12":"tag-featurednews","13":"tag-gaza","14":"tag-headlines","15":"tag-israel","16":"tag-israel-palestina","17":"tag-latest-news","18":"tag-latestnews","19":"tag-news","20":"tag-no","21":"tag-norge","22":"tag-norway","23":"tag-nyheter","24":"tag-overskrifter","25":"tag-top-stories","26":"tag-topstories","27":"tag-verden","28":"tag-world","29":"tag-world-news","30":"tag-worldnews"},"share_on_mastodon":{"url":"","error":""},"_links":{"self":[{"href":"https:\/\/www.europesays.com\/no\/wp-json\/wp\/v2\/posts\/59297","targetHints":{"allow":["GET"]}}],"collection":[{"href":"https:\/\/www.europesays.com\/no\/wp-json\/wp\/v2\/posts"}],"about":[{"href":"https:\/\/www.europesays.com\/no\/wp-json\/wp\/v2\/types\/post"}],"author":[{"embeddable":true,"href":"https:\/\/www.europesays.com\/no\/wp-json\/wp\/v2\/users\/2"}],"replies":[{"embeddable":true,"href":"https:\/\/www.europesays.com\/no\/wp-json\/wp\/v2\/comments?post=59297"}],"version-history":[{"count":0,"href":"https:\/\/www.europesays.com\/no\/wp-json\/wp\/v2\/posts\/59297\/revisions"}],"wp:featuredmedia":[{"embeddable":true,"href":"https:\/\/www.europesays.com\/no\/wp-json\/wp\/v2\/media\/59298"}],"wp:attachment":[{"href":"https:\/\/www.europesays.com\/no\/wp-json\/wp\/v2\/media?parent=59297"}],"wp:term":[{"taxonomy":"category","embeddable":true,"href":"https:\/\/www.europesays.com\/no\/wp-json\/wp\/v2\/categories?post=59297"},{"taxonomy":"post_tag","embeddable":true,"href":"https:\/\/www.europesays.com\/no\/wp-json\/wp\/v2\/tags?post=59297"}],"curies":[{"name":"wp","href":"https:\/\/api.w.org\/{rel}","templated":true}]}}