{"id":59315,"date":"2025-10-13T10:22:10","date_gmt":"2025-10-13T10:22:10","guid":{"rendered":"https:\/\/www.europesays.com\/no\/59315\/"},"modified":"2025-10-13T10:22:10","modified_gmt":"2025-10-13T10:22:10","slug":"alt-kan-ga-galt","status":"publish","type":"post","link":"https:\/\/www.europesays.com\/no\/59315\/","title":{"rendered":"\u2013 Alt kan g\u00e5 galt"},"content":{"rendered":"<p class=\"kicker text-red color_mobile_text-red\" style=\"\">Tor Wennesland:<\/p>\n<p>  Tor Wennesland, FNs tidligere spesialkoordinator for fredsprosessen i Midt\u00f8sten, advarer om veien videre etter mandagens fangeutveksling.<\/p>\n<p>\n    Folk ser p\u00e5 direktesending av gisselutvekslingen i Tel Aviv. FNs tidligere spesialkoordinator for fredsprosessen roper varsku om veien videre. Foto: Oded Balilty \/ AP \/ NTB\n  <\/p>\n<p>Wennesland sier til NRK at fangeutvekslingen er avgj\u00f8rende steg i riktig retning, og at det er betydningsfullt at Palestinas president Mahmoud Abbas og FNs generalsekret\u00e6r Ant\u00f3nio Guterres skal v\u00e6re til stede p\u00e5 toppm\u00f8tet i Egypt om Gazas framtid.<\/p>\n<p>Han sier imidlertid at det er flere skj\u00e6r i sj\u00f8en for veien framover.<\/p>\n<p>\u2013 Alt kan g\u00e5 galt. Jeg vet jo at Netanyahu i de siste timene har sagt at krigen fortsetter, sier Wennesland.<\/p>\n<p>          <img loading=\"lazy\" decoding=\"async\" src=\"https:\/\/www.europesays.com\/no\/wp-content\/uploads\/2025\/10\/83715394.webp\" width=\"980\" height=\"559\" title=\"Tor Wennesland, FNs tidligere spesialkoordinator. Foto: Heiko Junge \/ NTB\" alt=\"\" class=\"\" style=\"--aspect-ratio-image: 1.75; \"\/><\/p>\n<p>\n          Tor Wennesland, FNs tidligere spesialkoordinator. Foto: Heiko Junge \/ NTB\n      <\/p>\n<p>Han peker videre p\u00e5 betydelig motstand i deler av den israelske regjeringen mot l\u00f8slatelse av fangene.<\/p>\n<p>Gjennom mandagen skal det utleveres 20 israelske gisler og mer enn 1950 palestinske fanger. Mens det er storsl\u00e5tte jubelscener for hjemvendte gisler i Tel Aviv, har Israel begynt aksjoner p\u00e5 Vestbredden for \u00e5 forhindre lignende \u00f8yeblikk der, sier Wennesland.<\/p>\n<p>Wennesland understreker at det ikke er klart hvor de palestinske fangene ender opp.<\/p>\n<p>\u2013 Det som blir oppfattet i Israel som farlige fanger, og det er mange av dem som skal til Vestbredden, de kommer ikke dit. De blir sendt til Doha, de blir sendt til Tyrkia, de blir sendt til andre steder, s\u00e5nn som israelerne har gjort f\u00f8r ved tilsvarende fangeutvekslinger, sier han.<\/p>\n","protected":false},"excerpt":{"rendered":"Tor Wennesland: Tor Wennesland, FNs tidligere spesialkoordinator for fredsprosessen i Midt\u00f8sten, advarer om veien videre etter mandagens fangeutveksling.&hellip;\n","protected":false},"author":2,"featured_media":59316,"comment_status":"","ping_status":"","sticky":false,"template":"","format":"standard","meta":{"footnotes":""},"categories":[12],"tags":[20,21,55,24,25,53,15,52,22,23,13,30,28,29,14,16,261,26,27,50,42,43,44,45],"class_list":{"0":"post-59315","1":"post","2":"type-post","3":"status-publish","4":"format-standard","5":"has-post-thumbnail","7":"category-verden","8":"tag-breaking-news","9":"tag-breakingnews","10":"tag-donald-trump","11":"tag-featured-news","12":"tag-featurednews","13":"tag-gaza","14":"tag-headlines","15":"tag-israel","16":"tag-latest-news","17":"tag-latestnews","18":"tag-news","19":"tag-no","20":"tag-norge","21":"tag-norway","22":"tag-nyheter","23":"tag-overskrifter","24":"tag-palestina","25":"tag-top-stories","26":"tag-topstories","27":"tag-usa","28":"tag-verden","29":"tag-world","30":"tag-world-news","31":"tag-worldnews"},"share_on_mastodon":{"url":"","error":""},"_links":{"self":[{"href":"https:\/\/www.europesays.com\/no\/wp-json\/wp\/v2\/posts\/59315","targetHints":{"allow":["GET"]}}],"collection":[{"href":"https:\/\/www.europesays.com\/no\/wp-json\/wp\/v2\/posts"}],"about":[{"href":"https:\/\/www.europesays.com\/no\/wp-json\/wp\/v2\/types\/post"}],"author":[{"embeddable":true,"href":"https:\/\/www.europesays.com\/no\/wp-json\/wp\/v2\/users\/2"}],"replies":[{"embeddable":true,"href":"https:\/\/www.europesays.com\/no\/wp-json\/wp\/v2\/comments?post=59315"}],"version-history":[{"count":0,"href":"https:\/\/www.europesays.com\/no\/wp-json\/wp\/v2\/posts\/59315\/revisions"}],"wp:featuredmedia":[{"embeddable":true,"href":"https:\/\/www.europesays.com\/no\/wp-json\/wp\/v2\/media\/59316"}],"wp:attachment":[{"href":"https:\/\/www.europesays.com\/no\/wp-json\/wp\/v2\/media?parent=59315"}],"wp:term":[{"taxonomy":"category","embeddable":true,"href":"https:\/\/www.europesays.com\/no\/wp-json\/wp\/v2\/categories?post=59315"},{"taxonomy":"post_tag","embeddable":true,"href":"https:\/\/www.europesays.com\/no\/wp-json\/wp\/v2\/tags?post=59315"}],"curies":[{"name":"wp","href":"https:\/\/api.w.org\/{rel}","templated":true}]}}