{"id":59325,"date":"2025-10-13T10:37:28","date_gmt":"2025-10-13T10:37:28","guid":{"rendered":"https:\/\/www.europesays.com\/no\/59325\/"},"modified":"2025-10-13T10:37:28","modified_gmt":"2025-10-13T10:37:28","slug":"nyheter-sunndalsora-evakueringen-er-opphevet-i-tredalsbotn-kommunen-dekker-innkvartering-over-natta","status":"publish","type":"post","link":"https:\/\/www.europesays.com\/no\/59325\/","title":{"rendered":"Nyheter, Sunndals\u00f8ra | Evakueringen er opphevet i Tredalsbotn \u2013 kommunen dekker innkvartering over natta"},"content":{"rendered":"\n<p>Kommunen har mottatt beskjed fra politiet om at evakueringen er opphevet. <\/p>\n<p>\u2013 Kommunen har hatt kontinuerlig dialog med de ber\u00f8rte beboerne etter steinspranget fredag, og har n\u00e5 varslet dem om opphevelsen, sier kommunedirekt\u00f8r i Sunndal, Bj\u00f8rn Flemmen Steinland. <\/p>\n<p>Beboerne bestemmer selv<\/p>\n<p>\u2013 N\u00e5 er det opp til beboerne om de vil flytte heim eller ikke i forhold til sine egne vurderinger, sier Flemmen Steinland.<\/p>\n<p>Det er NVE som har bestilt den geologiske befaringen som ble gjort s\u00f8ndag. De har n\u00e5 f\u00e5tt ferdigstilt rapport fra geologene, som igjen danner grunnlaget for politiets vurdering.<\/p>\n<p>\u2013 Vi i kommunen har ikke sett eller lest rapporten som NVE har bestilt enn\u00e5. Jeg regner imidlertid med at vi f\u00e5r rapporten, og at vi f\u00e5r delt den videre med beboerne, sier Steinland.<\/p>\n<p>   <img decoding=\"async\" width=\"4032\" height=\"3024\" fetchpriority=\"low\"  loading=\"lazy\"  src=\"https:\/\/www.europesays.com\/no\/wp-content\/uploads\/2025\/10\/IMG_8900.jpeg\" alt=\"\" class=\"brick-c-cFOWSL\" style=\"--brick-image-ratio: 4032 \/ 3024;\"\/><\/p>\n<p>    P\u00c5 BEFARING: Kommunedirekt\u00f8r Bj\u00f8rn Flemmen Steinland var selv med p\u00e5 deler av befaringen som geologene foretok s\u00f8ndag.<br \/>\n    Foto: Arnfinn Skinlo\n  <\/p>\n<p>  Kommunen dekker innkvartering<\/p>\n<p>Flemmen Steinland forteller videre at kommunen vil st\u00e5 for innkvartering for beboerne fram til mandag morgen<\/p>\n<p>\u2013 Vi har gitt de evakuerte beskjed om at kommunen vil dekke alternativ innkvartering fram til i morgen, siden beskjeden om opphevet evakuering kom s\u00e5pass sent i dag. Men det er selvsagt opp til dem om de vil flytte heim i dag, sier kommunedirekt\u00f8ren.<\/p>\n<p>  <a href=\"https:\/\/www.auraavis.no\/5-5-724353\" class=\"related-teaser has-image default-story-teaser article--c-eRUmMG article--c-eRUmMG-jKCPdD-design-default\" rel=\"nofollow noopener\" target=\"_blank\"><\/p>\n<p>    <img decoding=\"async\" loading=\"lazy\"  src=\"https:\/\/www.europesays.com\/no\/wp-content\/uploads\/2025\/10\/1760190969_628_IMG_8833.jpeg\" alt=\"\" class=\"brick-c-cFOWSL\" style=\"\"\/><\/p>\n<p>\n            Les ogs\u00e5<\/p>\n<p>              Alle evakuert: \u2013 Usikre p\u00e5 om vi t\u00f8r \u00e5 bo her lenger\n        <\/p>\n<p>  <\/a><br \/>\n  NVE har rapporten<\/p>\n<p>Det er NVE som i Norge har hovedansvar for \u00e5 vurdere faresoner for ulike naturskader, og som har bestilte unders\u00f8kelsen som s\u00f8ndag ble gjort i Tredalsbotn. Det var to geoingeni\u00f8rer fra Multiconsult som gjorde jobben, p\u00e5 oppdrag fra NVE.<\/p>\n<p>&#8211; Vi har levert en rapport til v\u00e5r oppdragsgiver NVE, og den vil nok bli distribuert videre. Vi \u00f8nsker per n\u00e5 ikke \u00e5 gi kommentarer annet enn til v\u00e5r oppdragsgiver, sier geoingeni\u00f8r Martin Feldmann.<\/p>\n<p>  <a href=\"https:\/\/www.auraavis.no\/5-5-724772\" class=\"related-teaser has-image default-story-teaser article--c-eRUmMG article--c-eRUmMG-jKCPdD-design-default\" rel=\"nofollow noopener\" target=\"_blank\"><\/p>\n<p>    <img decoding=\"async\" loading=\"lazy\"  src=\"https:\/\/www.europesays.com\/no\/wp-content\/uploads\/2025\/10\/IMG_8974.jpeg\" alt=\"\" class=\"brick-c-cFOWSL\" style=\"\"\/><\/p>\n<p>\n            Les ogs\u00e5<\/p>\n<p>              Evakuerte vegrer seg for \u00e5 flytte hjem: \u2013 Har f\u00e5tt bevis for at det ikke er trygt \u00e5 bo her\n        <\/p>\n<p>  <\/a><\/p>\n<p>  <a href=\"https:\/\/www.auraavis.no\/5-5-724886\" class=\"related-teaser has-image default-gallery-teaser article--c-eRUmMG article--c-eRUmMG-jKCPdD-design-default\" rel=\"nofollow noopener\" target=\"_blank\"><\/p>\n<p>    <img decoding=\"async\" loading=\"lazy\"  src=\"https:\/\/www.europesays.com\/no\/wp-content\/uploads\/2025\/10\/Jordflekker.jpg\" alt=\"\" class=\"brick-c-cFOWSL\" style=\"\"\/><\/p>\n<p>\n            Bildeserie<\/p>\n<p>              Jord slengt inn i veggen &#8211; se bilder fra befaringen\n        <\/p>\n<p>  <\/a><\/p>\n","protected":false},"excerpt":{"rendered":"Kommunen har mottatt beskjed fra politiet om at evakueringen er opphevet. \u2013 Kommunen har hatt kontinuerlig dialog med&hellip;\n","protected":false},"author":2,"featured_media":59326,"comment_status":"","ping_status":"","sticky":false,"template":"","format":"standard","meta":{"footnotes":""},"categories":[10],"tags":[36,20,21,5401,24,25,15,22,23,13,30,28,29,14,16,1510,8616,26,27],"class_list":{"0":"post-59325","1":"post","2":"type-post","3":"status-publish","4":"format-standard","5":"has-post-thumbnail","7":"category-norge","8":"tag-art","9":"tag-breaking-news","10":"tag-breakingnews","11":"tag-evakuering","12":"tag-featured-news","13":"tag-featurednews","14":"tag-headlines","15":"tag-latest-news","16":"tag-latestnews","17":"tag-news","18":"tag-no","19":"tag-norge","20":"tag-norway","21":"tag-nyheter","22":"tag-overskrifter","23":"tag-story","24":"tag-sunndalsora","25":"tag-top-stories","26":"tag-topstories"},"share_on_mastodon":{"url":"","error":""},"_links":{"self":[{"href":"https:\/\/www.europesays.com\/no\/wp-json\/wp\/v2\/posts\/59325","targetHints":{"allow":["GET"]}}],"collection":[{"href":"https:\/\/www.europesays.com\/no\/wp-json\/wp\/v2\/posts"}],"about":[{"href":"https:\/\/www.europesays.com\/no\/wp-json\/wp\/v2\/types\/post"}],"author":[{"embeddable":true,"href":"https:\/\/www.europesays.com\/no\/wp-json\/wp\/v2\/users\/2"}],"replies":[{"embeddable":true,"href":"https:\/\/www.europesays.com\/no\/wp-json\/wp\/v2\/comments?post=59325"}],"version-history":[{"count":0,"href":"https:\/\/www.europesays.com\/no\/wp-json\/wp\/v2\/posts\/59325\/revisions"}],"wp:featuredmedia":[{"embeddable":true,"href":"https:\/\/www.europesays.com\/no\/wp-json\/wp\/v2\/media\/59326"}],"wp:attachment":[{"href":"https:\/\/www.europesays.com\/no\/wp-json\/wp\/v2\/media?parent=59325"}],"wp:term":[{"taxonomy":"category","embeddable":true,"href":"https:\/\/www.europesays.com\/no\/wp-json\/wp\/v2\/categories?post=59325"},{"taxonomy":"post_tag","embeddable":true,"href":"https:\/\/www.europesays.com\/no\/wp-json\/wp\/v2\/tags?post=59325"}],"curies":[{"name":"wp","href":"https:\/\/api.w.org\/{rel}","templated":true}]}}