{"id":59370,"date":"2025-10-13T11:49:09","date_gmt":"2025-10-13T11:49:09","guid":{"rendered":"https:\/\/www.europesays.com\/no\/59370\/"},"modified":"2025-10-13T11:49:09","modified_gmt":"2025-10-13T11:49:09","slug":"kongefamilien-vil-bygge-ut-hytta-pa-tjome","status":"publish","type":"post","link":"https:\/\/www.europesays.com\/no\/59370\/","title":{"rendered":"Kongefamilien vil bygge ut hytta p\u00e5 Tj\u00f8me"},"content":{"rendered":"\n<p class=\"_lead_o9xde_2 _lead_xtcu6_50 layout-component text-serif-m layout-normal text-serif-l layout-component layout-wide layout-padded _wide_17hqh_1 layout-padded\">Hytta til kongefamilien p\u00e5 M\u00e5ger\u00f8 p\u00e5 Tj\u00f8me m\u00e5 ha dispensasjon f\u00f8r det kan bygges et tilbygg. Det er fordi hytta ligger i strandsonen. <\/p>\n<ul class=\"_gallery_1qa3s_23\" tabindex=\"0\">\n<li class=\"_item_1qa3s_37\" data-index=\"0\"><img fetchpriority=\"high\" decoding=\"async\" class=\"_image_foru8_23 _introGallery_foru8_43\" data-fullscreen- width=\"5472\" height=\"3648\" itemprop=\"image\" loading=\"eager\"  src=\"https:\/\/www.europesays.com\/no\/wp-content\/uploads\/2025\/10\/bdbf8fd8-f4fe-48e6-bbfc-9bc85fce6dde\"  style=\"object-position:50% 50%;aspect-ratio:var(--gallery-aspect-ratio, 16 \/ 9)\"\/>I 2018 feiret kronprins Haakon sin 45-\u00e5rsdag p\u00e5 hytta p\u00e5 M\u00e5ger\u00f8 i Tj\u00f8me.  Foto: Lise \u00c5serud \/ NTB<\/li>\n<li class=\"_item_1qa3s_37\" data-index=\"1\"><img decoding=\"async\" class=\"_image_foru8_23 _introGallery_foru8_43\" data-fullscreen- width=\"3504\" height=\"2336\" itemprop=\"image\" loading=\"lazy\"  src=\"https:\/\/www.europesays.com\/no\/wp-content\/uploads\/2025\/10\/4323457f-d42e-4582-bc95-2eac2c265ded\"  style=\"object-position:50% 50%;aspect-ratio:var(--gallery-aspect-ratio, 16 \/ 9)\"\/>Slik s\u00e5 hytta ut p\u00e5 flyfoto i 2005.  Foto: Cornelius Poppe \/ NTB<\/li>\n<\/ul>\n<p>I 2018 feiret kronprins Haakon sin 45-\u00e5rsdag p\u00e5 hytta p\u00e5 M\u00e5ger\u00f8 i Tj\u00f8me.  Foto: Lise \u00c5serud \/ NTB<\/p>\n<ul aria-hidden=\"true\" class=\"_images_1y6fe_106\">\n<li><a class=\"_link_1y6fe_111\" href=\"https:\/\/www.vg.no\/forfatter\/nora-viskjer\" style=\"z-index:2\" title=\"Nora Viskjer\" rel=\"nofollow noopener\" target=\"_blank\"><img alt=\"Bilde av Nora Viskjer\" class=\"_image_1y6fe_88\" fetchpriority=\"low\" loading=\"lazy\" decoding=\"async\" itemprop=\"image\"  src=\"https:\/\/www.europesays.com\/no\/wp-content\/uploads\/2025\/10\/1760356148_350_ea617ec8-607f-4948-824b-ac91a6d7fe70\"  width=\"480\"\/><\/a><\/li>\n<li><a class=\"_link_1y6fe_111\" href=\"https:\/\/www.vg.no\/forfatter\/ntb\" style=\"z-index:1\" title=\"NTB\" rel=\"nofollow noopener\" target=\"_blank\"><img alt=\"Bilde av NTB\" class=\"_image_1y6fe_88\" fetchpriority=\"low\" loading=\"lazy\" decoding=\"async\" itemprop=\"image\"  src=\"https:\/\/www.europesays.com\/no\/wp-content\/uploads\/2025\/10\/1760356149_943_c33980b0-5d07-4027-84a1-813f90a7c8d6\"  width=\"480\"\/><\/a><\/li>\n<\/ul>\n<p> Oppdatert mandag 13. oktober kl. 13:08     <\/p>\n<p class=\"_paragraph_o9xde_4 _paragraph_xtcu6_10 layout-component text-serif-m layout-normal text-serif-m layout-padded\">Det skriver <a href=\"https:\/\/www.tb.no\/kongefamilien-vil-bygge-ut-hytta-pa-tjome\/s\/5-76-2699491\" class=\"_link_o9xde_39\" rel=\"nofollow noopener\" target=\"_blank\">T\u00f8nsbergs Blad. <\/a><\/p>\n<p class=\"_paragraph_o9xde_4 _paragraph_xtcu6_10 layout-component text-serif-m layout-normal text-serif-m layout-padded\">22. oktober skal saken om tilbygget til hytta opp i Hovedutvalg for plan, teknikk og milj\u00f8. Det har blitt s\u00f8kt dispensasjon for \u00e5 kunne bygge et tilbygg til hytta.<\/p>\n<p class=\"_paragraph_o9xde_4 _paragraph_xtcu6_10 layout-component text-serif-m layout-normal text-serif-m layout-padded\">Utvalgsleder Gunnar Fredriksen (Frp) bekrefter at saken skal opp i m\u00f8tet. Da vil m\u00f8tet v\u00e6re lukket fordi saken er taushetsbelagt. <\/p>\n<p class=\"_paragraph_o9xde_4 _paragraph_xtcu6_10 layout-component text-serif-m layout-normal text-serif-m layout-padded\">Forsvarsbygg og Slottet har ikke svart p\u00e5 T\u00f8nsbergs Blad henvendelser om hytta. <\/p>\n<p class=\"_paragraph_o9xde_4 _paragraph_xtcu6_10 layout-component text-serif-m layout-normal text-serif-m layout-padded\">Hytta p\u00e5 Tj\u00f8me sto klar sommeren 1993. <\/p>\n<p>Rettelse<\/p>\n<p class=\"_paragraph_o9xde_4\">P\u00e5 forsiden av vg.no \u2013 ikke i sak \u2013 skrev VG at kongefamilien vil \u00abbytte ut hytta\u00bb p\u00e5 Tj\u00f8me. Det stemmer ikke. Det riktige er at de vil bygge ut hytta. Feilen ble rettet 13. oktober kl. 12.56. <\/p>\n","protected":false},"excerpt":{"rendered":"Hytta til kongefamilien p\u00e5 M\u00e5ger\u00f8 p\u00e5 Tj\u00f8me m\u00e5 ha dispensasjon f\u00f8r det kan bygges et tilbygg. Det er&hellip;\n","protected":false},"author":2,"featured_media":59371,"comment_status":"","ping_status":"","sticky":false,"template":"","format":"standard","meta":{"footnotes":""},"categories":[5],"tags":[20,21,24,25,15,19,1222,22,23,17,18,13,30,28,29,14,16,26,27],"class_list":{"0":"post-59370","1":"post","2":"type-post","3":"status-publish","4":"format-standard","5":"has-post-thumbnail","7":"category-overskrifter","8":"tag-breaking-news","9":"tag-breakingnews","10":"tag-featured-news","11":"tag-featurednews","12":"tag-headlines","13":"tag-hovedoppslag","14":"tag-kongefamilien","15":"tag-latest-news","16":"tag-latestnews","17":"tag-main-news","18":"tag-mainnews","19":"tag-news","20":"tag-no","21":"tag-norge","22":"tag-norway","23":"tag-nyheter","24":"tag-overskrifter","25":"tag-top-stories","26":"tag-topstories"},"share_on_mastodon":{"url":"","error":""},"_links":{"self":[{"href":"https:\/\/www.europesays.com\/no\/wp-json\/wp\/v2\/posts\/59370","targetHints":{"allow":["GET"]}}],"collection":[{"href":"https:\/\/www.europesays.com\/no\/wp-json\/wp\/v2\/posts"}],"about":[{"href":"https:\/\/www.europesays.com\/no\/wp-json\/wp\/v2\/types\/post"}],"author":[{"embeddable":true,"href":"https:\/\/www.europesays.com\/no\/wp-json\/wp\/v2\/users\/2"}],"replies":[{"embeddable":true,"href":"https:\/\/www.europesays.com\/no\/wp-json\/wp\/v2\/comments?post=59370"}],"version-history":[{"count":0,"href":"https:\/\/www.europesays.com\/no\/wp-json\/wp\/v2\/posts\/59370\/revisions"}],"wp:featuredmedia":[{"embeddable":true,"href":"https:\/\/www.europesays.com\/no\/wp-json\/wp\/v2\/media\/59371"}],"wp:attachment":[{"href":"https:\/\/www.europesays.com\/no\/wp-json\/wp\/v2\/media?parent=59370"}],"wp:term":[{"taxonomy":"category","embeddable":true,"href":"https:\/\/www.europesays.com\/no\/wp-json\/wp\/v2\/categories?post=59370"},{"taxonomy":"post_tag","embeddable":true,"href":"https:\/\/www.europesays.com\/no\/wp-json\/wp\/v2\/tags?post=59370"}],"curies":[{"name":"wp","href":"https:\/\/api.w.org\/{rel}","templated":true}]}}