{"id":59379,"date":"2025-10-13T12:02:09","date_gmt":"2025-10-13T12:02:09","guid":{"rendered":"https:\/\/www.europesays.com\/no\/59379\/"},"modified":"2025-10-13T12:02:09","modified_gmt":"2025-10-13T12:02:09","slug":"prinsen-er-for-tiden-i-italia","status":"publish","type":"post","link":"https:\/\/www.europesays.com\/no\/59379\/","title":{"rendered":"\u2013 Prinsen er for tiden i Italia"},"content":{"rendered":"\n<p class=\"_lead_o9xde_2 _lead_xtcu6_50 layout-component text-serif-m layout-normal text-serif-l layout-component layout-wide layout-padded _wide_17hqh_1 layout-padded\">Mens prinsesse Ingrid Alexandra (21) studerer i Sydney, har det ikke v\u00e6rt kjent hva prins Sverre Magnus (19) sine planer er denne h\u00f8sten. N\u00e5 svarer Slottet. <\/p>\n<p><img alt=\"Prins Sverre Magnus befinner seg i utlandet. Her fra et jobboppdrag i mai. Foto: Jonas Been Henriksen \/ NTB\" class=\"_image_qp4xg_65 layout-component layout-wide\" data-fullscreen- data-track-element-type=\"Article image fullscreen\" data-track-name=\"ImageFullscreen\" fetchpriority=\"high\" decoding=\"sync\" loading=\"eager\" height=\"3830\" itemprop=\"image\"  src=\"https:\/\/www.europesays.com\/no\/wp-content\/uploads\/2025\/10\/9e3ba098-5e8d-4a7f-af4f-67ed43790a1c\"  style=\"object-position:0% 0%\" width=\"5745\"\/>Prins Sverre Magnus befinner seg i utlandet. Her fra et jobboppdrag i mai. Foto: Jonas Been Henriksen \/ NTB<\/p>\n<ul aria-hidden=\"true\" class=\"_images_1y6fe_106\">\n<li><a class=\"_link_1y6fe_111\" href=\"https:\/\/www.vg.no\/forfatter\/elise-roennevig-andersen\" style=\"z-index:1\" title=\"Elise R\u00f8nnevig Andersen\" rel=\"nofollow noopener\" target=\"_blank\"><img alt=\"Bilde av Elise R\u00f8nnevig Andersen\" class=\"_image_1y6fe_88\" fetchpriority=\"low\" loading=\"lazy\" decoding=\"async\" itemprop=\"image\"  src=\"https:\/\/www.europesays.com\/no\/wp-content\/uploads\/2025\/10\/1760356929_374_d4a69b78-dc9a-4021-89fd-0783e681325f\"  width=\"480\"\/><\/a><\/li>\n<\/ul>\n<p> Oppdatert mandag 13. oktober kl. 13:26    <\/p>\n<ul class=\"_list_o9xde_3 _list_64s2r_85 _unordered_o9xde_106 text-sans-m\">\n<li class=\"_item_o9xde_30\">Prins Sverre Magnus oppholder seg n\u00e5 i Italia for \u00e5 l\u00e6re mer om film og foto, opplyser Slottet til VG.<\/li>\n<li class=\"_item_o9xde_30\">Han har nylig opprettet enkeltpersonforetaket \u00abSverre Magnus Productions\u00bb for fotograf- og filmproduksjon.<\/li>\n<li class=\"_item_o9xde_30\">I fjor bodde han i Trondheim, men flyttet derfra i januar.<\/li>\n<\/ul>\n<p>Vis mer <\/p>\n<p class=\"_paragraph_o9xde_4 _paragraph_xtcu6_10 layout-component text-serif-m layout-normal text-serif-m layout-padded\">I februar fortalte Slottet til VG at <a href=\"https:\/\/www.vg.no\/tag\/prins-sverre-magnus?utm_source=vg-article&amp;utm_medium=auto-tagger&amp;utm_campaign=B0o9ll\" class=\"_link_o9xde_39\" rel=\"nofollow noopener\" target=\"_blank\">prins Sverre Magnus<\/a> skulle bruke halv\u00e5ret p\u00e5 \u00e5 reise, og at planene for h\u00f8sten <a href=\"https:\/\/www.vg.no\/rampelys\/i\/2546Px\/slottet-til-vg-dette-skal-prins-sverre-magnus-gjoere-naa\" data-track-element-type=\"Link\" data-track-id=\"link:2546Px\" class=\"_link_o9xde_39\" rel=\"nofollow noopener\" target=\"_blank\">enn\u00e5 ikke er klare<\/a>.<\/p>\n<p class=\"_paragraph_o9xde_4 _paragraph_xtcu6_10 layout-component text-serif-m layout-normal text-serif-m layout-padded\">VG har stilt Slottet flere sp\u00f8rsm\u00e5l om prinsens planer denne h\u00f8sten og om hvor han skal bo.<\/p>\n<p class=\"_paragraph_o9xde_4 _paragraph_xtcu6_10 layout-component text-serif-m layout-normal text-serif-m layout-padded\">N\u00e5 svarer Slottet:<\/p>\n<p class=\"_paragraph_o9xde_4 _paragraph_xtcu6_10 layout-component text-serif-m layout-normal text-serif-m layout-padded\">\u2013 Prinsen er for tiden i Italia der han utforsker ulike muligheter, blant annet innen film og foto med \u00f8nske om \u00e5 l\u00e6re mer om dette, opplyser pressekontakt ved det kongelige hoff, Sara Svanemyr, til VG.<\/p>\n<p><img alt=\"Kronprinsessen, prinsessen og prinsen avbildet i forbindelse med bryllupet til M\u00e4rtha Louise og Durek Verrett.  Foto: Fredrik Solstad \/ VG\" class=\"_image_qp4xg_65 layout-component layout-right\" data-fullscreen- data-track-element-type=\"Article image fullscreen\" data-track-name=\"ImageFullscreen\" decoding=\"async\" loading=\"lazy\" height=\"4000\" itemprop=\"image\"  src=\"https:\/\/www.europesays.com\/no\/wp-content\/uploads\/2025\/10\/5998335a-4a8a-422a-aea0-8ffa4ce27dcb\"  style=\"object-position:0% 0%\" width=\"6000\"\/>Kronprinsessen, prinsessen og prinsen avbildet i forbindelse med bryllupet til M\u00e4rtha Louise og Durek Verrett.  Foto: Fredrik Solstad \/ VG<\/p>\n<p class=\"_paragraph_o9xde_4 _paragraph_xtcu6_10 layout-component text-serif-m layout-normal text-serif-m layout-padded\">I juli ble det klart at prinsen har <a href=\"https:\/\/www.vg.no\/rampelys\/i\/kwoobB\/tv-2-prins-sverre-magnus-starter-eget-foretak\" data-track-element-type=\"Link\" data-track-id=\"link:kwoobB\" class=\"_link_o9xde_39\" rel=\"nofollow noopener\" target=\"_blank\">opprettet et enkeltpersonforetak<\/a> med navn \u00abSverre Magnus Productions\u00bb. Foretaket er registrert innenfor aktivitetene fotograf og filmproduksjon.<\/p>\n<p class=\"_paragraph_o9xde_4 _paragraph_xtcu6_10 layout-component text-serif-m layout-normal text-serif-m layout-padded\">Foretaket ble registrert 8. mai i \u00e5r.<\/p>\n<p class=\"_paragraph_o9xde_4 _paragraph_xtcu6_10 layout-component text-serif-m layout-normal text-serif-m layout-padded\">H\u00f8sten i fjor bodde prins Sverre Magnus (19) i Trondheim i forbindelse med jobb, men i januar ble det klart at han hadde <a href=\"https:\/\/www.vg.no\/rampelys\/i\/8qvnjr\/prins-sverre-magnus-har-flyttet\" data-track-element-type=\"Link\" data-track-id=\"link:8qvnjr\" class=\"_link_o9xde_39\" rel=\"nofollow noopener\" target=\"_blank\">flyttet derfra.<\/a><\/p>\n<p class=\"_paragraph_o9xde_4 _paragraph_xtcu6_10 layout-component text-serif-m layout-normal text-serif-m layout-padded\">Prinsen er ikke alene om \u00e5 tilbringe h\u00f8sten utenlands. I sommer ble det kjent at stores\u00f8ster, prinsesse Ingrid Alexandra, <a href=\"https:\/\/www.vg.no\/rampelys\/i\/o3qkjj\/prinsesse-ingrid-alexandra-klar-for-studentlivet\" data-track-element-type=\"Link\" data-track-id=\"link:o3qkjj\" class=\"_link_o9xde_39\" rel=\"nofollow noopener\" target=\"_blank\">flytter til Sydney for \u00e5 studere<\/a>.<\/p>\n<p class=\"_paragraph_o9xde_4 _paragraph_xtcu6_10 layout-component text-serif-m layout-normal text-serif-m layout-padded\"><strong class=\"_strong_o9xde_25\">Prinsen og prinsessen var i sommer p\u00e5 jobb sammen:<\/strong><\/p>\n","protected":false},"excerpt":{"rendered":"Mens prinsesse Ingrid Alexandra (21) studerer i Sydney, har det ikke v\u00e6rt kjent hva prins Sverre Magnus (19)&hellip;\n","protected":false},"author":2,"featured_media":59380,"comment_status":"","ping_status":"","sticky":false,"template":"","format":"standard","meta":{"footnotes":""},"categories":[10],"tags":[20,21,24,25,15,1222,22,23,13,30,28,29,14,16,402,26,27],"class_list":{"0":"post-59379","1":"post","2":"type-post","3":"status-publish","4":"format-standard","5":"has-post-thumbnail","7":"category-norge","8":"tag-breaking-news","9":"tag-breakingnews","10":"tag-featured-news","11":"tag-featurednews","12":"tag-headlines","13":"tag-kongefamilien","14":"tag-latest-news","15":"tag-latestnews","16":"tag-news","17":"tag-no","18":"tag-norge","19":"tag-norway","20":"tag-nyheter","21":"tag-overskrifter","22":"tag-prins-sverre-magnus","23":"tag-top-stories","24":"tag-topstories"},"share_on_mastodon":{"url":"","error":""},"_links":{"self":[{"href":"https:\/\/www.europesays.com\/no\/wp-json\/wp\/v2\/posts\/59379","targetHints":{"allow":["GET"]}}],"collection":[{"href":"https:\/\/www.europesays.com\/no\/wp-json\/wp\/v2\/posts"}],"about":[{"href":"https:\/\/www.europesays.com\/no\/wp-json\/wp\/v2\/types\/post"}],"author":[{"embeddable":true,"href":"https:\/\/www.europesays.com\/no\/wp-json\/wp\/v2\/users\/2"}],"replies":[{"embeddable":true,"href":"https:\/\/www.europesays.com\/no\/wp-json\/wp\/v2\/comments?post=59379"}],"version-history":[{"count":0,"href":"https:\/\/www.europesays.com\/no\/wp-json\/wp\/v2\/posts\/59379\/revisions"}],"wp:featuredmedia":[{"embeddable":true,"href":"https:\/\/www.europesays.com\/no\/wp-json\/wp\/v2\/media\/59380"}],"wp:attachment":[{"href":"https:\/\/www.europesays.com\/no\/wp-json\/wp\/v2\/media?parent=59379"}],"wp:term":[{"taxonomy":"category","embeddable":true,"href":"https:\/\/www.europesays.com\/no\/wp-json\/wp\/v2\/categories?post=59379"},{"taxonomy":"post_tag","embeddable":true,"href":"https:\/\/www.europesays.com\/no\/wp-json\/wp\/v2\/tags?post=59379"}],"curies":[{"name":"wp","href":"https:\/\/api.w.org\/{rel}","templated":true}]}}