{"id":59395,"date":"2025-10-13T12:17:08","date_gmt":"2025-10-13T12:17:08","guid":{"rendered":"https:\/\/www.europesays.com\/no\/59395\/"},"modified":"2025-10-13T12:17:08","modified_gmt":"2025-10-13T12:17:08","slug":"kongefamilien-vil-bygge-ut-hytta","status":"publish","type":"post","link":"https:\/\/www.europesays.com\/no\/59395\/","title":{"rendered":"Kongefamilien vil bygge ut hytta"},"content":{"rendered":"<p class=\"kicker text-red color_mobile_text-red\" style=\"\">Tj\u00f8me:<\/p>\n<p>  Hytta til kongefamilien p\u00e5 M\u00e5ger\u00f8 p\u00e5 Tj\u00f8me i F\u00e6rder kommune m\u00e5 ha dispensasjon f\u00f8r det kan bygges et tilbygg. Det er fordi hytta ligger i strandsonen.<\/p>\n<p>\n    I 2018 feiret kronprins Haakon sin 45-\u00e5rsdag p\u00e5 hytta p\u00e5 M\u00e5ger\u00f8 i Tj\u00f8me. Foto: Lise \u00c5serud \/ NTB\n  <\/p>\n<p>Det skriver\u00a0<a href=\"https:\/\/www.tb.no\/kongefamilien-vil-bygge-ut-hytta-pa-tjome\/s\/5-76-2699491\" target=\"_blank\" rel=\"nofollow noopener\">T\u00f8nsbergs Blad.<\/a><\/p>\n<p>22. oktober skal saken om tilbygget til hytta opp i Hovedutvalg for plan, teknikk og milj\u00f8. Det har blitt s\u00f8kt dispensasjon for \u00e5 kunne bygge et tilbygg til hytta.<\/p>\n<p>Utvalgsleder Gunnar Fredriksen (Frp) bekrefter at saken skal opp i m\u00f8tet. Da vil m\u00f8tet v\u00e6re lukket fordi saken er taushetsbelagt.<\/p>\n<p>          <img loading=\"lazy\" decoding=\"async\" src=\"https:\/\/www.europesays.com\/no\/wp-content\/uploads\/2025\/10\/83716228.webp\" width=\"980\" height=\"559\" title=\"Slik s\u00e5 hytta ut p\u00e5 flyfoto i 2005. Foto: Cornelius Poppe \/ NTB\" alt=\"\" class=\"\" style=\"--aspect-ratio-image: 1.75; \"\/><\/p>\n<p>\n          Slik s\u00e5 hytta ut p\u00e5 flyfoto i 2005. Foto: Cornelius Poppe \/ NTB\n      <\/p>\n<p>Forsvarsbygg og Det kongelige slott har ikke svart p\u00e5 T\u00f8nsbergs Blad henvendelser om hytta.<\/p>\n<p>Hytta p\u00e5 Tj\u00f8me sto klar sommeren 1993.<\/p>\n","protected":false},"excerpt":{"rendered":"Tj\u00f8me: Hytta til kongefamilien p\u00e5 M\u00e5ger\u00f8 p\u00e5 Tj\u00f8me i F\u00e6rder kommune m\u00e5 ha dispensasjon f\u00f8r det kan bygges&hellip;\n","protected":false},"author":2,"featured_media":59396,"comment_status":"","ping_status":"","sticky":false,"template":"","format":"standard","meta":{"footnotes":""},"categories":[5],"tags":[20,21,24,25,15,19,5258,1222,22,23,724,17,18,13,30,28,29,14,16,5127,26,27,431],"class_list":{"0":"post-59395","1":"post","2":"type-post","3":"status-publish","4":"format-standard","5":"has-post-thumbnail","7":"category-overskrifter","8":"tag-breaking-news","9":"tag-breakingnews","10":"tag-featured-news","11":"tag-featurednews","12":"tag-headlines","13":"tag-hovedoppslag","14":"tag-hytte","15":"tag-kongefamilien","16":"tag-latest-news","17":"tag-latestnews","18":"tag-livsstil","19":"tag-main-news","20":"tag-mainnews","21":"tag-news","22":"tag-no","23":"tag-norge","24":"tag-norway","25":"tag-nyheter","26":"tag-overskrifter","27":"tag-tjome","28":"tag-top-stories","29":"tag-topstories","30":"tag-tonsberg"},"share_on_mastodon":{"url":"","error":""},"_links":{"self":[{"href":"https:\/\/www.europesays.com\/no\/wp-json\/wp\/v2\/posts\/59395","targetHints":{"allow":["GET"]}}],"collection":[{"href":"https:\/\/www.europesays.com\/no\/wp-json\/wp\/v2\/posts"}],"about":[{"href":"https:\/\/www.europesays.com\/no\/wp-json\/wp\/v2\/types\/post"}],"author":[{"embeddable":true,"href":"https:\/\/www.europesays.com\/no\/wp-json\/wp\/v2\/users\/2"}],"replies":[{"embeddable":true,"href":"https:\/\/www.europesays.com\/no\/wp-json\/wp\/v2\/comments?post=59395"}],"version-history":[{"count":0,"href":"https:\/\/www.europesays.com\/no\/wp-json\/wp\/v2\/posts\/59395\/revisions"}],"wp:featuredmedia":[{"embeddable":true,"href":"https:\/\/www.europesays.com\/no\/wp-json\/wp\/v2\/media\/59396"}],"wp:attachment":[{"href":"https:\/\/www.europesays.com\/no\/wp-json\/wp\/v2\/media?parent=59395"}],"wp:term":[{"taxonomy":"category","embeddable":true,"href":"https:\/\/www.europesays.com\/no\/wp-json\/wp\/v2\/categories?post=59395"},{"taxonomy":"post_tag","embeddable":true,"href":"https:\/\/www.europesays.com\/no\/wp-json\/wp\/v2\/tags?post=59395"}],"curies":[{"name":"wp","href":"https:\/\/api.w.org\/{rel}","templated":true}]}}