{"id":59431,"date":"2025-10-13T12:58:07","date_gmt":"2025-10-13T12:58:07","guid":{"rendered":"https:\/\/www.europesays.com\/no\/59431\/"},"modified":"2025-10-13T12:58:07","modified_gmt":"2025-10-13T12:58:07","slug":"ronny-andre-hoyer-53-omkom-i-trafikkulykke-pa-melhus-vg","status":"publish","type":"post","link":"https:\/\/www.europesays.com\/no\/59431\/","title":{"rendered":"Ronny Andre H\u00f8yer (53) omkom i trafikkulykke p\u00e5 Melhus &#8211; VG"},"content":{"rendered":"<ol>\n<li><a href=\"https:\/\/news.google.com\/rss\/articles\/CBMikwFBVV95cUxQMTYtcUhHaFd6U1oyaGdnY2lMclJUVDlUZ09aUVVKV21JbUZETE8tWTZnX2dnUmxjUl9iQzdUUlUxQ2pmTkNraTB4NTg2S2pjNG1yWG52M19NdUVmNUpsS2FrZlZ2S1pRUVlJLUdEMVktUWhmMUdIT1VTLXBCNWM0ZWVzcHVmMkxqRUpWZVZaRDUyWVk?oc=5\" target=\"_blank\" rel=\"nofollow noopener\">Ronny Andre H\u00f8yer (53) omkom i trafikkulykke p\u00e5 Melhus<\/a>&nbsp;&nbsp;VG<\/li>\n<li><a href=\"https:\/\/news.google.com\/rss\/articles\/CBMijwFBVV95cUxNdklId0M3c3NjMS1Od044OGlyRV9fSXNxeVh5YkhOc0llY1hkYnlDS2FRRzBIUjdKYldxTjUxQnZhMmZtRnZaa2NmdzUwc1c5cExJQXdiQTI3NzNOTzhaaTdMRWhnOE5DOWhZNzFKSXcyRmMyM2U2UGs1alRiSk1kQXpPU1J3UjNKaEZwOTFQcw?oc=5\" target=\"_blank\" rel=\"nofollow noopener\">Ronny H\u00f8yer omkom i ulykken p\u00e5 E39<\/a>&nbsp;&nbsp;adressa.no<\/li>\n<li><a href=\"https:\/\/news.google.com\/rss\/articles\/CBMiggFBVV95cUxPbk9BUGg0MjhGNmphUjRZLXZ4ZlY4Q05fdEJodTd1aGdtTTFYMzBKV3EtZzFZbjJIWUhLQWloMGlOTVoyWFR2N2RseTVSSmdaelhBZ0ZVRUhRemluQ09NR3JOdTZIQUgwaV82Z1J3enVldGNjVVltU3gybmxYWFlocVNR?oc=5\" target=\"_blank\" rel=\"nofollow noopener\">Ronny (53) fra Trondheim d\u00f8de i trafikkulykke<\/a>&nbsp;&nbsp;Tr\u00f8nder-Avisa<\/li>\n<li><a href=\"https:\/\/news.google.com\/rss\/articles\/CBMijAFBVV95cUxQRGVvd2JYQnhPMEVSeW9ibkZqMFdBTFd6Zk9ER3hqcUo4dk1RLVdJV01OcmFqbEJxczVpRlJjTEhEdkNRbnBaaW9XcHJmXzIxRl9pTWI3SUIyQWNfZmFJakp0S2ljU3BnZFJCLVJsa2FLNWJrWGVUeTNXN3VUVmVETFpUODZTUDdfZE5Nbw?oc=5\" target=\"_blank\" rel=\"nofollow noopener\">Melhus, Nyhetsvarsel | Melhus: Frigir navn etter d\u00f8dsulykke<\/a>&nbsp;&nbsp;Nettavisen<\/li>\n<li><a href=\"https:\/\/news.google.com\/rss\/articles\/CBMiiAFBVV95cUxNZkNlV0xySVVOaEpqdk1RdmlzUVNCNzVkUThGdVB6SmpNbTlwNXNESy1qNHo2aENyRG84NWRUSDBDRm83cXFCcTF6RTIzcUdQdGtqX3lHSERpY3NuNFBwOHBicW5BdFVXdlpzXzZnMGl3NUxKRGFtQ2FpeVNsWXdaOHpPOThBaEt0?oc=5\" target=\"_blank\" rel=\"nofollow noopener\">Ronny (53) omkom i ulykka p\u00e5 \u00d8ysand<\/a>&nbsp;&nbsp;tronderbladet.no<\/li>\n<\/ol>\n","protected":false},"excerpt":{"rendered":"Ronny Andre H\u00f8yer (53) omkom i trafikkulykke p\u00e5 Melhus&nbsp;&nbsp;VG Ronny H\u00f8yer omkom i ulykken p\u00e5 E39&nbsp;&nbsp;adressa.no Ronny (53)&hellip;\n","protected":false},"author":2,"featured_media":59432,"comment_status":"","ping_status":"","sticky":false,"template":"","format":"standard","meta":{"footnotes":""},"categories":[10],"tags":[31,20,21,24,25,15,22,23,639,13,30,28,29,14,16,26,27],"class_list":{"0":"post-59431","1":"post","2":"type-post","3":"status-publish","4":"format-standard","5":"has-post-thumbnail","7":"category-norge","8":"tag-breaking","9":"tag-breaking-news","10":"tag-breakingnews","11":"tag-featured-news","12":"tag-featurednews","13":"tag-headlines","14":"tag-latest-news","15":"tag-latestnews","16":"tag-melhus","17":"tag-news","18":"tag-no","19":"tag-norge","20":"tag-norway","21":"tag-nyheter","22":"tag-overskrifter","23":"tag-top-stories","24":"tag-topstories"},"share_on_mastodon":{"url":"","error":""},"_links":{"self":[{"href":"https:\/\/www.europesays.com\/no\/wp-json\/wp\/v2\/posts\/59431","targetHints":{"allow":["GET"]}}],"collection":[{"href":"https:\/\/www.europesays.com\/no\/wp-json\/wp\/v2\/posts"}],"about":[{"href":"https:\/\/www.europesays.com\/no\/wp-json\/wp\/v2\/types\/post"}],"author":[{"embeddable":true,"href":"https:\/\/www.europesays.com\/no\/wp-json\/wp\/v2\/users\/2"}],"replies":[{"embeddable":true,"href":"https:\/\/www.europesays.com\/no\/wp-json\/wp\/v2\/comments?post=59431"}],"version-history":[{"count":0,"href":"https:\/\/www.europesays.com\/no\/wp-json\/wp\/v2\/posts\/59431\/revisions"}],"wp:featuredmedia":[{"embeddable":true,"href":"https:\/\/www.europesays.com\/no\/wp-json\/wp\/v2\/media\/59432"}],"wp:attachment":[{"href":"https:\/\/www.europesays.com\/no\/wp-json\/wp\/v2\/media?parent=59431"}],"wp:term":[{"taxonomy":"category","embeddable":true,"href":"https:\/\/www.europesays.com\/no\/wp-json\/wp\/v2\/categories?post=59431"},{"taxonomy":"post_tag","embeddable":true,"href":"https:\/\/www.europesays.com\/no\/wp-json\/wp\/v2\/tags?post=59431"}],"curies":[{"name":"wp","href":"https:\/\/api.w.org\/{rel}","templated":true}]}}