{"id":59483,"date":"2025-10-13T13:43:08","date_gmt":"2025-10-13T13:43:08","guid":{"rendered":"https:\/\/www.europesays.com\/no\/59483\/"},"modified":"2025-10-13T13:43:08","modified_gmt":"2025-10-13T13:43:08","slug":"gjert-onsker-ikke-a-lage-noe-stoy-der","status":"publish","type":"post","link":"https:\/\/www.europesays.com\/no\/59483\/","title":{"rendered":"\u2013 Gjert \u00f8nsker ikke \u00e5 lage noe st\u00f8y der"},"content":{"rendered":"\n<p class=\"_lead_o9xde_2 _lead_xtcu6_50 layout-component text-serif-m layout-normal text-serif-l layout-component layout-wide layout-padded _wide_17hqh_1 layout-padded\">Sportssjef Erlend Slokvik har f\u00e5tt beskjed om at Gjert Ingebrigtsen ikke kommer til \u00e5 v\u00e6re i n\u00e6rheten av banen s\u00f8nnene hans skal trene p\u00e5 i Spania. <\/p>\n<p><img alt=\"Gjert Ingebrigtsen og Narve Gilje Nord\u00e5s under Trond Mohn Games i Bergen i v\u00e5r. Foto: Hallgeir V\u00e5genes \/ VG\" class=\"_image_qp4xg_65 layout-component layout-wide\" data-fullscreen- data-track-element-type=\"Article image fullscreen\" data-track-name=\"ImageFullscreen\" fetchpriority=\"high\" decoding=\"sync\" loading=\"eager\" height=\"4000\" itemprop=\"image\"  src=\"https:\/\/www.europesays.com\/no\/wp-content\/uploads\/2025\/10\/9a6c8b98-db6f-40fd-bc92-ead6d9beab8d\"  style=\"object-position:0% 0%\" width=\"6000\"\/>Gjert Ingebrigtsen og Narve Gilje Nord\u00e5s under Trond Mohn Games i Bergen i v\u00e5r. Foto: Hallgeir V\u00e5genes \/ VG<\/p>\n<ul aria-hidden=\"true\" class=\"_images_1y6fe_106\">\n<li><a class=\"_link_1y6fe_111\" href=\"https:\/\/www.vg.no\/forfatter\/herman-folvik\" style=\"z-index:1\" title=\"Herman Folvik\" rel=\"nofollow noopener\" target=\"_blank\"><img alt=\"Bilde av Herman Folvik\" class=\"_image_1y6fe_88\" fetchpriority=\"low\" loading=\"lazy\" decoding=\"async\" itemprop=\"image\"  src=\"https:\/\/www.europesays.com\/no\/wp-content\/uploads\/2025\/10\/1760362988_815_b8d5eb91-9fa9-460c-b9f0-da310ffe35dd\"  width=\"480\"\/><\/a><\/li>\n<\/ul>\n<p> Oppdatert mandag 13. oktober kl. 15:22    <\/p>\n<ul class=\"_list_o9xde_3 _list_64s2r_85 _unordered_o9xde_106 text-sans-m\">\n<li class=\"_item_o9xde_30\">Gjert Ingebrigtsen har ikke f\u00e5tt adgang til treningsomr\u00e5det i Sierra Nevada der s\u00f8nnene trener.<\/li>\n<li class=\"_item_o9xde_30\">Sandnes IL sendte inn en s\u00f8knad i H\u00e5vard Tj\u00f8rhoms navn &#8211; uten hans viten. <\/li>\n<li class=\"_item_o9xde_30\">Norges Friidrettsforbund har sikret at fremtidige s\u00f8knader g\u00e5r gjennom dem.<\/li>\n<\/ul>\n<p>Vis mer <\/p>\n<p class=\"_paragraph_o9xde_4 _paragraph_xtcu6_10 layout-component text-serif-m layout-normal text-serif-m layout-padded\">I september omtalte VG at Gjert Ingebrigtsens navn sto p\u00e5 en s\u00f8knad sendt fra Sandnes IL for hans ut\u00f8vere. S\u00f8knaden <a href=\"https:\/\/www.vg.no\/sport\/i\/eMALba\/navnet-hans-ble-brukt-i-gjert-ingebrigtsen-soeknad-alvorlig\" data-track-element-type=\"Link\" data-track-id=\"link:eMALba\" class=\"_link_o9xde_39\" rel=\"nofollow noopener\" target=\"_blank\">ble omstridt da den ble sendt inn med friidrettstopp H\u00e5vard Tj\u00f8rhoms signatur<\/a> uten hans viten. <\/p>\n<p class=\"_paragraph_o9xde_4 _paragraph_xtcu6_10 layout-component text-serif-m layout-normal text-serif-m layout-padded\">Treningsleiren starter i slutten av oktober. I samme periode skal ogs\u00e5 Jakob, Filip og Henrik Ingebrigtsen trene i <a href=\"https:\/\/www.vg.no\/tag\/sierra-nevada?utm_source=vg-article&amp;utm_medium=auto-tagger&amp;utm_campaign=zAdkv1\" class=\"_link_o9xde_39\" rel=\"nofollow noopener\" target=\"_blank\">Sierra Nevada<\/a>. Br\u00f8drene holder til inne p\u00e5 det inngjerdede senteret, der sover, spiser og trener.<\/p>\n<p><img alt=\"Det har de siste \u00e5rene v\u00e6rt betent stemning mellom Narve Gilje Nord\u00e5s og Ingebrigtsen-br\u00f8drene.   Foto: Fredrik Varfjell \/ NTB\" class=\"_image_qp4xg_65 layout-component layout-normal\" data-fullscreen- data-track-element-type=\"Article image fullscreen\" data-track-name=\"ImageFullscreen\" decoding=\"async\" loading=\"lazy\" height=\"2275\" itemprop=\"image\"  src=\"https:\/\/www.europesays.com\/no\/wp-content\/uploads\/2025\/10\/57ff2906-dc1a-4874-bcde-8e4967afdcab\"  style=\"object-position:0% 0%\" width=\"3413\"\/>Det har de siste \u00e5rene v\u00e6rt betent stemning mellom Narve Gilje Nord\u00e5s og Ingebrigtsen-br\u00f8drene.   Foto: Fredrik Varfjell \/ NTB<\/p>\n<p class=\"_paragraph_o9xde_4 _paragraph_xtcu6_10 layout-component text-serif-m layout-normal text-serif-m layout-padded\">Narve Gilje Nord\u00e5s, Kieran Lumb og Jose Carlos Pinto skal derimot bo i leiligheter utenfor omr\u00e5det, men vil delta p\u00e5 enkelte \u00f8kter inne p\u00e5 senteret. If\u00f8lge Slokvik er det usikkert om Per Svela reiser. <\/p>\n<p class=\"_paragraph_o9xde_4 _paragraph_xtcu6_10 layout-component text-serif-m layout-normal text-serif-m layout-padded\">\u2013 Slik har det v\u00e6rt de siste gangene, sportssjef Erlend Slokvik i NFIF. <\/p>\n<p class=\"_paragraph_o9xde_4 _paragraph_xtcu6_10 layout-component text-serif-m layout-normal text-serif-m layout-padded\">Etter at Sandnes IL sendte s\u00f8knaden, har Norges Friidrettsforbund (NFIF) avklart med senteret at alle fremtidige s\u00f8knader m\u00e5 g\u00e5 via forbundet. Samtidig har de besluttet at Gjert Ingebrigtsen fortsatt ikke f\u00e5r adgang til det inngjerdede treningsomr\u00e5det \u2013 noe han ikke har f\u00e5tt siden bruddet med s\u00f8nnene.<\/p>\n<p class=\"_paragraph_o9xde_4 _paragraph_xtcu6_10 layout-component text-serif-m layout-normal text-serif-m layout-padded\">\u2013 Gjert skal ikke v\u00e6re der, og har ingen planer om det. Jeg vet ikke n\u00f8yaktig hva som skjedde med s\u00f8knaden, men det er avklart at han ikke skal dit, sier sportssjef Erlend Slokvik i NFIF.<\/p>\n<p><img alt=\"Erlend Slokvik.  Foto: Bj\u00f8rn S. Delebekk \/ VG\" class=\"_image_qp4xg_65 layout-component layout-normal\" data-fullscreen- data-track-element-type=\"Article image fullscreen\" data-track-name=\"ImageFullscreen\" decoding=\"async\" loading=\"lazy\" height=\"3592\" itemprop=\"image\"  src=\"https:\/\/www.europesays.com\/no\/wp-content\/uploads\/2025\/10\/ad1189db-bc4b-4a71-a078-8a1dbf8d68aa\"  style=\"object-position:0% 0%\" width=\"5392\"\/>Erlend Slokvik.  Foto: Bj\u00f8rn S. Delebekk \/ VG<\/p>\n<p class=\"_paragraph_o9xde_4 _paragraph_xtcu6_10 layout-component text-serif-m layout-normal text-serif-m layout-padded\">P\u00e5 sp\u00f8rsm\u00e5l om hvordan dette er avklart, svarer Slokvik:<\/p>\n<p class=\"_paragraph_o9xde_4 _paragraph_xtcu6_10 layout-component text-serif-m layout-normal text-serif-m layout-padded\">\u2013 Vi har snakket og mailet om det. Gjert \u00f8nsker ikke \u00e5 lage noe st\u00f8y der.<\/p>\n<p class=\"_paragraph_o9xde_4 _paragraph_xtcu6_10 layout-component text-serif-m layout-normal text-serif-m layout-padded\"><strong class=\"_strong_o9xde_25\">Gjert Ingebrigtsen har ikke besvart VGs henvendelse til saken.<\/strong><\/p>\n<p class=\"_paragraph_o9xde_4 _paragraph_xtcu6_10 layout-component text-serif-m layout-normal text-serif-m layout-padded\">Forbundet fors\u00f8ker \u00e5 legge til rette for at Ingebrigtsen-br\u00f8drene trener p\u00e5 andre tider enn ut\u00f8verne til Gjert Ingebrigtsen. Under rettssaken mot faren i v\u00e5r fortalte Jakob Ingebrigtsen at han ikke \u00f8nsker kontakt med ham i forbindelse med trening eller konkurranser.<\/p>\n<p class=\"_paragraph_o9xde_4 _paragraph_xtcu6_10 layout-component text-serif-m layout-normal text-serif-m layout-padded\">N\u00e5r det gjelder oppf\u00f8lgingen av Jakob i Sierra Nevada, sier sportssjefen at det kan v\u00e6re at assisterende sportssjef H\u00e5vard Tj\u00f8rhom skal v\u00e6re med.<\/p>\n<p class=\"_paragraph_o9xde_4 _paragraph_xtcu6_10 layout-component text-serif-m layout-normal text-serif-m layout-padded\"> \u2013\u2060\u00a0Men det er Filip som har hovedansvaret for Jakob, opplyser Slokvik.<\/p>\n<p>Rettssaken mot Gjert Ingebrigtsen<\/p>\n<ol class=\"_list_o9xde_3 _list_xtcu6_9 _list_16v91_9 _ordered_o9xde_79 layout-component text-serif-m layout-normal text-sans-m layout-padded\">\n<li class=\"_item_o9xde_30\"><strong class=\"_strong_o9xde_25\">Tiltale og anklager<\/strong> \u2013 Gjert Ingebrigtsen er tiltalt for mishandling i n\u00e6re relasjoner mot to av sine barn, Jakob og datteren.<\/li>\n<li class=\"_item_o9xde_30\"><strong class=\"_strong_o9xde_25\">Reaksjonskrav<\/strong> \u2013 Aktor krevde ubetinget fengsel i to og et halvt \u00e5r og oppreisning for de forn\u00e6rmede.<\/li>\n<li class=\"_item_o9xde_30\"><strong class=\"_strong_o9xde_25\">Rettens kjennskap<\/strong> \u2013 Rettssaken p\u00e5gikk over syv uker med 24 rettsdager fra 24. mars til 15. mai 2025.<\/li>\n<li class=\"_item_o9xde_30\"><strong class=\"_strong_o9xde_25\">Dom og straff<\/strong> \u2013 Han ble frikjent for vold mot Jakob, men d\u00f8mt for \u00e9n hendelse av kroppskrenkelse mot datteren. Straffen ble 15 dagers betinget fengsel og 10 000 kroner i erstatning.<\/li>\n<\/ol>\n<p class=\"_paragraph_o9xde_4 _paragraph_xtcu6_10 _paragraph_16v91_10 layout-component text-serif-m layout-normal text-sans-m layout-padded\">Forbundet har de siste \u00e5rene besluttet at Gjert Ingebrigtsen ikke f\u00e5r trenerakkreditering til mesterskap. <\/p>\n<p>Vis mer<\/p>\n<p class=\"_paragraph_o9xde_4 _paragraph_xtcu6_10 layout-component text-serif-m layout-normal text-serif-m layout-padded\">Da rettssaken mot Gjert Ingebrigtsen hadde pause i p\u00e5sken, reagerte Jakob p\u00e5 at faren og Henrik tok samme fly til Spania for treningsleir i Sierra Nevada. Gjert har feriehus ved kysten nedenfor Sierra Nevada.<\/p>\n<p class=\"_paragraph_o9xde_4 _paragraph_xtcu6_10 layout-component text-serif-m layout-normal text-serif-m layout-padded\">Den gang fors\u00f8kte forbundet \u00e5 sende Nord\u00e5s og Svela til Font-Romeu i Frankrike, men de \u00f8nsket \u00e5 trene i Sierra Nevada.<\/p>\n<p class=\"_paragraph_o9xde_4 _paragraph_xtcu6_10 layout-component text-serif-m layout-normal text-serif-m layout-padded\">Totalt skal rundt 20 norske l\u00f8pere p\u00e5 h\u00f8ydesamling der i h\u00f8st.<\/p>\n<p class=\"_paragraph_o9xde_4 _paragraph_xtcu6_10 layout-component text-serif-m layout-normal text-serif-m layout-padded\">\u2013 Det blir trolig ny rekord. Aldri f\u00f8r har s\u00e5 mange reist, sier Slokvik.<\/p>\n<p class=\"_paragraph_o9xde_4 _paragraph_xtcu6_10 layout-component text-serif-m layout-normal text-serif-m layout-padded\">En av dem er kometen H\u00e5kon Moe Berg (19), som l\u00f8p 1500 meter i VM i Tokyo og r\u00f8k ut i fors\u00f8ket. Han skal n\u00e5 teste h\u00f8ydetrening for f\u00f8rste gang.<\/p>\n<p class=\"_paragraph_o9xde_4 _paragraph_xtcu6_10 layout-component text-serif-m layout-normal text-serif-m layout-padded\">\u2013 Folk reagerer ulikt p\u00e5 h\u00f8yde. Noen trenger flere opphold f\u00f8r det gir effekt. Det er alltid en viss risiko, s\u00e5 man m\u00e5 styre intensiteten n\u00f8ye. Jeg har selv g\u00e5tt p\u00e5 en h\u00f8ydesmell, men H\u00e5kon blir godt ivaretatt av apparatet rundt ham, sier Slokvik.<\/p>\n","protected":false},"excerpt":{"rendered":"Sportssjef Erlend Slokvik har f\u00e5tt beskjed om at Gjert Ingebrigtsen ikke kommer til \u00e5 v\u00e6re i n\u00e6rheten av&hellip;\n","protected":false},"author":2,"featured_media":59484,"comment_status":"","ping_status":"","sticky":false,"template":"","format":"standard","meta":{"footnotes":""},"categories":[59],"tags":[2438,1620,5986,2048,30,28,29,8786,83,82],"class_list":{"0":"post-59483","1":"post","2":"type-post","3":"status-publish","4":"format-standard","5":"has-post-thumbnail","7":"category-sport","8":"tag-erlend-slokvik","9":"tag-gjert-ingebrigtsen","10":"tag-ingebrigtsen-brodrene","11":"tag-narve-gilje-nordas","12":"tag-no","13":"tag-norge","14":"tag-norway","15":"tag-sierra-nevada","16":"tag-sport","17":"tag-sports"},"share_on_mastodon":{"url":"","error":""},"_links":{"self":[{"href":"https:\/\/www.europesays.com\/no\/wp-json\/wp\/v2\/posts\/59483","targetHints":{"allow":["GET"]}}],"collection":[{"href":"https:\/\/www.europesays.com\/no\/wp-json\/wp\/v2\/posts"}],"about":[{"href":"https:\/\/www.europesays.com\/no\/wp-json\/wp\/v2\/types\/post"}],"author":[{"embeddable":true,"href":"https:\/\/www.europesays.com\/no\/wp-json\/wp\/v2\/users\/2"}],"replies":[{"embeddable":true,"href":"https:\/\/www.europesays.com\/no\/wp-json\/wp\/v2\/comments?post=59483"}],"version-history":[{"count":0,"href":"https:\/\/www.europesays.com\/no\/wp-json\/wp\/v2\/posts\/59483\/revisions"}],"wp:featuredmedia":[{"embeddable":true,"href":"https:\/\/www.europesays.com\/no\/wp-json\/wp\/v2\/media\/59484"}],"wp:attachment":[{"href":"https:\/\/www.europesays.com\/no\/wp-json\/wp\/v2\/media?parent=59483"}],"wp:term":[{"taxonomy":"category","embeddable":true,"href":"https:\/\/www.europesays.com\/no\/wp-json\/wp\/v2\/categories?post=59483"},{"taxonomy":"post_tag","embeddable":true,"href":"https:\/\/www.europesays.com\/no\/wp-json\/wp\/v2\/tags?post=59483"}],"curies":[{"name":"wp","href":"https:\/\/api.w.org\/{rel}","templated":true}]}}