{"id":59553,"date":"2025-10-13T14:59:11","date_gmt":"2025-10-13T14:59:11","guid":{"rendered":"https:\/\/www.europesays.com\/no\/59553\/"},"modified":"2025-10-13T14:59:11","modified_gmt":"2025-10-13T14:59:11","slug":"vil-haste-gjennom-flere-tiltak-for-barnevernsinstitusjoner","status":"publish","type":"post","link":"https:\/\/www.europesays.com\/no\/59553\/","title":{"rendered":"Vil haste gjennom flere tiltak for barnevernsinstitusjoner"},"content":{"rendered":"\n<ul class=\"_list_o9xde_3 _list_64s2r_85 _unordered_o9xde_106 text-sans-m\">\n<li class=\"_item_o9xde_30\">Barne- og familieminister Lene V\u00e5gslid vil stramme inn tiltak p\u00e5 barnevernsinstitusjoner, og sier det skal skje raskt. <\/li>\n<li class=\"_item_o9xde_30\">Tiltakene omfatter blant annet \u00e5 gi mulighet til \u00e5 l\u00e5se d\u00f8rer lenger, og  utvide perioden barna kan fratas mobiltelefoner. Hun vil ogs\u00e5 vurdere flere lovendringer.<\/li>\n<li class=\"_item_o9xde_30\">Politiet mener barn og unge rekrutteres til kriminalitet gjennom sosiale medier. <\/li>\n<\/ul>\n<p>Vis mer <\/p>\n<p class=\"_paragraph_o9xde_4 _paragraph_xtcu6_10 layout-component text-serif-m layout-normal text-serif-m layout-padded\">\u2013 De siste ukers alvorlige hendelser med barn som ser ut til \u00e5 ha blitt rekruttert av kyniske kriminelle har naturlig nok skapt debatt. Jeg mener det krever at vi m\u00e5 ta noen grep raskt for \u00e5 hindre at denne situasjonen utvikler seg, sier V\u00e5gslid til VG.<\/p>\n<p class=\"_paragraph_o9xde_4 _paragraph_xtcu6_10 layout-component text-serif-m layout-normal text-serif-m layout-padded\">\u00c5tte gutter mellom 12 og 15 \u00e5r <a href=\"https:\/\/www.vg.no\/nyheter\/i\/KMdVKG\/barneombudet-etter-granat-og-skytehendelser-fryktelig-alvorlig\" data-track-element-type=\"Link\" data-track-id=\"link:KMdVKG\" class=\"_link_o9xde_39\" rel=\"nofollow noopener\" target=\"_blank\">har blitt innbrakt <\/a>av politiet i forbindelse med granatangrepet i Oslo og en skyteepisode i Sarpsborg.<\/p>\n<p class=\"_paragraph_o9xde_4 _paragraph_xtcu6_10 layout-component text-serif-m layout-normal text-serif-m layout-padded\">Politiet mener det er snakk om\u00a0<a href=\"https:\/\/www.vg.no\/nyheter\/i\/W0npAr\/granatangrepet-i-oslo-politiet-etterforsker-skudd-i-sarpsborg-de-mener-er-gjort-paa-bestilling\" data-track-element-type=\"Link\" data-track-id=\"link:W0npAr\" class=\"_link_o9xde_39\" rel=\"nofollow noopener\" target=\"_blank\">voldsoppdrag fra sosiale medier,<\/a> og knytter episoden i Oslo til det svenske kriminelle nettverket Foxtrot. Flere av barna som har v\u00e6rt involvert i hendelsene, har tilknytning til barnevernet.<\/p>\n<p class=\"_paragraph_o9xde_4 _paragraph_xtcu6_10 layout-component text-serif-m layout-normal text-serif-m layout-padded\">V\u00e5gslid sier \u00e9n ting er klart: Kyniske kriminelle g\u00e5r m\u00e5lrettet etter s\u00e5rbare barn i sosiale medier.<\/p>\n<p class=\"_paragraph_o9xde_4 _paragraph_xtcu6_10 layout-component text-serif-m layout-normal text-serif-m layout-padded\">\u2013 Derfor m\u00e5 vi beskytte barna mot at de utsetter seg selv for fare, og mot at de blir rekruttert.<\/p>\n<p><img alt=\"Politiet arbeider ved eneboligen det ble skutt mot i Sarpsborg i starten av oktober. Fire mindre\u00e5rige gutter ble tatt av politiet.  Foto: Helge Mikalsen \/ VG\" class=\"_image_qp4xg_65 layout-component layout-normal\" data-fullscreen- data-track-element-type=\"Article image fullscreen\" data-track-name=\"ImageFullscreen\" decoding=\"async\" loading=\"lazy\" height=\"4329\" itemprop=\"image\"  src=\"https:\/\/www.europesays.com\/no\/wp-content\/uploads\/2025\/10\/3461fc8b-664a-4137-b1cb-229210b1b578\"  style=\"object-position:0% 0%\" width=\"6493\"\/>Politiet arbeider ved eneboligen det ble skutt mot i Sarpsborg i starten av oktober. Fire mindre\u00e5rige gutter ble tatt av politiet.  Foto: Helge Mikalsen \/ VG\u2013 Ikke tid<\/p>\n<p class=\"_paragraph_o9xde_4 _paragraph_xtcu6_10 layout-component text-serif-m layout-normal text-serif-m layout-padded\">Hun understreker at de fleste barn og unge som bor p\u00e5 institusjon ikke gj\u00f8r noe kriminelt, men at \u00f8kningen i kriminalitet blant de yngste ikke kan aksepteres.<\/p>\n<p class=\"_paragraph_o9xde_4 _paragraph_xtcu6_10 layout-component text-serif-m layout-normal text-serif-m layout-padded\">Tiltakene regjeringen foresl\u00e5r er basert p\u00e5 Storberget-gruppenStorberget-gruppenEn ekspertgruppe som s\u00e5 p\u00e5 tiltak overfor barn og unge som beg\u00e5r gjentatt eller alvorlig kriminalitet som leverte en rapport f\u00f8r sommeren, som nylig var ferdig p\u00e5 h\u00f8ring.<\/p>\n<p class=\"_paragraph_o9xde_4 _paragraph_xtcu6_10 layout-component text-serif-m layout-normal text-serif-m layout-padded\">I mai i fjor vedtok ogs\u00e5 regjeringen <a href=\"https:\/\/www.regjeringen.no\/no\/dokumenter\/vart-felles-ansvar-ny-retning-for-barnevernets-institusjonstilbud\/id3036923\/\" class=\"_link_o9xde_39\" rel=\"nofollow noopener\" target=\"_blank\">en strategi for<\/a> barnevernets institusjonstilbud, og i \u00e5r fremmet de <a href=\"https:\/\/www.regjeringen.no\/no\/dokumenter\/prop.-83-l-20242025\/id3094694\/\" class=\"_link_o9xde_39\" rel=\"nofollow noopener\" target=\"_blank\">et forslag <\/a>om kvalitetsl\u00f8ft i barnevernet.<\/p>\n<p class=\"_paragraph_o9xde_4 _paragraph_xtcu6_10 layout-component text-serif-m layout-normal text-serif-m layout-padded\">\u2013 Men noe av dette kommer til \u00e5 ta litt tid. S\u00e5 god tid har ikke jeg n\u00e5 &#8211; jeg er ut\u00e5lmodig og bekymret. Derfor mener jeg at vi m\u00e5 speede opp en del av grepene vi kan gj\u00f8re p\u00e5 regelverk- og lovsiden for \u00e5 beskytte barna bedre. Vi har ikke tid til \u00e5 vente, sier V\u00e5gslid.<\/p>\n<p>Fire tiltak<\/p>\n<p class=\"_paragraph_o9xde_4 _paragraph_xtcu6_10 layout-component text-serif-m layout-normal text-serif-m layout-padded\">Hun sier regjeringen vil haste gjennom fire tiltak:<\/p>\n<p class=\"_paragraph_o9xde_4 _paragraph_xtcu6_10 layout-component text-serif-m layout-normal text-serif-m layout-padded\">1) Regjeringen vil fremme forslag om \u00e5 forlenge tiden barnevernsinstitusjoner kan l\u00e5se d\u00f8ra, begrense bes\u00f8k og barnets tilgang til telefon og internett fra to til fire uker.<\/p>\n<p class=\"_paragraph_o9xde_4 _paragraph_xtcu6_10 layout-component text-serif-m layout-normal text-serif-m layout-padded\">2) I dag er det kun s\u00e5kalte atferdsinstitusjoner som kan l\u00e5se d\u00f8ra, nekte bes\u00f8k og ta inn mobiler p\u00e5 denne m\u00e5ten. Regjeringen vil foresl\u00e5 at alle barnevernsinstitusjoner skal kunne beslutte den typen tiltak for barn som har vedtak om plassering.<\/p>\n<p class=\"_paragraph_o9xde_4 _paragraph_xtcu6_10 layout-component text-serif-m layout-normal text-serif-m layout-padded\">3) I juni vedtok regjeringen \u00e5 oppheve forbudet mot innsyn i barns korrespondanse, og Stortinget vedtok \u00e5 f\u00e5 p\u00e5 plass en ny lovhjemmel som gir institusjoner rett til innsyn i barns elektroniske kommunikasjon. Denne lovhjemmelen lover V\u00e5gslid at regjeringen skal ha p\u00e5 plass innen 1. januar 2026.<\/p>\n<p class=\"_paragraph_o9xde_4 _paragraph_xtcu6_10 layout-component text-serif-m layout-normal text-serif-m layout-padded\">\u2013 M\u00e5let er \u00e5 komme like raskt i gang med alt av det jeg varsler her, og det vil jo kreve et raskt arbeid fra min side, sier V\u00e5gslid.<\/p>\n<p class=\"_paragraph_o9xde_4 _paragraph_xtcu6_10 layout-component text-serif-m layout-normal text-serif-m layout-padded\">4) P\u00e5 noen barnevernsinstitusjoner i dag bruker man ikke alle tiltak man har mulighet til selv om det er behov for det, sier V\u00e5gslid at hun har inntrykk av. Hun sier hun har bedt Bufdir Bufdir Barne-, ungdoms- og familiedirektoratet, en statlig etat som jobber med barnevern og familiepolitikkg\u00e5 igjennom og tydeliggj\u00f8re retningslinjene, s\u00e5 det er klart for alle som jobber p\u00e5 institusjon hvilke grep de kan ta.<\/p>\n<p class=\"_paragraph_o9xde_4 _paragraph_xtcu6_10 layout-component text-serif-m layout-normal text-serif-m layout-padded\">\u2013 Det skjer n\u00e5 \u2013 det har jeg allerede bedt dem om.<\/p>\n<p class=\"_paragraph_o9xde_4 _paragraph_xtcu6_10 layout-component text-serif-m layout-normal text-serif-m layout-padded\">Regjeringen vil ogs\u00e5 vurdere om det er behov for flere nye lovhjemler for \u00e5 sikre et n\u00f8dvendig beskyttelsesniv\u00e5 for \u00e5 ivareta barn som er til fare for seg selv eller andre, eller som st\u00e5r i fare for \u00e5 bli utnyttet til kriminalitet.<\/p>\n<p class=\"_paragraph_o9xde_4 _paragraph_xtcu6_10 layout-component text-serif-m layout-normal text-serif-m layout-padded\">\u2013 Vi er \u00e5pne for \u00e5 vurdere andre lovhjemler hvis vi ser det er n\u00f8dvendig for \u00e5 beskytte disse barna bedre. Derfor har Ap g\u00e5tt sammen med Sp i Stortinget i dag om et forslag om det.<\/p>\n<p><img alt=\"Lene V\u00e5gslid og forgjenger\u00a0Kjersti\u00a0Toppe fant mandag sammen om et forslag i Stortinget om \u00e5 vurdere flere endringer i loven for \u00e5 stramme inn i barnevernet.   Foto: Heiko Junge \/ NTB\" class=\"_image_qp4xg_65 layout-component layout-normal\" data-fullscreen- data-track-element-type=\"Article image fullscreen\" data-track-name=\"ImageFullscreen\" decoding=\"async\" loading=\"lazy\" height=\"5240\" itemprop=\"image\"  src=\"https:\/\/www.europesays.com\/no\/wp-content\/uploads\/2025\/10\/dfe77bc5-5a19-44fd-a78a-91ce185b12fa\"  style=\"object-position:0% 0%\" width=\"7856\"\/>Lene V\u00e5gslid og forgjenger\u00a0Kjersti\u00a0Toppe fant mandag sammen om et forslag i Stortinget om \u00e5 vurdere flere endringer i loven for \u00e5 stramme inn i barnevernet.   Foto: Heiko Junge \/ NTB<\/p>\n<p class=\"_paragraph_o9xde_4 _paragraph_xtcu6_10 layout-component text-serif-m layout-normal text-serif-m layout-padded\">Hun sier det ligger en rekke andre forslag i Storberget-rapporten regjeringen m\u00e5 f\u00f8lge opp parallelt.<\/p>\n<p class=\"_paragraph_o9xde_4 _paragraph_xtcu6_10 layout-component text-serif-m layout-normal text-serif-m layout-padded\">\u2013 Men jeg h\u00e5per og har inntrykk av at disse tiltakene har st\u00f8tte i Stortinget, sier V\u00e5gslid.<\/p>\n<p>Skal ha m\u00f8te med Oslo<\/p>\n<p class=\"_paragraph_o9xde_4 _paragraph_xtcu6_10 layout-component text-serif-m layout-normal text-serif-m layout-padded\">Mange av barna som har v\u00e6rt involvert i alvorlig kriminalitet har ogs\u00e5 tilknytning til Oslo. Der har byr\u00e5det g\u00e5tt hardt ut mot regjeringen, som de mener underfinansierer barnevernet der sammenlignet med andre steder.<\/p>\n<p>Derfor er Oslos barnevern annerledes<\/p>\n<p class=\"_paragraph_o9xde_4 _paragraph_xtcu6_10 _paragraph_16v91_10 layout-component text-serif-m layout-normal text-sans-m layout-padded\">Oslo kommune skiller seg fra alle andre kommuner i landet n\u00e5r det gjelder organisering av barnevernet.<\/p>\n<p class=\"_paragraph_o9xde_4 _paragraph_xtcu6_10 _paragraph_16v91_10 layout-component text-serif-m layout-normal text-sans-m layout-padded\">Normalt st\u00e5r kommunen for f\u00f8rstelinjetjenesten i barnevernet, som gir r\u00e5d og veiledning, og innf\u00f8rer tiltak overfor enkeltpersoner. Det er deretter staten, gjennom Barne-, ungdoms- og familieetaten (Bufetat) som st\u00e5r for annenlinjetjenesten, n\u00e5r det for eksempel er behov for \u00e5 plassere et barn utenfor hjemmet.<\/p>\n<p class=\"_paragraph_o9xde_4 _paragraph_xtcu6_10 _paragraph_16v91_10 layout-component text-serif-m layout-normal text-sans-m layout-padded\">I Oslos tilfelle er barnevernet ikke oppdelt, og det er kommunen som har ansvar for b\u00e5de f\u00f8rste- og annenlinjetjenesten.<\/p>\n<p>Vis mer<\/p>\n<p class=\"_paragraph_o9xde_4 _paragraph_xtcu6_10 layout-component text-serif-m layout-normal text-serif-m layout-padded\">\u2013 Jeg er i god dialog med Oslo kommune, og s\u00e5 er ikke jeg og byr\u00e5dslederen helt enige om tallbruken. Men det er en kjensgjerning at kostnadene har \u00f8kt veldig for barnevernet i Oslo. Det har det ogs\u00e5 gjort for det statlige barnevernet, s\u00e5 her er det en stor jobb \u00e5 gj\u00f8re b\u00e5de med kostnadskontroll og styring, sier V\u00e5gslid.<\/p>\n<p class=\"_paragraph_o9xde_4 _paragraph_xtcu6_10 layout-component text-serif-m layout-normal text-serif-m layout-padded\">\u2013 Selv om du ikke er enig i tallene de bruker: Ser du det de sier om at de er underfinansiert sammenlignet med andre steder?<\/p>\n<p class=\"_paragraph_o9xde_4 _paragraph_xtcu6_10 layout-component text-serif-m layout-normal text-serif-m layout-padded\">\u2013 Det er et vanskelig premiss, fordi barnevernet i Oslo er en kommunal oppgave. Jeg registrerer at byr\u00e5det har r\u00e5d til \u00e5 kutte eiendomsskatt p\u00e5 Oslos dyreste boliger. Vi har en god tone \u2013 men vi er ogs\u00e5 partipolitikere, og de prioriteringene mener jeg Oslo b\u00f8r svare p\u00e5 i en periode der behovene er store p\u00e5 barnevern og andre omr\u00e5der.<\/p>\n<p class=\"_paragraph_o9xde_4 _paragraph_xtcu6_10 layout-component text-serif-m layout-normal text-serif-m layout-padded\">\u2013 Men de har et annet ansvar for barnevernet enn andre kommuner?<\/p>\n<p class=\"_paragraph_o9xde_4 _paragraph_xtcu6_10 layout-component text-serif-m layout-normal text-serif-m layout-padded\">\u2013 De har hatt det i 21 \u00e5r. Derfor synes jeg det var\u00a0interessant<a href=\"https:\/\/www.vg.no\/nyheter\/i\/Jbkd88\/slakter-barnevernets-organisering-i-ny-rapport\" data-track-element-type=\"Link\" data-track-id=\"link:Jbkd88\" class=\"_link_o9xde_39\" rel=\"nofollow noopener\" target=\"_blank\"> \u00e5 ta imot Stene-rapportenStene-rapportenEn rapport som inneholder forslag til endringer i barnevernet, b\u00e5de statlig og i Oslo. som <\/a>kommer med forslag til endringer b\u00e5de i statlig barnevern og ogs\u00e5 for Oslo. Dette er noe jeg vil f\u00f8lge opp i god dialog med Oslo fremover, og ser frem til et f\u00f8rste m\u00f8te med dem om dette den 28. oktober.<\/p>\n","protected":false},"excerpt":{"rendered":"Barne- og familieminister Lene V\u00e5gslid vil stramme inn tiltak p\u00e5 barnevernsinstitusjoner, og sier det skal skje raskt. Tiltakene&hellip;\n","protected":false},"author":2,"featured_media":59554,"comment_status":"","ping_status":"","sticky":false,"template":"","format":"standard","meta":{"footnotes":""},"categories":[5],"tags":[3540,20,21,24,25,15,19,3881,22,23,7261,17,18,13,30,28,29,14,16,26,27,3813],"class_list":{"0":"post-59553","1":"post","2":"type-post","3":"status-publish","4":"format-standard","5":"has-post-thumbnail","7":"category-overskrifter","8":"tag-barnevern","9":"tag-breaking-news","10":"tag-breakingnews","11":"tag-featured-news","12":"tag-featurednews","13":"tag-headlines","14":"tag-hovedoppslag","15":"tag-kriminelle-nettverk","16":"tag-latest-news","17":"tag-latestnews","18":"tag-lene-vagslid","19":"tag-main-news","20":"tag-mainnews","21":"tag-news","22":"tag-no","23":"tag-norge","24":"tag-norway","25":"tag-nyheter","26":"tag-overskrifter","27":"tag-top-stories","28":"tag-topstories","29":"tag-ungdomskriminalitet"},"share_on_mastodon":{"url":"","error":""},"_links":{"self":[{"href":"https:\/\/www.europesays.com\/no\/wp-json\/wp\/v2\/posts\/59553","targetHints":{"allow":["GET"]}}],"collection":[{"href":"https:\/\/www.europesays.com\/no\/wp-json\/wp\/v2\/posts"}],"about":[{"href":"https:\/\/www.europesays.com\/no\/wp-json\/wp\/v2\/types\/post"}],"author":[{"embeddable":true,"href":"https:\/\/www.europesays.com\/no\/wp-json\/wp\/v2\/users\/2"}],"replies":[{"embeddable":true,"href":"https:\/\/www.europesays.com\/no\/wp-json\/wp\/v2\/comments?post=59553"}],"version-history":[{"count":0,"href":"https:\/\/www.europesays.com\/no\/wp-json\/wp\/v2\/posts\/59553\/revisions"}],"wp:featuredmedia":[{"embeddable":true,"href":"https:\/\/www.europesays.com\/no\/wp-json\/wp\/v2\/media\/59554"}],"wp:attachment":[{"href":"https:\/\/www.europesays.com\/no\/wp-json\/wp\/v2\/media?parent=59553"}],"wp:term":[{"taxonomy":"category","embeddable":true,"href":"https:\/\/www.europesays.com\/no\/wp-json\/wp\/v2\/categories?post=59553"},{"taxonomy":"post_tag","embeddable":true,"href":"https:\/\/www.europesays.com\/no\/wp-json\/wp\/v2\/tags?post=59553"}],"curies":[{"name":"wp","href":"https:\/\/api.w.org\/{rel}","templated":true}]}}