{"id":59590,"date":"2025-10-13T15:56:10","date_gmt":"2025-10-13T15:56:10","guid":{"rendered":"https:\/\/www.europesays.com\/no\/59590\/"},"modified":"2025-10-13T15:56:10","modified_gmt":"2025-10-13T15:56:10","slug":"kniv-forbudet-varsler-skjerpet-straff","status":"publish","type":"post","link":"https:\/\/www.europesays.com\/no\/59590\/","title":{"rendered":"Kniv-forbudet: Varsler skjerpet straff"},"content":{"rendered":"\n<p class=\"_lead_o9xde_2 _lead_xtcu6_50 layout-component text-serif-m layout-normal text-serif-l layout-component layout-wide layout-padded _wide_17hqh_1 layout-padded\">Regjeringen vil ha strengere straff for \u00e5 b\u00e6re kniv eller v\u00e5pen i det offentlige rom. I dag ender det som regel med en bot.  <\/p>\n<p><img alt=\"STRENGERE: Justisminister Astri Aas-Hansen vil ha en strengere straffereaksjon mot de som bryter knivforbudet.  Foto: G\u00f8ran Bohlin \/ VG\" class=\"_image_qp4xg_65 layout-component layout-wide\" data-fullscreen- data-track-element-type=\"Article image fullscreen\" data-track-name=\"ImageFullscreen\" fetchpriority=\"high\" decoding=\"sync\" loading=\"eager\" height=\"5504\" itemprop=\"image\"  src=\"https:\/\/www.europesays.com\/no\/wp-content\/uploads\/2025\/10\/0960014d-7097-4fa4-9ad4-cb0ac7de80c2\"  style=\"object-position:0% 0%\" width=\"8256\"\/>STRENGERE: Justisminister Astri Aas-Hansen vil ha en strengere straffereaksjon mot de som bryter knivforbudet.  Foto: G\u00f8ran Bohlin \/ VG<\/p>\n<ul aria-hidden=\"true\" class=\"_images_1y6fe_106\">\n<li><a class=\"_link_1y6fe_111\" href=\"https:\/\/www.vg.no\/forfatter\/alf-bjarne-johnsen\" style=\"z-index:2\" title=\"Alf Bjarne Johnsen\" rel=\"nofollow noopener\" target=\"_blank\"><img alt=\"Bilde av Alf Bjarne Johnsen\" class=\"_image_1y6fe_88\" fetchpriority=\"low\" loading=\"lazy\" decoding=\"async\" itemprop=\"image\"  src=\"https:\/\/www.europesays.com\/no\/wp-content\/uploads\/2025\/10\/1760370969_735_a8952b63-f4d3-424e-ab5c-93e67076c9b0\"  width=\"480\"\/><\/a><\/li>\n<li><a class=\"_link_1y6fe_111\" href=\"https:\/\/www.vg.no\/forfatter\/goeran-bohlin\" style=\"z-index:1\" title=\"G\u00f8ran Bohlin (foto)\" rel=\"nofollow noopener\" target=\"_blank\"><img alt=\"Bilde av G\u00f8ran Bohlin (foto)\" class=\"_image_1y6fe_88\" fetchpriority=\"low\" loading=\"lazy\" decoding=\"async\" itemprop=\"image\"  src=\"https:\/\/www.europesays.com\/no\/wp-content\/uploads\/2025\/10\/1760370970_383_b4ebae76-95ea-4d4d-b36e-c32971e6cd13\"  width=\"480\"\/><\/a><\/li>\n<\/ul>\n<p> Oppdatert mandag 13. oktober kl. 17:32     <\/p>\n<p class=\"_paragraph_o9xde_4 _paragraph_xtcu6_10 layout-component text-serif-m layout-normal text-serif-m layout-padded\">I Stortinget mandag ettermiddag varslet justisminister <a href=\"https:\/\/www.vg.no\/tag\/astri-aas-hansen?utm_source=vg-article&amp;utm_medium=auto-tagger&amp;utm_campaign=OoGB1V\" class=\"_link_o9xde_39\" rel=\"nofollow noopener\" target=\"_blank\">Astri Aas-Hansen (Ap)<\/a> at strafferammen for  brudd p\u00e5 knivforbudet skal skjerpes, og at regjeringen vil komme til Stortinget med en egen sak om dette senere:<\/p>\n<p class=\"_paragraph_o9xde_4 _paragraph_xtcu6_10 layout-component text-serif-m layout-normal text-serif-m layout-padded\">\u2013 Ett grep er \u00e5 f\u00e5 v\u00e5pen bort fra gaten. Bruk av kniv og skytev\u00e5pen i det offentlige rom er alvorlig og kan ende fatalt. Vi vil foresl\u00e5 strengere straff som fanger opp alvorlighetsgraden, sa Aas-Hansen.<\/p>\n<p class=\"_paragraph_o9xde_4 _paragraph_xtcu6_10 layout-component text-serif-m layout-normal text-serif-m layout-padded\">\u2013 Regjeringen vil sende ut et forslag om \u00e5 skjerpe straffen f\u00f8r jul, la hun til.<\/p>\n<p>Opp fra ett \u00e5r <\/p>\n<p class=\"_paragraph_o9xde_4 _paragraph_xtcu6_10 layout-component text-serif-m layout-normal text-serif-m layout-padded\">I dag er strafferammen ett \u00e5rs fengsel. Men som regel blir brudd p\u00e5 knivforbudet straffet med b\u00f8ter &#8211; eller kortere fengselsstraff for gjentatte brudd p\u00e5 knivforbudet.  <\/p>\n<p class=\"_paragraph_o9xde_4 _paragraph_xtcu6_10 layout-component text-serif-m layout-normal text-serif-m layout-padded\">\u2013 Det er fint at regjeringen f\u00f8lger opp det Stortinget har bedt dem f\u00f8lge opp, kommenterte Jon Engen-Helgheim (Frp). <\/p>\n<p class=\"_paragraph_o9xde_4 _paragraph_xtcu6_10 layout-component text-serif-m layout-normal text-serif-m layout-padded\">Aas-Hansen sier til VG at regjeringen ikke har tatt stilling til den konkrete skjerpelsen:<\/p>\n<p class=\"_paragraph_o9xde_4 _paragraph_xtcu6_10 layout-component text-serif-m layout-normal text-serif-m layout-padded\">\u2013 Om maks-straffen blir foresl\u00e5tt til to \u00e5r eller tre \u00e5r i fengsel, det f\u00e5r vi komme tilbake til. Regjeringen \u00f8nsker \u00e5 heve strafferammen slik at lovgiver gir et signal om at vi \u00f8nsker en faktisk \u00f8kning av reaksjonsniv\u00e5et, sier hun. <\/p>\n","protected":false},"excerpt":{"rendered":"Regjeringen vil ha strengere straff for \u00e5 b\u00e6re kniv eller v\u00e5pen i det offentlige rom. I dag ender&hellip;\n","protected":false},"author":2,"featured_media":59591,"comment_status":"","ping_status":"","sticky":false,"template":"","format":"standard","meta":{"footnotes":""},"categories":[10],"tags":[2878,20,21,24,25,15,148,22,23,13,30,28,29,14,16,333,26,27],"class_list":{"0":"post-59590","1":"post","2":"type-post","3":"status-publish","4":"format-standard","5":"has-post-thumbnail","7":"category-norge","8":"tag-astri-aas-hansen-ap","9":"tag-breaking-news","10":"tag-breakingnews","11":"tag-featured-news","12":"tag-featurednews","13":"tag-headlines","14":"tag-kriminalitet","15":"tag-latest-news","16":"tag-latestnews","17":"tag-news","18":"tag-no","19":"tag-norge","20":"tag-norway","21":"tag-nyheter","22":"tag-overskrifter","23":"tag-stortinget","24":"tag-top-stories","25":"tag-topstories"},"share_on_mastodon":{"url":"","error":""},"_links":{"self":[{"href":"https:\/\/www.europesays.com\/no\/wp-json\/wp\/v2\/posts\/59590","targetHints":{"allow":["GET"]}}],"collection":[{"href":"https:\/\/www.europesays.com\/no\/wp-json\/wp\/v2\/posts"}],"about":[{"href":"https:\/\/www.europesays.com\/no\/wp-json\/wp\/v2\/types\/post"}],"author":[{"embeddable":true,"href":"https:\/\/www.europesays.com\/no\/wp-json\/wp\/v2\/users\/2"}],"replies":[{"embeddable":true,"href":"https:\/\/www.europesays.com\/no\/wp-json\/wp\/v2\/comments?post=59590"}],"version-history":[{"count":0,"href":"https:\/\/www.europesays.com\/no\/wp-json\/wp\/v2\/posts\/59590\/revisions"}],"wp:featuredmedia":[{"embeddable":true,"href":"https:\/\/www.europesays.com\/no\/wp-json\/wp\/v2\/media\/59591"}],"wp:attachment":[{"href":"https:\/\/www.europesays.com\/no\/wp-json\/wp\/v2\/media?parent=59590"}],"wp:term":[{"taxonomy":"category","embeddable":true,"href":"https:\/\/www.europesays.com\/no\/wp-json\/wp\/v2\/categories?post=59590"},{"taxonomy":"post_tag","embeddable":true,"href":"https:\/\/www.europesays.com\/no\/wp-json\/wp\/v2\/tags?post=59590"}],"curies":[{"name":"wp","href":"https:\/\/api.w.org\/{rel}","templated":true}]}}