{"id":59598,"date":"2025-10-13T16:11:09","date_gmt":"2025-10-13T16:11:09","guid":{"rendered":"https:\/\/www.europesays.com\/no\/59598\/"},"modified":"2025-10-13T16:11:09","modified_gmt":"2025-10-13T16:11:09","slug":"venezuelas-ambassade-i-oslo-stengt","status":"publish","type":"post","link":"https:\/\/www.europesays.com\/no\/59598\/","title":{"rendered":"Venezuelas ambassade i Oslo stengt"},"content":{"rendered":"\n<p class=\"_lead_o9xde_2 _lead_xtcu6_50 layout-component text-serif-m layout-normal text-serif-l layout-component layout-wide layout-padded _wide_17hqh_1 layout-padded\">Landet som fredsprisvinner Mar\u00eda Corina Machado kommer fra, har stengt sin ambassade i Oslo<\/p>\n<p><img alt=\"Venezuelas anbassade stengte mandag kveld. Dette bildet ble tatt i forbindelse med innbrudd i ambassaden i januar. Foto: Fredrik Solstad \/ VG\" class=\"_image_qp4xg_65 layout-component layout-wide\" data-fullscreen- data-track-element-type=\"Article image fullscreen\" data-track-name=\"ImageFullscreen\" fetchpriority=\"high\" decoding=\"sync\" loading=\"eager\" height=\"3967\" itemprop=\"image\"  src=\"https:\/\/www.europesays.com\/no\/wp-content\/uploads\/2025\/10\/d8ec4ce0-a142-4e2d-b25c-0209a0dbc72e\"  style=\"object-position:0% 0%\" width=\"5950\"\/>Venezuelas anbassade stengte mandag kveld. Dette bildet ble tatt i forbindelse med innbrudd i ambassaden i januar. Foto: Fredrik Solstad \/ VG<\/p>\n<ul aria-hidden=\"true\" class=\"_images_1y6fe_106\">\n<li><a class=\"_link_1y6fe_111\" href=\"https:\/\/www.vg.no\/forfatter\/mona-langset\" style=\"z-index:1\" title=\"Mona Langset\" rel=\"nofollow noopener\" target=\"_blank\"><img alt=\"Bilde av Mona Langset\" class=\"_image_1y6fe_88\" fetchpriority=\"low\" loading=\"lazy\" decoding=\"async\" itemprop=\"image\"  src=\"https:\/\/www.europesays.com\/no\/wp-content\/uploads\/2025\/10\/1760371868_882_a592f7b8-d654-4432-9d92-e2e2e0017167\"  width=\"480\"\/><\/a><\/li>\n<\/ul>\n<p> Oppdatert mandag 13. oktober kl. 18:10     <\/p>\n<p class=\"_paragraph_o9xde_4 _paragraph_xtcu6_10 layout-component text-serif-m layout-normal text-serif-m layout-padded\">Mandag ettermiddag tok ingen telefonen ved <a href=\"https:\/\/www.vg.no\/tag\/venezuela?utm_source=vg-article&amp;utm_medium=auto-tagger&amp;utm_campaign=lwpkjA\" class=\"_link_o9xde_39\" rel=\"nofollow noopener\" target=\"_blank\">Venezuelas<\/a> ambassade i Oslo. Noen timer senere var telefonen koblet helt ut. N\u00e5 bekrefter UD at ambassaden er stengt. <\/p>\n<p class=\"_paragraph_o9xde_4 _paragraph_xtcu6_10 layout-component text-serif-m layout-normal text-serif-m layout-padded\">\u2013 Vi har mottatt informasjon fra Venezuelas ambassade om at de stenger ambassaden, uten begrunnelse. Det er beklagelig, skriver pressetalsperson Cecilie Roang i en e-post til VG<\/p>\n<p class=\"_paragraph_o9xde_4 _paragraph_xtcu6_10 layout-component text-serif-m layout-normal text-serif-m layout-padded\">\u2013 P\u00e5 tross av at vi har ulike syn i flere saker, \u00f8nsker Norge \u00e5 holde dialogen med Venezuela \u00e5pen og vil arbeide for det, fortsetter hun. <\/p>\n<p class=\"_paragraph_o9xde_4 _paragraph_xtcu6_10 layout-component text-serif-m layout-normal text-serif-m layout-padded\">Mar\u00eda Corina Machado var medlem av Venezuelas parlament fra 2011 til 2014 og grunnla valgobservasjonsorganisasjonen S\u00famate.<\/p>\n<p class=\"_paragraph_o9xde_4 _paragraph_xtcu6_10 layout-component text-serif-m layout-normal text-serif-m layout-padded\">\u2013 Hun f\u00e5r fredsprisen for arbeidet for \u00e5 fremme demokratiske rettigheter for folket i Venezuela og for kampen for et rettferdig og fredelig overgang fra diktatur til demokrati, sa leder i Nobelkomiteen J\u00f8rgen Watne Frydnes ved tildelingen fredag.<\/p>\n<p class=\"_paragraph_o9xde_4 _paragraph_xtcu6_10 layout-component text-serif-m layout-normal text-serif-m layout-padded\">P\u00e5 sp\u00f8rsm\u00e5l om ambassadestengningen kan ha noe med fredsprisen til Machado \u00e5 gj\u00f8re, skriver Roang i UD at Nobelprisen er uavhengig av den norske regjeringen, og henviser vi til Nobelkomiteen om sp\u00f8rsm\u00e5l om prisen.<\/p>\n","protected":false},"excerpt":{"rendered":"Landet som fredsprisvinner Mar\u00eda Corina Machado kommer fra, har stengt sin ambassade i Oslo Venezuelas anbassade stengte mandag&hellip;\n","protected":false},"author":2,"featured_media":59599,"comment_status":"","ping_status":"","sticky":false,"template":"","format":"standard","meta":{"footnotes":""},"categories":[5],"tags":[20,21,24,25,15,19,22,23,17,18,13,30,28,29,14,16,26,27,95],"class_list":{"0":"post-59598","1":"post","2":"type-post","3":"status-publish","4":"format-standard","5":"has-post-thumbnail","7":"category-overskrifter","8":"tag-breaking-news","9":"tag-breakingnews","10":"tag-featured-news","11":"tag-featurednews","12":"tag-headlines","13":"tag-hovedoppslag","14":"tag-latest-news","15":"tag-latestnews","16":"tag-main-news","17":"tag-mainnews","18":"tag-news","19":"tag-no","20":"tag-norge","21":"tag-norway","22":"tag-nyheter","23":"tag-overskrifter","24":"tag-top-stories","25":"tag-topstories","26":"tag-venezuela"},"share_on_mastodon":{"url":"","error":""},"_links":{"self":[{"href":"https:\/\/www.europesays.com\/no\/wp-json\/wp\/v2\/posts\/59598","targetHints":{"allow":["GET"]}}],"collection":[{"href":"https:\/\/www.europesays.com\/no\/wp-json\/wp\/v2\/posts"}],"about":[{"href":"https:\/\/www.europesays.com\/no\/wp-json\/wp\/v2\/types\/post"}],"author":[{"embeddable":true,"href":"https:\/\/www.europesays.com\/no\/wp-json\/wp\/v2\/users\/2"}],"replies":[{"embeddable":true,"href":"https:\/\/www.europesays.com\/no\/wp-json\/wp\/v2\/comments?post=59598"}],"version-history":[{"count":0,"href":"https:\/\/www.europesays.com\/no\/wp-json\/wp\/v2\/posts\/59598\/revisions"}],"wp:featuredmedia":[{"embeddable":true,"href":"https:\/\/www.europesays.com\/no\/wp-json\/wp\/v2\/media\/59599"}],"wp:attachment":[{"href":"https:\/\/www.europesays.com\/no\/wp-json\/wp\/v2\/media?parent=59598"}],"wp:term":[{"taxonomy":"category","embeddable":true,"href":"https:\/\/www.europesays.com\/no\/wp-json\/wp\/v2\/categories?post=59598"},{"taxonomy":"post_tag","embeddable":true,"href":"https:\/\/www.europesays.com\/no\/wp-json\/wp\/v2\/tags?post=59598"}],"curies":[{"name":"wp","href":"https:\/\/api.w.org\/{rel}","templated":true}]}}