{"id":59621,"date":"2025-10-13T16:52:10","date_gmt":"2025-10-13T16:52:10","guid":{"rendered":"https:\/\/www.europesays.com\/no\/59621\/"},"modified":"2025-10-13T16:52:10","modified_gmt":"2025-10-13T16:52:10","slug":"hadde-aldri-gjort-det","status":"publish","type":"post","link":"https:\/\/www.europesays.com\/no\/59621\/","title":{"rendered":"&#8211; Hadde aldri gjort det"},"content":{"rendered":"<p>  Legene fikk et puslespill foran seg da Aleksander Aamodt Kilde (33) ble pasient. N\u00e5 begynner brikkene endelig \u00e5 falle p\u00e5 plass.\u00a0<\/p>\n<p>\n    GLADNYHET: Aleksander Aamodt Kilde kommer med oppdatering om veien mot comebacket i vinter. Foto: Cornelius Poppe \/ NTB\n  <\/p>\n<p>&#8211; Akkurat<br \/>\nn\u00e5 s\u00e5 er den ganske bra. Jeg var hos doktoren for et par dager siden og han sa det<br \/>\nvar bedre enn forventet. Egentlig bedre enn jeg forventet at den kom til \u00e5<br \/>\nbli noensinne.\u00a0<\/p>\n<p>Dagbladet f\u00e5r gladnyheten presentert av Kilde kort tid etter at han har kommet p\u00e5 plass i egen leilighet i Innsbruck, \u00d8sterrike.\u00a0<\/p>\n<p class=\"font-weight-bold m-font-weight-bold\" data-lab-font_weight=\"font-weight-bold\">Bak seg har han akkurat lagt sin f\u00f8rste lange treningssamling (fire uker) i Chile &#8211; nesten to \u00e5r etter det stygge fallet i Wengen. I juli i fjor skapte en infeksjon nye komplikasjoner i den allerede opererte venstreskulderen, som har satt han ut til i sommer.\u00a0<\/p>\n<p>N\u00e5 virker ting lovende inn mot m\u00e5let: Sesongstarten i Beaver Creek den 4. desember.\u00a0<\/p>\n<p class=\"font-weight-bold m-font-weight-bold\" data-lab-font_weight=\"font-weight-bold\">&#8211; Jeg har troen p\u00e5 at etter denne samlingen i Chile at alt faktisk<br \/>\nblir ok. S\u00e5 f\u00e5r man se hvor bra det kan bli i form av konkurranse og om jeg<br \/>\nklarer \u00e5 v\u00e6re konkurransedyktig igjen. Det blir det neste steget, forteller fartsspesialisten.\u00a0<\/p>\n<p>I l\u00f8pet av de dr\u00f8yt 20 m\u00e5nedene ute har Kilde v\u00e6rt gjennom flere inngrep\/operasjoner. Sist gang var i februar i \u00e5r da alpinesset igjen ble operert for \u00e5 f\u00e5 satt p\u00e5 plass de l\u00f8snede musklene i skulderen.\u00a0<\/p>\n<p>          <img loading=\"lazy\" decoding=\"async\" src=\"https:\/\/www.europesays.com\/no\/wp-content\/uploads\/2025\/10\/83695901.webp\" width=\"686\" height=\"392\" title=\"OPERERT: En infeksjon i venstre skulder gjorde at Kilde har m\u00e5ttet g\u00e5 gjennom flere inngrep. Foto: Cornelius Poppe \/ NTB\" alt=\"\" class=\"\" style=\"--aspect-ratio-image: 1.75; \"\/><\/p>\n<p>\n          OPERERT: En infeksjon i venstre skulder gjorde at Kilde har m\u00e5ttet g\u00e5 gjennom flere inngrep. Foto: Cornelius Poppe \/ NTB\n      <\/p>\n<p>I samtalen med Dagbladet p\u00e5peker Kilde at behandlingen av skulderen har v\u00e6rt ny for legene og at de har tatt forbehold n\u00e5r det kommer til forventninger om progresjonen.\u00a0<\/p>\n<p class=\"italic m-italic\" data-lab-italic=\"italic\">&#8211; Legen har ikke behandlet noe s\u00e5nt f\u00f8r?\u00a0<\/p>\n<p class=\"font-weight-bold m-font-weight-bold\" data-lab-font_weight=\"font-weight-bold\">&#8211; Han har aldri gjort et s\u00e5nt inngrep p\u00e5 en i 30-\u00e5ra f\u00f8r.<br \/>\nDet er mer (gjort med) eldre pensjonister som har en skulder som ikke har funket over lang<br \/>\ntid. For en pensjonist er det ofte at man m\u00e5 unng\u00e5 at det blir smertefullt og at skulderen funker til en viss grad, men at de aldri trenger \u00e5 l\u00f8fte armen over hodet igjen. Vi er der &#8230;<\/p>\n<p>&#8211; Men p\u00e5 en idrettsut\u00f8ver har han aldri gjort dette inngrepet f\u00f8r. Han har pr\u00f8vd \u00e5<br \/>\nsnakke litt rundt og f\u00e5 forst\u00e5else for at det her ikke har blitt gjort s\u00e5<br \/>\nofte med den l\u00f8sningen de har gjort i skulderen min, legger profilen til.\u00a0<\/p>\n<p>          <img loading=\"lazy\" decoding=\"async\" src=\"https:\/\/www.europesays.com\/no\/wp-content\/uploads\/2025\/10\/83695888.webp\" width=\"980\" height=\"559\" title=\"ROSER: Aleksander Aamodt Kilde har f\u00e5tt stor st\u00f8tte fra forloveden og alpinstjerna Mikaela Shiffrin gjennom den t\u00f8ffe perioden. Foto: NTB\/AP\" alt=\"\" class=\"\" style=\"--aspect-ratio-image: 1.75; \"\/><\/p>\n<p>\n          ROSER: Aleksander Aamodt Kilde har f\u00e5tt stor st\u00f8tte fra forloveden og alpinstjerna Mikaela Shiffrin gjennom den t\u00f8ffe perioden. Foto: NTB\/AP\n      <\/p>\n<p>Kilde forteller at anatomien er helt annerledes enn hva den var og at han m\u00e5 l\u00e6re skulderen \u00abalt p\u00e5 nytt\u00bb.\u00a0<\/p>\n<p>&#8211; Det er en del begrensninger der, s\u00e5 n\u00e5 er den nok ikke skapt for \u00e5 gj\u00f8re s\u00e5 mye over hodet (med armene). Hvis jeg f\u00e5r<br \/>\nmuligheten til \u00e5 komme litt h\u00f8yere, s\u00e5 er det bra. Det f\u00e5r tiden vise. Det<br \/>\nfunket hvert fall ganske greit p\u00e5 ski og det er en motivasjonsboost for meg som skal inn i en<br \/>\nny sesong n\u00e5.\u00a0<\/p>\n<p>        Her var Aleksander Aamodt Kilde (31) tilbake p\u00e5 ski for f\u00f8rste gang siden skrekkskaden i januar 2024. Video: B\u00e5rd S\u00f8r\u00f8 Olsen \/ TV-sporten. Foto: NTB<\/p>\n<p>&#8211; Blir den helt bra?\u00a0<\/p>\n<p class=\"font-weight-bold m-font-weight-bold\" data-lab-font_weight=\"font-weight-bold\">&#8211; Nei, det tror jeg den aldri kommer til \u00e5 bli. Jeg m\u00e5 leve med en skulder som er begrenset uansett. Den skulderen her blir ganske mye d\u00e5rligere enn den andre<br \/>\nresten av livet, tenker jeg. Jeg m\u00e5 leve med det jeg har n\u00e5, og det skal g\u00e5 fint<br \/>\ndet.\u00a0<\/p>\n<p class=\"no_italic m-no_italic\" data-lab-italic=\"\">I februar venter den st\u00f8rste gulroten med OL i Italia og Bormio. Men f\u00f8rst og fremst er fartssesongstarten i Beaver creek det store m\u00e5let:\u00a0<\/p>\n<p>&#8211; Jeg kj\u00f8rer en nedtelling p\u00e5<br \/>\nInstagram. Det er et par m\u00e5neder for min del, s\u00e5 jeg h\u00e5per at det g\u00e5r som det<br \/>\nskal. De dagene blir viktige for meg. Det er en ordentlig kamp fra n\u00e5 til da. G\u00e5r<br \/>\ndet s\u00e5 g\u00e5r det, hvis ikke, s\u00e5 f\u00e5r man sette seg nye m\u00e5l. Det kjennes bra ut etter Chile, s\u00e5 det er digg \u00e5 si.<\/p>\n<p>        TALENT: En kj\u00e6rlighetssang til Aleksander Aamodt Kilde g\u00e5r viralt.  Video: Instagram\/Mikaela Shiffrin<\/p>\n","protected":false},"excerpt":{"rendered":"Legene fikk et puslespill foran seg da Aleksander Aamodt Kilde (33) ble pasient. N\u00e5 begynner brikkene endelig \u00e5&hellip;\n","protected":false},"author":2,"featured_media":59622,"comment_status":"","ping_status":"","sticky":false,"template":"","format":"standard","meta":{"footnotes":""},"categories":[12],"tags":[2347,249,20,21,24,25,15,22,23,13,30,28,29,14,16,83,26,27,42,43,44,45],"class_list":{"0":"post-59621","1":"post","2":"type-post","3":"status-publish","4":"format-standard","5":"has-post-thumbnail","7":"category-verden","8":"tag-aleksander-aamodt-kilde","9":"tag-alpint","10":"tag-breaking-news","11":"tag-breakingnews","12":"tag-featured-news","13":"tag-featurednews","14":"tag-headlines","15":"tag-latest-news","16":"tag-latestnews","17":"tag-news","18":"tag-no","19":"tag-norge","20":"tag-norway","21":"tag-nyheter","22":"tag-overskrifter","23":"tag-sport","24":"tag-top-stories","25":"tag-topstories","26":"tag-verden","27":"tag-world","28":"tag-world-news","29":"tag-worldnews"},"share_on_mastodon":{"url":"","error":""},"_links":{"self":[{"href":"https:\/\/www.europesays.com\/no\/wp-json\/wp\/v2\/posts\/59621","targetHints":{"allow":["GET"]}}],"collection":[{"href":"https:\/\/www.europesays.com\/no\/wp-json\/wp\/v2\/posts"}],"about":[{"href":"https:\/\/www.europesays.com\/no\/wp-json\/wp\/v2\/types\/post"}],"author":[{"embeddable":true,"href":"https:\/\/www.europesays.com\/no\/wp-json\/wp\/v2\/users\/2"}],"replies":[{"embeddable":true,"href":"https:\/\/www.europesays.com\/no\/wp-json\/wp\/v2\/comments?post=59621"}],"version-history":[{"count":0,"href":"https:\/\/www.europesays.com\/no\/wp-json\/wp\/v2\/posts\/59621\/revisions"}],"wp:featuredmedia":[{"embeddable":true,"href":"https:\/\/www.europesays.com\/no\/wp-json\/wp\/v2\/media\/59622"}],"wp:attachment":[{"href":"https:\/\/www.europesays.com\/no\/wp-json\/wp\/v2\/media?parent=59621"}],"wp:term":[{"taxonomy":"category","embeddable":true,"href":"https:\/\/www.europesays.com\/no\/wp-json\/wp\/v2\/categories?post=59621"},{"taxonomy":"post_tag","embeddable":true,"href":"https:\/\/www.europesays.com\/no\/wp-json\/wp\/v2\/tags?post=59621"}],"curies":[{"name":"wp","href":"https:\/\/api.w.org\/{rel}","templated":true}]}}