{"id":59661,"date":"2025-10-13T17:33:10","date_gmt":"2025-10-13T17:33:10","guid":{"rendered":"https:\/\/www.europesays.com\/no\/59661\/"},"modified":"2025-10-13T17:33:10","modified_gmt":"2025-10-13T17:33:10","slug":"sogndal-okonomi-og-naeringsliv-forste-leigetakar-pa-billagstomta-er-klar-sogndal-treng-fleire-lokale-bedrifter","status":"publish","type":"post","link":"https:\/\/www.europesays.com\/no\/59661\/","title":{"rendered":"Sogndal, \u00d8konomi og n\u00e6ringsliv | F\u00f8rste leigetakar p\u00e5 Billagstomta er klar: \u2013 Sogndal treng fleire lokale bedrifter"},"content":{"rendered":"\n<p>Daglegvarekundar i regionsenteret, og det er vel dei fleste, ligg an til \u00e5 f\u00e5 mykje \u00e5 velja i om nokre \u00e5r. Fr\u00e5 f\u00f8r er det kjent at Kiwi planlegg \u00e5 etablera seg i Stedjevegen og at Spar har lyst inn i det nye Guro Ness-kvartalet.<\/p>\n<p>Dette kjem i tillegg til Meny, to Coop Extra og to Rema 1000-butikkar som allereie er etablerte i bygda.<\/p>\n<p>I ei pressemelding fr\u00e5 Einarsen Eigedom, Rema 1000 og  kjem det fram at Reitan-familien sitt flaggskip har signert ein intensjonsavtale med Sogndalsporten Utvikling om \u00e5 bli leigetakar p\u00e5 Billagstomta midt i Sogndal sentrum.<\/p>\n<p>Det blir i s\u00e5 fall den tredje Rema 1000-butikken i Sogndal.<\/p>\n<p>\u2013 Med ein ny butikk p\u00e5 Billagstomta sikrar me oss den beste plasseringa for handel i sentrum \u2013 med parkering under tak, bussterminal og god tilkomst, seier etableringsdirekt\u00f8r Magne Jan Vik i Rebus Handelseiendom i pressemeldinga.<\/p>\n<p>  <a href=\"https:\/\/www.sognavis.no\/5-115-1277524\" class=\"related-teaser has-image default-story-teaser article--c-eRUmMG article--c-eRUmMG-jKCPdD-design-default\" rel=\"nofollow noopener\" target=\"_blank\"><\/p>\n<p>    <img decoding=\"async\" loading=\"lazy\"  src=\"https:\/\/www.europesays.com\/no\/wp-content\/uploads\/2025\/10\/Ole+Jonny+med+br%C3%B8d.JPG\" alt=\"\" class=\"brick-c-cFOWSL\" style=\"\"\/><\/p>\n<p>\n            Les ogs\u00e5<\/p>\n<p>              Lustrakj\u00f8pmann vil etablera Spar-butikk i Sogndal\n        <\/p>\n<p>  <\/a><br \/>\n  Opning 2028\/2029<\/p>\n<p>Jan Arild Byttingsvik i Rema 1000 dreg fram at kjeda er den einaste akt\u00f8ren i Sogndal med lokaleigde butikkar.<\/p>\n<p>\u2013 Det meiner me er viktig for \u00e5 sikra at mest mogleg av det kundane handlar for blir lagt igjen i bygda.<\/p>\n<p>Dei to remabutikkane som alt finst i Sogndal, Rema 1000 Sogndal og Rema 1000 Amfi Sogningen, vert drivne av h\u00f8vesvis Mona Lie og Thorbj\u00f8rn Myklebust. Begge busette i Sogndal.<\/p>\n<p>Den planlagde daglegvarebutikken er den f\u00f8rste leigetakaren som vert offentleggjort i det som gong p\u00e5 gong har vore omtala som indrefileten i Sogndal.<\/p>\n<p>Det er ikkje kjend kva andre verksemder som er venta \u00e5 flytta inn i kvartalet, men i pressemeldinga vert b\u00e5de apotek, fris\u00f8r, butikkar, treningssenter, kiosk og bakeri nemnd som moglegheiter.<\/p>\n<p>Bussterminalen, som i dag har om lag 1000 p\u00e5- og avstigande passasjerar dagleg, vil med dei nye tilboda kunna f\u00e5 mellom 2000 og 3000 bes\u00f8kjande dagleg n\u00e5r alt opnar.<\/p>\n<p>Byggjestart er planlagd i 2027, og den nye butikken skal st\u00e5 klar for opning i l\u00f8pet av 2028\/2029.<\/p>\n<p>  <a href=\"https:\/\/www.sognavis.no\/5-115-1264509\" class=\"related-teaser has-image default-story-teaser article--c-eRUmMG article--c-eRUmMG-jKCPdD-design-default\" rel=\"nofollow noopener\" target=\"_blank\"><\/p>\n<p>    <img decoding=\"async\" loading=\"lazy\"  src=\"https:\/\/www.europesays.com\/no\/wp-content\/uploads\/2025\/10\/Skjermbilde+2025-01-15+kl.+12.52.13.png\" alt=\"\" class=\"brick-c-cFOWSL\" style=\"\"\/><\/p>\n<p>\n            Les ogs\u00e5<\/p>\n<p>              No er det klart kva butikk som skal inn her\n        <\/p>\n<p>  <\/a><br \/>\n  \u2013 Ser veldig bra ut<\/p>\n<p>\u2013 Eg tel meg fram til at dette blir den \u00e5ttande daglegvarebutikken i Sogndal om nokre \u00e5r. De har tydelegvis trua p\u00e5 potensialet i Sogndal?<\/p>\n<p>\u2013 Me har trua p\u00e5 at b\u00e5de Sogndal og Rema er i vekst og dette prosjektet har me st\u00e5ltru p\u00e5, sl\u00e5r regionsjef i Rema 1000, Jan Arild Byttingsvik fast og understrekar at dei to butikkane som kjeda alt har i bygda, g\u00e5r s\u00e6rs godt.<\/p>\n<p>\u2013 S\u00e5 du er ikkje bekymra for at det blir for mange butikkar p\u00e5 eit lite omr\u00e5de?<\/p>\n<p>\u2013 Hadde eg lett for \u00e5 bekymra meg kunne eg ikkje drive med daglegvarer, humrar Byttingsvik og held fram:<\/p>\n<p>\u2013 Dette prosjektet ser veldig bra ut. Me jobbar godt i tospann med Einarsen.<\/p>\n<p>Lokalt eigarskap<\/p>\n<p>Det tykkjer Frode Einarsen, utleigeansvarleg i Sogndalsporten Utvikling og CEO i Einarsen Eigedom \u00f2g.<\/p>\n<p>\u2013 Alle dei fire store kjedene i landet fekk anledning til \u00e5 vurdera prosjektet og gje tilbod p\u00e5 leige av lokala. Etter ei samla vurdering av konsept, leigepris og merkevare landa styret p\u00e5 at Rema 1000 var rett leigetakar, fortel han.<\/p>\n<p>Som Byttingsvik dreg han fram det lokale eigarskapet som ein viktig faktor.<\/p>\n<p>\u2013 Rema 1000 driv p\u00e5 franchise, der ein lokal kj\u00f8pmann eig og styrer butikken sj\u00f8lv. Dette gir ei heilt anna lokal verdiskaping enn ein filialbutikk med hovudkontor i byen. Sogndal treng fleire lokale bedrifter. Me er glade for \u00e5 ha f\u00e5tt med ein solid og lokalengasjert akt\u00f8r som f\u00f8rste leigetakar i prosjektet.<\/p>\n<p>Einarsen minner \u00f2g om folkem\u00f8tet i Sogndal kulturhus f\u00f8rstkomande onsdag, der prosjektet og planane for Billagstomta vil bli presenterte.<\/p>\n<p>  <a href=\"https:\/\/www.sognavis.no\/5-115-1145276\" class=\"related-teaser has-image default-story-teaser article--c-eRUmMG article--c-eRUmMG-jKCPdD-design-default\" rel=\"nofollow noopener\" target=\"_blank\"><\/p>\n<p>    <img decoding=\"async\" loading=\"lazy\"  src=\"https:\/\/www.europesays.com\/no\/wp-content\/uploads\/2025\/10\/Einarsen%2C+fors%C3%B8k+2.jpg\" alt=\"\" class=\"brick-c-cFOWSL\" style=\"\"\/><\/p>\n<p>\n            Les ogs\u00e5<\/p>\n<p>              Vinnaren er k\u00e5ra p\u00e5 Billagstomti: \u2013 Det har vore mange rundar, fleire enn planlagt\n        <\/p>\n<p>  <\/a><\/p>\n","protected":false},"excerpt":{"rendered":"Daglegvarekundar i regionsenteret, og det er vel dei fleste, ligg an til \u00e5 f\u00e5 mykje \u00e5 velja i&hellip;\n","protected":false},"author":2,"featured_media":59662,"comment_status":"","ping_status":"","sticky":false,"template":"","format":"standard","meta":{"footnotes":""},"categories":[56],"tags":[36,8797,60,61,8796,62,30,28,29,216,1394,1029,1510],"class_list":{"0":"post-59661","1":"post","2":"type-post","3":"status-publish","4":"format-standard","5":"has-post-thumbnail","7":"category-naeringsliv","8":"tag-art","9":"tag-billagstomta","10":"tag-business","11":"tag-economy","12":"tag-einarsen-eigedom","13":"tag-naeringsliv","14":"tag-no","15":"tag-norge","16":"tag-norway","17":"tag-okonomi-og-naeringsliv","18":"tag-rema-1000","19":"tag-sogndal","20":"tag-story"},"share_on_mastodon":{"url":"","error":""},"_links":{"self":[{"href":"https:\/\/www.europesays.com\/no\/wp-json\/wp\/v2\/posts\/59661","targetHints":{"allow":["GET"]}}],"collection":[{"href":"https:\/\/www.europesays.com\/no\/wp-json\/wp\/v2\/posts"}],"about":[{"href":"https:\/\/www.europesays.com\/no\/wp-json\/wp\/v2\/types\/post"}],"author":[{"embeddable":true,"href":"https:\/\/www.europesays.com\/no\/wp-json\/wp\/v2\/users\/2"}],"replies":[{"embeddable":true,"href":"https:\/\/www.europesays.com\/no\/wp-json\/wp\/v2\/comments?post=59661"}],"version-history":[{"count":0,"href":"https:\/\/www.europesays.com\/no\/wp-json\/wp\/v2\/posts\/59661\/revisions"}],"wp:featuredmedia":[{"embeddable":true,"href":"https:\/\/www.europesays.com\/no\/wp-json\/wp\/v2\/media\/59662"}],"wp:attachment":[{"href":"https:\/\/www.europesays.com\/no\/wp-json\/wp\/v2\/media?parent=59661"}],"wp:term":[{"taxonomy":"category","embeddable":true,"href":"https:\/\/www.europesays.com\/no\/wp-json\/wp\/v2\/categories?post=59661"},{"taxonomy":"post_tag","embeddable":true,"href":"https:\/\/www.europesays.com\/no\/wp-json\/wp\/v2\/tags?post=59661"}],"curies":[{"name":"wp","href":"https:\/\/api.w.org\/{rel}","templated":true}]}}