{"id":59695,"date":"2025-10-13T18:17:10","date_gmt":"2025-10-13T18:17:10","guid":{"rendered":"https:\/\/www.europesays.com\/no\/59695\/"},"modified":"2025-10-13T18:17:10","modified_gmt":"2025-10-13T18:17:10","slug":"ulykker-og-hendelser-asker-bil-har-kjort-av-veien-fremstar-alvorlig","status":"publish","type":"post","link":"https:\/\/www.europesays.com\/no\/59695\/","title":{"rendered":"Ulykker og hendelser, Asker | Bil har kj\u00f8rt av veien: \u2013 Fremst\u00e5r alvorlig"},"content":{"rendered":"\n<p>Saken oppdateres!<\/p>\n<p>Politiet meldte om ulykken klokken 19.16. De opplyste da at en bil hadde kj\u00f8rt av veien i Solliveien i Asker.<\/p>\n<p>\u2013 Det er en bil som har kj\u00f8rt av veien og etter hvert landet p\u00e5 taket, sier oppdragsleder i politiet, Marius Hatl\u00f8y Kristiansen til Budstikka.<\/p>\n<p>   <img decoding=\"async\" width=\"4032\" height=\"3024\" fetchpriority=\"low\"  loading=\"lazy\"  src=\"https:\/\/www.europesays.com\/no\/wp-content\/uploads\/2025\/10\/Image_20251013_194033_535.jpeg\" alt=\"\" class=\"brick-c-cFOWSL\" style=\"--brick-image-ratio: 4032 \/ 3024;\"\/><\/p>\n<p>    N\u00f8detatene fikk frigjort en person fra bilen som kj\u00f8rte av veien.<br \/>\n    Foto: J\u00d8RGEN DAHL KRISTENSEN\n  <\/p>\n<p>Han bekrefter at det dreier seg om en singelulykke der ingen andre kj\u00f8ret\u00f8y var involvert.<\/p>\n<p>    Vil du se neste video?<\/p>\n<p>    <a href=\"https:\/\/www.budstikka.no\/her-sprenger-de-for-siste-gang\/v\/5-55-2108967\" class=\"recommend-poster\" data-adp-clicklabel=\"video-recommend\" data-adp-clickvalue=\"poster\" rel=\"nofollow noopener\" target=\"_blank\"><br \/>\n      <img decoding=\"async\" width=\"200\" height=\"200\" loading=\"lazy\" src=\"https:\/\/www.europesays.com\/no\/wp-content\/uploads\/2025\/10\/v-i-da743ebf-bfff-4574-ab33-e634abcc388b-1.jpg\" alt=\"\" class=\"brick-c-cFOWSL\" style=\"--brick-image-ratio: 200 \/ 200;\"\/><\/p>\n<p>Her sprenger de for siste gang0:45<\/p>\n<p>    <\/a><\/p>\n<p>Etter at n\u00f8detatene har kommet frem, opplyser oppdragslederen at en person er frigjort fra bilen.<\/p>\n<p>\u2013 De f\u00f8rste n\u00f8detatene som kom frem til stedet fikk sj\u00e5f\u00f8ren ut av bilen, forteller oppdragslederen.<\/p>\n<p>Satte i gang hjerte-lunge-redning<\/p>\n<p>Han forteller videre at det ble satt i gang hjerte-lunge-redning p\u00e5 den skadde personen.<\/p>\n<p>\u2013 Pust og uls kom da tilbake. Vedkommende er n\u00e5 tatt h\u00e5nd om av helsepersonell for videre behandling, sier Kristiansen.<\/p>\n<p>   <img decoding=\"async\" width=\"3024\" height=\"4032\" fetchpriority=\"low\"  loading=\"lazy\"  src=\"https:\/\/www.europesays.com\/no\/wp-content\/uploads\/2025\/10\/Image_20251013_195650_109.jpeg\" alt=\"\" class=\"brick-c-cFOWSL\" style=\"--brick-image-ratio: 3024 \/ 4032;\"\/><\/p>\n<p>    Hjulspor over jordet viser ferden til bilen f\u00f8r den stoppet.<br \/>\n    Foto: J\u00d8RGEN DAHL KRISTENSEN\n  <\/p>\n<p>Budstikkas journalist p\u00e5 stedet opplyser at hjulspor p\u00e5 stedet viser at bilen har kj\u00f8rt flere hundre meter over et jorde f\u00f8r den endte p\u00e5 taket.<\/p>\n<p>Syklist ble vitne<\/p>\n<p>En syklist som syklet Solliveien i retning inn mot Solli g\u00e5rd observerte bilen da den var i ferd med \u00e5 kj\u00f8re av veien.<\/p>\n<p>\u2013 Da bilen passerte meg var den allerede p\u00e5 vei ut av veien, sier syklisten, som ikke \u00f8nsker navnet sitt p\u00e5 trykk.<\/p>\n<p>\u2013 Jeg s\u00e5 bilen kj\u00f8rte over jordet og s\u00e5 forsvant den ned en skr\u00e5ning, forteller vitnet.<\/p>\n<p>Han varslet n\u00f8detatene om ulykken.<\/p>\n<p>Kalte ut luftambulanse<\/p>\n<p>Luftambulanse ble ogs\u00e5 kalt ut i forbindelse med ulykken og var ventet \u00e5 lande i 19.50-tiden. Helikopteret ble imidlertid avbrutt og vendte tilbake mot Oslo.<\/p>\n<p>\u2013 Det ble etter hvert vurdert av helsepersonell at det ikke var behov for luftambulanse, sier oppdragslederen.<\/p>\n<p>N\u00f8detatene er p\u00e5 plass med fem biler fra helsevesenet, to politibiler og to mannskapsbiler fra brannvesenet.<\/p>\n<p>Hvorfor bilen kj\u00f8rte av veien, er forel\u00f8pig uklart.<\/p>\n<p>Bilisten var p\u00e5 vei ut av veien<\/p>\n","protected":false},"excerpt":{"rendered":"Saken oppdateres! Politiet meldte om ulykken klokken 19.16. De opplyste da at en bil hadde kj\u00f8rt av veien&hellip;\n","protected":false},"author":2,"featured_media":59696,"comment_status":"","ping_status":"","sticky":false,"template":"","format":"standard","meta":{"footnotes":""},"categories":[10],"tags":[36,996,20,21,24,25,15,22,23,13,30,28,29,14,16,254,1510,26,27,941],"class_list":{"0":"post-59695","1":"post","2":"type-post","3":"status-publish","4":"format-standard","5":"has-post-thumbnail","7":"category-norge","8":"tag-art","9":"tag-asker","10":"tag-breaking-news","11":"tag-breakingnews","12":"tag-featured-news","13":"tag-featurednews","14":"tag-headlines","15":"tag-latest-news","16":"tag-latestnews","17":"tag-news","18":"tag-no","19":"tag-norge","20":"tag-norway","21":"tag-nyheter","22":"tag-overskrifter","23":"tag-politi","24":"tag-story","25":"tag-top-stories","26":"tag-topstories","27":"tag-ulykker-og-hendelser"},"share_on_mastodon":{"url":"","error":""},"_links":{"self":[{"href":"https:\/\/www.europesays.com\/no\/wp-json\/wp\/v2\/posts\/59695","targetHints":{"allow":["GET"]}}],"collection":[{"href":"https:\/\/www.europesays.com\/no\/wp-json\/wp\/v2\/posts"}],"about":[{"href":"https:\/\/www.europesays.com\/no\/wp-json\/wp\/v2\/types\/post"}],"author":[{"embeddable":true,"href":"https:\/\/www.europesays.com\/no\/wp-json\/wp\/v2\/users\/2"}],"replies":[{"embeddable":true,"href":"https:\/\/www.europesays.com\/no\/wp-json\/wp\/v2\/comments?post=59695"}],"version-history":[{"count":0,"href":"https:\/\/www.europesays.com\/no\/wp-json\/wp\/v2\/posts\/59695\/revisions"}],"wp:featuredmedia":[{"embeddable":true,"href":"https:\/\/www.europesays.com\/no\/wp-json\/wp\/v2\/media\/59696"}],"wp:attachment":[{"href":"https:\/\/www.europesays.com\/no\/wp-json\/wp\/v2\/media?parent=59695"}],"wp:term":[{"taxonomy":"category","embeddable":true,"href":"https:\/\/www.europesays.com\/no\/wp-json\/wp\/v2\/categories?post=59695"},{"taxonomy":"post_tag","embeddable":true,"href":"https:\/\/www.europesays.com\/no\/wp-json\/wp\/v2\/tags?post=59695"}],"curies":[{"name":"wp","href":"https:\/\/api.w.org\/{rel}","templated":true}]}}