{"id":59729,"date":"2025-10-13T18:59:17","date_gmt":"2025-10-13T18:59:17","guid":{"rendered":"https:\/\/www.europesays.com\/no\/59729\/"},"modified":"2025-10-13T18:59:17","modified_gmt":"2025-10-13T18:59:17","slug":"trafikk-vaer-meteorologen-rader-om-vinterdekk-en-god-ide","status":"publish","type":"post","link":"https:\/\/www.europesays.com\/no\/59729\/","title":{"rendered":"Trafikk, V\u00e6r | Meteorologen r\u00e5der om vinterdekk: \u2013 En god id\u00e9"},"content":{"rendered":"\n<p>\u2013 Det er en del sn\u00f8 i veibanen oppe i fjellene. En god id\u00e9 er \u00e5 vurdere vinterdekk.<\/p>\n<p>Det sier vakthavende meterolog ved Meterologisk Institutt, Rannveig Eikill.<\/p>\n<p>Flere av Avisa Nordlands<a href=\"https:\/\/www.an.no\/kamera\/\" rel=\"Follow nofollow noopener\" target=\"_blank\"> v\u00e6rkamera<\/a> viser s\u00f8ndag et dekke av sn\u00f8 ved Lj\u00f8senhammarn, Beiarfjellet og Reinhornheia.<\/p>\n<p>\u2013 Det har v\u00e6rt kj\u00f8lig i helgen med mye byger fra havet, og da blir det sn\u00f8.<\/p>\n<p>   <img decoding=\"async\" width=\"797\" height=\"572\" fetchpriority=\"low\"  loading=\"lazy\"  src=\"https:\/\/www.europesays.com\/no\/wp-content\/uploads\/2025\/10\/hj%2C.png\" alt=\"\" class=\"brick-c-cFOWSL\" style=\"--brick-image-ratio: 797 \/ 572;\"\/><\/p>\n<p>    Slik s\u00e5 det ut p\u00e5 Beiarfjellet s\u00f8ndag morgen.<br \/>\n    Foto: ANs v\u00e6rkamera\n  <\/p>\n<p>  <a href=\"https:\/\/www.an.no\/5-4-2258968\" class=\"related-teaser has-image default-story-teaser article--c-eRUmMG article--c-eRUmMG-jKCPdD-design-default\" rel=\"nofollow noopener\" target=\"_blank\"><\/p>\n<p>    <img decoding=\"async\" loading=\"lazy\"  src=\"https:\/\/www.europesays.com\/no\/wp-content\/uploads\/2025\/10\/DSC09872_1.jpg\" alt=\"\" class=\"brick-c-cFOWSL\" style=\"\"\/><\/p>\n<p>\n            Les ogs\u00e5<\/p>\n<p>              Hoppet p\u00e5 hav for aksjonen: \u2013 Vi e s\u00f8kkimponert!\n        <\/p>\n<p>  <\/a><br \/>\n  Varmere neste uke<\/p>\n<p>Det har v\u00e6rt en meget regntung uke for Salten-bosatte, da det har regnet godt omtrent hver dag, og ikke alt for h\u00f8ye temperaturer. Eikill forteller at neste uke blir noe varmere, men det er ikke noe syden-v\u00e6r som er p\u00e5 vei.<\/p>\n<p>\u2013 Det skal bli litt varmere kommende uke, men fra torsdagen minker temperaturen, sier hun.<\/p>\n<p>Yr sine prognoser viser at temperaturene rundt om i regionen vil ligge p\u00e5 omtrent 6-8 grader, men enkelte dager kan en bikke over 10-tallet.<\/p>\n<p>  <a href=\"https:\/\/www.an.no\/5-4-2258146\" class=\"related-teaser has-image default-story-teaser article--c-eRUmMG article--c-eRUmMG-jKCPdD-design-default\" rel=\"nofollow noopener\" target=\"_blank\"><\/p>\n<p>    <img decoding=\"async\" loading=\"lazy\"  src=\"https:\/\/www.europesays.com\/no\/wp-content\/uploads\/2025\/10\/5_4_1939373_NTB_zUQmMyfVP_I.jpg\" alt=\"\" class=\"brick-c-cFOWSL\" style=\"\"\/><\/p>\n<p>\n            Les ogs\u00e5<\/p>\n<p>              Sterk kuling og 35 millimeter regn \u2013 i helga blir det guffent!\n        <\/p>\n<p>  <\/a><br \/>\n  Mildt v\u00e6r<\/p>\n<p>I en <a href=\"https:\/\/www.an.no\/slik-blir-varet-de-neste-tre-manedene\/s\/5-4-2255558\" rel=\"Follow nofollow noopener\" target=\"_blank\">AN-sak<\/a> tidligere i uken viser at resten av 2025 blir mer v\u00e5tere enn sn\u00f8fylt.<\/p>\n<p>For Nordland, Troms og Finnmark er det 45 prosent sannsynlighet for at oktober til desember blir v\u00e5tere enn . Dernest er det 35 prosent sannsynlighet for at sesongen blir n\u00e6r normalt og 20 prosent sannsynlig for at sesongen blir t\u00f8rrere enn normalt.<\/p>\n<p>Per Egil Haga ved Meteorologisk institutt sa til <a href=\"https:\/\/www.nordlys.no\/ny-tjeneste-slik-blir-varet-de-neste-tre-manedene\/s\/5-34-2225345\" rel=\"Follow nofollow noopener\" target=\"_blank\">Nordlys<\/a> at prognosen for Nord-Norge viser at resten av h\u00f8sten blir mild og at starten p\u00e5 vinteren blir mild:<\/p>\n<p>\u2013 Nedb\u00f8rsprognosen er beheftet med en del st\u00f8rre usikkerhet, men vi f\u00f8ler oss relativt sikre p\u00e5 at de neste m\u00e5nedene ikke blir kalde, uttalte han<\/p>\n<p>  <a href=\"https:\/\/www.an.no\/5-4-2255558\" class=\"related-teaser has-image default-story-teaser article--c-eRUmMG article--c-eRUmMG-jKCPdD-design-default\" rel=\"nofollow noopener\" target=\"_blank\"><\/p>\n<p>    <img decoding=\"async\" loading=\"lazy\"  src=\"https:\/\/www.europesays.com\/no\/wp-content\/uploads\/2025\/10\/Skjermbilde+2025-10-06+211621.jpg\" alt=\"\" class=\"brick-c-cFOWSL\" style=\"\"\/><\/p>\n<p>\n            Les ogs\u00e5<\/p>\n<p>              Slik blir v\u00e6ret de neste tre m\u00e5nedene\n        <\/p>\n<p>  <\/a><\/p>\n","protected":false},"excerpt":{"rendered":"\u2013 Det er en del sn\u00f8 i veibanen oppe i fjellene. En god id\u00e9 er \u00e5 vurdere vinterdekk.&hellip;\n","protected":false},"author":2,"featured_media":59730,"comment_status":"","ping_status":"","sticky":false,"template":"","format":"standard","meta":{"footnotes":""},"categories":[10],"tags":[36,20,21,24,25,15,22,23,13,30,28,29,14,16,1810,6527,1510,26,27,224,553],"class_list":{"0":"post-59729","1":"post","2":"type-post","3":"status-publish","4":"format-standard","5":"has-post-thumbnail","7":"category-norge","8":"tag-art","9":"tag-breaking-news","10":"tag-breakingnews","11":"tag-featured-news","12":"tag-featurednews","13":"tag-headlines","14":"tag-latest-news","15":"tag-latestnews","16":"tag-news","17":"tag-no","18":"tag-norge","19":"tag-norway","20":"tag-nyheter","21":"tag-overskrifter","22":"tag-regn","23":"tag-sno","24":"tag-story","25":"tag-top-stories","26":"tag-topstories","27":"tag-trafikk","28":"tag-vaer"},"share_on_mastodon":{"url":"","error":""},"_links":{"self":[{"href":"https:\/\/www.europesays.com\/no\/wp-json\/wp\/v2\/posts\/59729","targetHints":{"allow":["GET"]}}],"collection":[{"href":"https:\/\/www.europesays.com\/no\/wp-json\/wp\/v2\/posts"}],"about":[{"href":"https:\/\/www.europesays.com\/no\/wp-json\/wp\/v2\/types\/post"}],"author":[{"embeddable":true,"href":"https:\/\/www.europesays.com\/no\/wp-json\/wp\/v2\/users\/2"}],"replies":[{"embeddable":true,"href":"https:\/\/www.europesays.com\/no\/wp-json\/wp\/v2\/comments?post=59729"}],"version-history":[{"count":0,"href":"https:\/\/www.europesays.com\/no\/wp-json\/wp\/v2\/posts\/59729\/revisions"}],"wp:featuredmedia":[{"embeddable":true,"href":"https:\/\/www.europesays.com\/no\/wp-json\/wp\/v2\/media\/59730"}],"wp:attachment":[{"href":"https:\/\/www.europesays.com\/no\/wp-json\/wp\/v2\/media?parent=59729"}],"wp:term":[{"taxonomy":"category","embeddable":true,"href":"https:\/\/www.europesays.com\/no\/wp-json\/wp\/v2\/categories?post=59729"},{"taxonomy":"post_tag","embeddable":true,"href":"https:\/\/www.europesays.com\/no\/wp-json\/wp\/v2\/tags?post=59729"}],"curies":[{"name":"wp","href":"https:\/\/api.w.org\/{rel}","templated":true}]}}