{"id":59731,"date":"2025-10-13T19:01:10","date_gmt":"2025-10-13T19:01:10","guid":{"rendered":"https:\/\/www.europesays.com\/no\/59731\/"},"modified":"2025-10-13T19:01:10","modified_gmt":"2025-10-13T19:01:10","slug":"allerede-for-sent","status":"publish","type":"post","link":"https:\/\/www.europesays.com\/no\/59731\/","title":{"rendered":"&#8211; Allerede for sent"},"content":{"rendered":"<p class=\"kicker \" style=\"\">LIVE: Sverige &#8211; Kosovo<\/p>\n<p>  Det er krise i svensk fotball i forkant av mandagens hjemmem\u00f8te med Kosovo. Kampen spilles p\u00e5 en bane som er ukjent for mange av spillerne.\u00a0<\/p>\n<p>\n    UNDER KNALLHARDT PRESS: Jon Dahl Tomasson. Foto: Stefan Jerrevang\/TT News Agency via REUTERS\n  <\/p>\n<p class=\"align-center mobile_text_align_align-center font-weight-bold m-font-weight-bold\" data-lab-text_align=\"center\" data-lab-font_weight=\"font-weight-bold\">Sverige &#8211; Kosovo (0-0)<\/p>\n<p>Det brenner godt under f\u00f8ttene p\u00e5 Sveriges landslagssjef Jon Dahl Tomasson (49).\u00a0<\/p>\n<p> Ett fattig poeng er fasit for de svenske landslagsherrene etter tre kamper i VM-kvalifiseringen. <\/p>\n<p class=\"font-weight-bold m-font-weight-bold\" data-lab-font_weight=\"font-weight-bold\">&#8211; Dommedagsstemning.<\/p>\n<p>Slik beskriver <a href=\"https:\/\/www.expressen.se\/sport\/kronikorer\/therese-stromberg\/spelar-det-ens-nagon-roll-hur-det-gar-mot-kosovo\/\" rel=\"nofollow noopener\" target=\"_blank\">Expressen<\/a>-ekspertTherese Str\u00f6mberg stemningen rundt det svenske herrelandslaget f\u00f8r hjemmem\u00f8tet med Kosovo.<\/p>\n<p>        Ingenting ville seg for Bernt Hulsker under intervjuet med Aaron D\u00f8nnum.<\/p>\n<p>Svenskene startet kvalifiseringene med \u00e5 spille 2-2 borte mot Slovenia, f\u00f8r det har blitt tap borte mot Kosovo og n\u00e5 sist hjemme mot Sveits fredag.<\/p>\n<p>Med det er det \u00e5tte poeng opp til Sveits, som etter alt \u00e5 d\u00f8mme tar gruppeseieren i gruppa B og g\u00e5r rett til VM. En playoff-plass er imidlertid fremdeles i spill for svenskene, og det er kun tre poeng opp til mandagens motstander Kosovo.<\/p>\n<p class=\"font-weight-bold m-font-weight-bold\" data-lab-font_weight=\"font-weight-bold\">&#8211; Men selv om de skulle vinne mot Kosovo kjennes det allerede ut som det er for sent, skriver Str\u00f6mberg.<\/p>\n<p class=\"font-weight-bold m-font-weight-bold\" data-lab-font_weight=\"font-weight-bold\">\u00a0Og som om de d\u00e5rlige resultatene ikke var nok, st\u00e5r de svenske spillerne overfor nok en utfordring mandag kveld. Kampen spiller nemlig ikke p\u00e5 deres vante hjemmebane, Friends Arena i Stockholm.\u00a0<\/p>\n<p>          <img loading=\"lazy\" decoding=\"async\" src=\"https:\/\/www.europesays.com\/no\/wp-content\/uploads\/2025\/10\/83718334.webp\" width=\"980\" height=\"559\" title=\"SPILLES HER: Kampen spilles her p\u00e5 Ullevi. Foto: Carl Sandin \/ BILDBYR\u00c5N\" alt=\"\" class=\"\" style=\"--aspect-ratio-image: 1.75; \"\/><\/p>\n<p>\n          SPILLES HER: Kampen spilles her p\u00e5 Ullevi. Foto: Carl Sandin \/ BILDBYR\u00c5N\n      <\/p>\n<p class=\"font-weight-bold m-font-weight-bold\" data-lab-font_weight=\"font-weight-bold\">I stedet skal Alexander Isak, Viktor Gy\u00f6keres og co. l\u00f8pe ut p\u00e5 Ullevi i G\u00f6teborg. Det er 16 \u00e5r siden svenskene sist spilte en landskamp i G\u00f6teborg, og er en bane som er helt ny for mange av spillerne. En av de som aldri tidligere har spilt p\u00e5 Ullevi, er Liverpool-stjerna Alexander Isak (26).\u00a0<\/p>\n<p>&#8211; Vi pr\u00f8ver \u00e5 v\u00e6re positive og ta enhver utfordring som den kommer. Det er noe nytt for oss, forh\u00e5pentligvis p\u00e5virker det oss ikke p\u00e5 noen m\u00e5te. Men det er litt annerledes enn \u00e5 spille p\u00e5 Friends, som vi er vant til, sier han til\u00a0<a href=\"https:\/\/www.expressen.se\/sport\/fotboll\/landslaget\/landslaget-har-bortamatch-pa-hemmaplan-mot-kosovo\/\" rel=\"nofollow noopener\" target=\"_blank\">Expressen<\/a>.<\/p>\n<p>&#8211; Det viktigste er at vi fortsatt spiller for supporterne v\u00e5re. P\u00e5 den m\u00e5ten vil det f\u00f8les som hjemme.<\/p>\n<p>          <img loading=\"lazy\" decoding=\"async\" src=\"https:\/\/www.europesays.com\/no\/wp-content\/uploads\/2025\/10\/83718330.webp\" width=\"980\" height=\"559\" title=\"SLITER: Alexander Isak og Sverige. Foto: Jonas Ekstromer\/TT News Agency via REUTERS\" alt=\"\" class=\"\" style=\"--aspect-ratio-image: 1.75; \"\/><\/p>\n<p>\n          SLITER: Alexander Isak og Sverige. Foto: Jonas Ekstromer\/TT News Agency via REUTERS\n      <\/p>\n<p data-lab-font_weight=\"\">\u00a0Danske Jon Dahl Tomasson har ledet Sverige siden mars 2024, og det virker som det svenske folk er iferd med \u00e5 miste troa p\u00e5 dansken. Under tapet mot Sveits fredag ble Tomasson buet p\u00e5, og det ble vist et banner der han ble bedt om \u00e5 g\u00e5 av.\u00a0\u00abAvg\u00e5 JDT\u00bb var det brutale budskapet fra deler av publikum.<\/p>\n<p data-lab-font_weight=\"\">&#8211; Det var scener jeg aldri har opplevd f\u00f8r. Buing, bannere og skuffelse i form av en hyllest til Janne Andersson, skriver <a href=\"https:\/\/www.fotbollskanalen.se\/lundhs-kronika\/inte-sakert-att-det-raddar-jdt-revolutionen\/?utm_source=sdrn%3Avg%3Aarticle%3A3MWgMX\" rel=\"nofollow noopener\" target=\"_blank\">Fotbollkanalens <\/a>Olof Lundh.<\/p>\n<p data-lab-font_weight=\"\">Det er med andre ord et svensk lag som er desperate etter en seier mandag kveld.\u00a0<\/p>\n","protected":false},"excerpt":{"rendered":"LIVE: Sverige &#8211; Kosovo Det er krise i svensk fotball i forkant av mandagens hjemmem\u00f8te med Kosovo. Kampen&hellip;\n","protected":false},"author":2,"featured_media":59732,"comment_status":"","ping_status":"","sticky":false,"template":"","format":"standard","meta":{"footnotes":""},"categories":[59],"tags":[278,8800,30,28,29,83,82,1359,4167],"class_list":{"0":"post-59731","1":"post","2":"type-post","3":"status-publish","4":"format-standard","5":"has-post-thumbnail","7":"category-sport","8":"tag-alexander-isak","9":"tag-kosovo","10":"tag-no","11":"tag-norge","12":"tag-norway","13":"tag-sport","14":"tag-sports","15":"tag-sverige","16":"tag-vm-kvalifisering"},"share_on_mastodon":{"url":"","error":""},"_links":{"self":[{"href":"https:\/\/www.europesays.com\/no\/wp-json\/wp\/v2\/posts\/59731","targetHints":{"allow":["GET"]}}],"collection":[{"href":"https:\/\/www.europesays.com\/no\/wp-json\/wp\/v2\/posts"}],"about":[{"href":"https:\/\/www.europesays.com\/no\/wp-json\/wp\/v2\/types\/post"}],"author":[{"embeddable":true,"href":"https:\/\/www.europesays.com\/no\/wp-json\/wp\/v2\/users\/2"}],"replies":[{"embeddable":true,"href":"https:\/\/www.europesays.com\/no\/wp-json\/wp\/v2\/comments?post=59731"}],"version-history":[{"count":0,"href":"https:\/\/www.europesays.com\/no\/wp-json\/wp\/v2\/posts\/59731\/revisions"}],"wp:featuredmedia":[{"embeddable":true,"href":"https:\/\/www.europesays.com\/no\/wp-json\/wp\/v2\/media\/59732"}],"wp:attachment":[{"href":"https:\/\/www.europesays.com\/no\/wp-json\/wp\/v2\/media?parent=59731"}],"wp:term":[{"taxonomy":"category","embeddable":true,"href":"https:\/\/www.europesays.com\/no\/wp-json\/wp\/v2\/categories?post=59731"},{"taxonomy":"post_tag","embeddable":true,"href":"https:\/\/www.europesays.com\/no\/wp-json\/wp\/v2\/tags?post=59731"}],"curies":[{"name":"wp","href":"https:\/\/api.w.org\/{rel}","templated":true}]}}