{"id":59739,"date":"2025-10-13T19:12:18","date_gmt":"2025-10-13T19:12:18","guid":{"rendered":"https:\/\/www.europesays.com\/no\/59739\/"},"modified":"2025-10-13T19:12:18","modified_gmt":"2025-10-13T19:12:18","slug":"charter-hilde-utloste-marinealarm-etter-mistanke-om-ubat-i-sverige","status":"publish","type":"post","link":"https:\/\/www.europesays.com\/no\/59739\/","title":{"rendered":"Charter-Hilde utl\u00f8ste marinealarm etter mistanke om ub\u00e5t i Sverige"},"content":{"rendered":"<p class=\"kicker t20\" style=\"\">Charter-Hilde tok morgenbad<\/p>\n<p>  Hun trodde hun s\u00e5 en ub\u00e5t i havet utenfor hytta og ringte politiet. Det sette i gang en storstilt ub\u00e5t-jakt med tre marinefart\u00f8y!<\/p>\n<p>\n    VAKTE OPPSIKT: Charter-Hilde tok morgenbad sammen med sin mor ved Fj\u00e4llbacka i Sverige. S\u00e5 fikk hun \u00f8ye p\u00e5 noe ute i vannet. Foto: TV3\n  <\/p>\n<p>Det som startet som en tidlig morgen-dukkert med mamma, utviklet seg til<br \/>\nfull alarm i skj\u00e6rg\u00e5rden utenfor Fj\u00e4llbacka i Sverige.\u00a0<\/p>\n<p>TV-profilen Hilde Skovdahl (55),<br \/>\nkjent som Charter-Hilde, fikk \u00f8ye p\u00e5 noe i vannet som s\u00e5 ut som en<br \/>\nub\u00e5t. Kort tid senere satte hun i gang et storstilt marineoppbud.<\/p>\n<p>          <img loading=\"lazy\" decoding=\"async\" src=\"https:\/\/www.europesays.com\/no\/wp-content\/uploads\/2025\/10\/83717546.webp\" width=\"686\" height=\"392\" title=\"UB\u00c5T: Hilde Skovdahl ringte politiet da hun s\u00e5 noe ukjent ute i vannet. R\u00f8ret beveget seg sakte. @charterhilde\/Instagram\" alt=\"\" class=\"\" style=\"--aspect-ratio-image: 1.75; \"\/><\/p>\n<p>\n          UB\u00c5T: Hilde Skovdahl ringte politiet da hun s\u00e5 noe ukjent ute i vannet. R\u00f8ret beveget seg sakte. @charterhilde\/Instagram\n      <\/p>\n<p>\u2014 Jeg trodde jeg hadde oppdaget en ub\u00e5t, sier Hilde til Se og H\u00f8r \u2013 fortsatt<br \/>\nlattermild og litt r\u00f8d i kinnene etter dagens dramatikk.<\/p>\n<p>    <a itemprop=\"url\" href=\"https:\/\/www.seher.no\/kjendis\/tv-profilen-moter-i-retten\/83713934\" rel=\"nofollow noopener\" target=\"_blank\"><\/p>\n<p>      <img loading=\"lazy\" decoding=\"async\" src=\"https:\/\/www.europesays.com\/no\/wp-content\/uploads\/2025\/10\/83714489.webp\" width=\"980\" height=\"441\" title=\"TV-profilen m\u00f8ter i retten\" alt=\"\" class=\"lazyload\" style=\"--aspect-ratio-image: 2.22; \"\/><\/p>\n<p>        TV-profilen m\u00f8ter i retten<\/p>\n<p>    <\/a><\/p>\n<p>\u2013 Jeg ble livredd\t<\/p>\n<p>Hilde var p\u00e5 helgebes\u00f8k hos foreldrene i den idylliske svenske skj\u00e6rg\u00e5rden<br \/>\nda hun og moren tok et morgenbad.<\/p>\n<p>        MUSIKKVIDEO: Greenpass og Charter-Hilde har sammen laget l\u00e5ta \u00abRytmen fra b\u00f8lgene\u00bb, produsert av Greenpass og Jason Dean Beats. Video: Greenpass \/ Jason Dean Beats.<\/p>\n<p>\u2014 Jeg st\u00e5r der p\u00e5 brygga og ser ut. Plutselig stikker det et r\u00f8r opp av<br \/>\nvannet. Det beveger seg sakte. Jeg roper p\u00e5 mamma \u2013 og vi tar bilder. Det s\u00e5 ut akkurat<br \/>\nsom en ub\u00e5t, forteller Hilde.<\/p>\n<p>          <img loading=\"lazy\" decoding=\"async\" src=\"https:\/\/www.europesays.com\/no\/wp-content\/uploads\/2025\/10\/83717519.webp\" width=\"980\" height=\"559\" title=\"LEGENDER: Hilde og Svein har laget mange sesonger med Charterfeber p\u00e5 TV. Foto: TV3\" alt=\"\" class=\"\" style=\"--aspect-ratio-image: 1.75; \"\/><\/p>\n<p>\n          LEGENDER: Hilde og Svein har laget mange sesonger med Charterfeber p\u00e5 TV. Foto: TV3\n      <\/p>\n<p>Hun ringte politiet og sendte inn bilder. Kort tid etter ble hun oppringt<br \/>\nigjen \u2013 denne gang av en alvorlig politimann.<\/p>\n<p>\u2014 Han stilte masse sp\u00f8rsm\u00e5l. Hvor langt ute? Beveger den seg? Jeg f\u00f8lte meg<br \/>\nsom en agent. Og plutselig sier de: \u00abIkke forlat landet f\u00f8r vi har f\u00e5tt svar\u00bb.<br \/>\nDa skj\u00f8nte jeg at dette var blitt veldig alvorlig, sier hun.<\/p>\n<p>        HOUSE TOUR: Vi har v\u00e6rt p\u00e5 House Tour hos Charter-Hilde i Fredrikstad.<br \/>\nReporter: Henriette Eilertsen<br \/>\nVideo: Hel\u00e9n Skogstad<\/p>\n<p>Full marinealarm<\/p>\n<p>Mens Hilde sto i dusjen og s\u00e5 ut mot havet, fikk hun sjokk:<\/p>\n<p>\u2014 Plutselig kom det tre store marinefart\u00f8y sigende inn<br \/>\nmot Fj\u00e4llbacka. Da forsto jeg virkelig hva jeg hadde satt i gang. Jeg ropte p\u00e5<br \/>\nmamma: \u00abSe, mamma! Se!\u00bb<\/p>\n<p>          <img loading=\"lazy\" decoding=\"async\" src=\"https:\/\/www.europesays.com\/no\/wp-content\/uploads\/2025\/10\/83717569.webp\" width=\"686\" height=\"392\" title=\"SLO ALARM: Tre store marinefart\u00f8y kom sigende inn mot Fj\u00e4llbacka. Men det man trodde var en ub\u00e5t, var en badestige... @charterhilde\/Instagram\" alt=\"\" class=\"\" style=\"--aspect-ratio-image: 1.75; filter: brightness(1.35);\"\/><\/p>\n<p>\n          SLO ALARM: Tre store marinefart\u00f8y kom sigende inn mot Fj\u00e4llbacka. Men det man trodde var en ub\u00e5t, var en badestige&#8230; @charterhilde\/Instagram\n      <\/p>\n<p>Samtidig fikk hun hjelp av pappa, en tidligere sj\u00f8redder, til \u00e5 oppgi<br \/>\nn\u00f8yaktige koordinater til politiet.<\/p>\n<p>\u2014 Jeg f\u00f8lte meg veldig viktig der jeg sto og leste opp latitude og<br \/>\nlongitude. Litt som Marve Fleksnes p\u00e5 radio, ler hun.<\/p>\n<p>    <a itemprop=\"url\" href=\"https:\/\/www.seher.no\/kjendis\/rorende-folger-i-pappas-fotspor\/83695836\" rel=\"nofollow noopener\" target=\"_blank\"><\/p>\n<p>      <img loading=\"lazy\" decoding=\"async\" src=\"https:\/\/www.europesays.com\/no\/wp-content\/uploads\/2025\/10\/1760382737_594_83695879.webp\" width=\"980\" height=\"441\" title=\"R\u00f8rende: F\u00f8lger i pappas fotspor\" alt=\"\" class=\"lazyload\" style=\"--aspect-ratio-image: 2.22; \"\/><\/p>\n<p>        R\u00f8rende: F\u00f8lger i pappas fotspor<\/p>\n<p>    <\/a><\/p>\n<p>\u2013 En badestige \u2026<\/p>\n<p>Flere timer senere kom svaret fra politiet.<\/p>\n<p>\u2014 Jeg \u00e5pner meldingen, og der st\u00e5r det: \u00abHei, Hilde. Det du s\u00e5, var en<br \/>\nbadestige.\u00bb Jeg holdt p\u00e5 \u00e5 besvime! Jeg har satt i gang politi, kystvakt<br \/>\nog marinen \u2013 og s\u00e5 er det en badestige!<\/p>\n<p>Foreldrene tok det med humor.<\/p>\n<p>\u2014 Pappa sprutet gin &amp; tonic utover hele stua da jeg leste meldingen.<br \/>\nMamma lo s\u00e5 hun gr\u00e5t. Jeg har aldri v\u00e6rt s\u00e5 flau i hele mitt liv, sier Hilde og<br \/>\nler.<\/p>\n<p>          <img loading=\"lazy\" decoding=\"async\" src=\"https:\/\/www.europesays.com\/no\/wp-content\/uploads\/2025\/10\/83717622.webp\" width=\"980\" height=\"559\" title=\"GIKK P\u00c5 GRUNN: Den sovjetiske ub\u00e5ten \u00ab137\u00bb gikk p\u00e5 grunn p\u00e5 skj\u00e6ret Torhamnask\u00e4r ved innl\u00f8pet til G\u00e5sefj\u00e4rden, i milit\u00e6rt omr\u00e5de ved Karlskrona i oktober 1981. Foto: NTB\" alt=\"\" class=\"\" style=\"--aspect-ratio-image: 1.75; \"\/><\/p>\n<p>\n          GIKK P\u00c5 GRUNN: Den sovjetiske ub\u00e5ten \u00ab137\u00bb gikk p\u00e5 grunn p\u00e5 skj\u00e6ret Torhamnask\u00e4r ved innl\u00f8pet til G\u00e5sefj\u00e4rden, i milit\u00e6rt omr\u00e5de ved Karlskrona i oktober 1981. Foto: NTB\n      <\/p>\n<p>\u2013 Angrer ikke<\/p>\n<p>Selv om dagens \u00abub\u00e5t-jakt\u00bb endte med latter og lettelse, angrer ikke Hilde<br \/>\np\u00e5 at hun slo alarm.<\/p>\n<p>\u2014 Nei, vet du hva, jeg angrer ikke ett sekund. Hadde det<br \/>\nv\u00e6rt en ekte ub\u00e5t, og jeg ikke sa ifra, da hadde jeg ikke tilgitt meg selv.<br \/>\nPolitiet var s\u00e5 profesjonelle og hyggelige. De tok meg virkelig p\u00e5 alvor, og<br \/>\ndet f\u00f8ltes veldig trygt.<\/p>\n<p>        UHELL: Carina Dahl kastet en rekvisitt under \u00abSkal vi danse\u00bb og traff en i publikum. Video: Kine Falch \/ Reporter: Danny Son To.<\/p>\n<p>Og hun ser \u00e9n lys side av saken:<\/p>\n<p>\u2014 Det er litt deilig \u00e5 tenke p\u00e5 at min badestige fikk minst 60 mann<br \/>\nfra svensk marine til \u00e5 rykke ut, sier hun og ler s\u00e5 t\u00e5rene triller.\u00a0<\/p>\n","protected":false},"excerpt":{"rendered":"Charter-Hilde tok morgenbad Hun trodde hun s\u00e5 en ub\u00e5t i havet utenfor hytta og ringte politiet. Det sette&hellip;\n","protected":false},"author":2,"featured_media":59740,"comment_status":"","ping_status":"","sticky":false,"template":"","format":"standard","meta":{"footnotes":""},"categories":[12],"tags":[20,21,8802,4104,24,25,15,8801,479,22,23,13,30,28,29,14,16,26,27,42,43,44,45],"class_list":{"0":"post-59739","1":"post","2":"type-post","3":"status-publish","4":"format-standard","5":"has-post-thumbnail","7":"category-verden","8":"tag-breaking-news","9":"tag-breakingnews","10":"tag-charter-hilde","11":"tag-eksklusivt","12":"tag-featured-news","13":"tag-featurednews","14":"tag-headlines","15":"tag-hilde-skovdahl","16":"tag-kjendis","17":"tag-latest-news","18":"tag-latestnews","19":"tag-news","20":"tag-no","21":"tag-norge","22":"tag-norway","23":"tag-nyheter","24":"tag-overskrifter","25":"tag-top-stories","26":"tag-topstories","27":"tag-verden","28":"tag-world","29":"tag-world-news","30":"tag-worldnews"},"share_on_mastodon":{"url":"","error":""},"_links":{"self":[{"href":"https:\/\/www.europesays.com\/no\/wp-json\/wp\/v2\/posts\/59739","targetHints":{"allow":["GET"]}}],"collection":[{"href":"https:\/\/www.europesays.com\/no\/wp-json\/wp\/v2\/posts"}],"about":[{"href":"https:\/\/www.europesays.com\/no\/wp-json\/wp\/v2\/types\/post"}],"author":[{"embeddable":true,"href":"https:\/\/www.europesays.com\/no\/wp-json\/wp\/v2\/users\/2"}],"replies":[{"embeddable":true,"href":"https:\/\/www.europesays.com\/no\/wp-json\/wp\/v2\/comments?post=59739"}],"version-history":[{"count":0,"href":"https:\/\/www.europesays.com\/no\/wp-json\/wp\/v2\/posts\/59739\/revisions"}],"wp:featuredmedia":[{"embeddable":true,"href":"https:\/\/www.europesays.com\/no\/wp-json\/wp\/v2\/media\/59740"}],"wp:attachment":[{"href":"https:\/\/www.europesays.com\/no\/wp-json\/wp\/v2\/media?parent=59739"}],"wp:term":[{"taxonomy":"category","embeddable":true,"href":"https:\/\/www.europesays.com\/no\/wp-json\/wp\/v2\/categories?post=59739"},{"taxonomy":"post_tag","embeddable":true,"href":"https:\/\/www.europesays.com\/no\/wp-json\/wp\/v2\/tags?post=59739"}],"curies":[{"name":"wp","href":"https:\/\/api.w.org\/{rel}","templated":true}]}}