{"id":59743,"date":"2025-10-13T19:14:30","date_gmt":"2025-10-13T19:14:30","guid":{"rendered":"https:\/\/www.europesays.com\/no\/59743\/"},"modified":"2025-10-13T19:14:30","modified_gmt":"2025-10-13T19:14:30","slug":"sophie-elise-isachsen-fjerner-implantater-etter-ti-ar","status":"publish","type":"post","link":"https:\/\/www.europesays.com\/no\/59743\/","title":{"rendered":"Sophie Elise Isachsen fjerner implantater etter ti \u00e5r:"},"content":{"rendered":"<p class=\"kicker \" style=\"\">Sophie Elise Isachsen:<\/p>\n<p>  Influenseren avsl\u00f8rer at hun nok en gang skal legge seg under kniven.<\/p>\n<p>\n    NYTT INNGREP: Influenser Sophie Elise avsl\u00f8rer at hun skal operere om noen f\u00e5 dager. Foto: Andreas Fadum\/Se og H\u00f8r\n  <\/p>\n<p>Gjennom sin karriere har influenser Sophie Elise Isachsen (30) f\u00e5tt stor oppmerksomhet for \u00e5 endre p\u00e5 utseendet, noe hun ogs\u00e5 <a href=\"https:\/\/www.seher.no\/kjendis\/ferdig-med-a-unnskylde-meg\/83692257\" rel=\"nofollow noopener\" target=\"_blank\">gjentatte ganger har mottatt hard kritikk for<\/a>.\u00a0<\/p>\n<p>    <a itemprop=\"url\" href=\"https:\/\/www.seher.no\/kjendis\/ferdig-med-a-unnskylde-meg\/83692257\" rel=\"nofollow noopener\" target=\"_blank\"><\/p>\n<p>      <img loading=\"lazy\" decoding=\"async\" src=\"https:\/\/www.europesays.com\/no\/wp-content\/uploads\/2025\/10\/1760382870_800_83691065.webp\" width=\"980\" height=\"441\" title=\"- Ferdig med \u00e5 unnskylde meg\" alt=\"\" class=\"lazyload\" style=\"--aspect-ratio-image: 2.22; \"\/><\/p>\n<p>        &#8211; Ferdig med \u00e5 unnskylde meg<\/p>\n<p>    <\/a><\/p>\n<p>I en rekke videoer delt p\u00e5 Snapchat avsl\u00f8rer 30-\u00e5ringen at hun n\u00e5 skal fjerne implantater som hun opererte inn for ti \u00e5r siden.<\/p>\n<p>&#8211; P\u00e5 onsdag skal jeg gj\u00f8re en operasjon. Jeg skal operere rumpa og fjerne implantatene, forteller Isachsen, og legger til at hun har angret p\u00e5 inngrepet i over ni \u00e5r.<\/p>\n<p>          <img loading=\"lazy\" decoding=\"async\" src=\"https:\/\/www.europesays.com\/no\/wp-content\/uploads\/2025\/10\/83713740.webp\" width=\"686\" height=\"1009\" title=\"Foto: Skjermbilde fra Snapchat\/@sophizzleyo\" alt=\"\" class=\"\" style=\"--aspect-ratio-image: 0.68; \"\/><\/p>\n<p>\n          Foto: Skjermbilde fra Snapchat\/@sophizzleyo\n      <\/p>\n<p>&#8211; Jeg har korrigert inngrepet en gang i ettertid, da jeg egentlig \u00f8nsket \u00e5 fjerne, men da fikk jeg beskjed om at det ikke blir fint med mye l\u00f8s hud, fortsetter hun.\u00a0<\/p>\n<p>N\u00e5 har hun likevel bestemt seg for \u00e5 gjennomf\u00f8re operasjonen:<\/p>\n<p>        R\u00d8PER: Gjengen i \u00abA-laget\u00bb settes ut av hva Sophie Elise har i nattbordskuffen. Video: NRK TV\/ R\u00f8d L\u00f8per<\/p>\n<p>&#8211; Jeg skal fjerne, ikke flytte noe fett dit og ikke fjerne noe hud. Nada. Jeg gruer meg, for jeg er forberedt p\u00e5 at jeg kommer til \u00e5 f\u00f8le meg dritt, men samtidig er jeg s\u00e5 lei av \u00e5 f\u00f8le meg s\u00e5nn her. Jeg f\u00f8ler meg som en teletubbie og ukomfortabel med tanken p\u00e5 at noen skal se meg naken, sier hun.\u00a0<\/p>\n<p>Isachsen hadde opprinnelig tenkt \u00e5 fjerne implantatene i USA, men bestemte seg til slutt for \u00e5 gj\u00f8re det i Norge.<\/p>\n<p>    <a itemprop=\"url\" href=\"https:\/\/www.seher.no\/kjendis\/raser-usmakelig\/83708929\" rel=\"nofollow noopener\" target=\"_blank\"><\/p>\n<p>      <img loading=\"lazy\" decoding=\"async\" src=\"https:\/\/www.europesays.com\/no\/wp-content\/uploads\/2025\/10\/1760382870_829_83708820.webp\" width=\"980\" height=\"441\" title=\"Raser: - Usmakelig\" alt=\"\" class=\"lazyload\" style=\"--aspect-ratio-image: 2.22; \"\/><\/p>\n<p>        Raser: &#8211; Usmakelig<\/p>\n<p>    <\/a><\/p>\n<p>&#8211; Planen med USA var mer omfattende, da skulle jeg muligens flytte fett dit, fjerne overfl\u00f8dig hud og s\u00e5 videre. Men det orker jeg ikke &#8211; jeg dropper det og stoler p\u00e5 min evne til \u00e5 trene og motivere meg selv \u00abnaturlig\u00bb.\u00a0<\/p>\n<p>P\u00e5 Snapchat kommer hun ogs\u00e5 med en klar oppfordring til sin yngre f\u00f8lgerskare.\u00a0<\/p>\n<p>        LEKER: Vi har v\u00e6rt p\u00e5 TV 2s h\u00f8stlansering, og igjen er det kjendisene selv som stiller de vonde sp\u00f8rsm\u00e5lene. Video: Kine Falch\/ Thea Hope<\/p>\n<p>&#8211; Poenget mitt er: Man b\u00f8r ikke ta permanente avgj\u00f8relser om kroppen sin n\u00e5r man er 20 \u00e5r, for du er ikke voksen nok til \u00e5 tenke framover p\u00e5 den m\u00e5ten.\u00a0<\/p>\n","protected":false},"excerpt":{"rendered":"Sophie Elise Isachsen: Influenseren avsl\u00f8rer at hun nok en gang skal legge seg under kniven. NYTT INNGREP: Influenser&hellip;\n","protected":false},"author":2,"featured_media":59744,"comment_status":"","ping_status":"","sticky":false,"template":"","format":"standard","meta":{"footnotes":""},"categories":[5],"tags":[20,21,24,25,15,19,479,2543,22,23,17,18,13,30,28,29,14,3792,16,1444,26,27],"class_list":{"0":"post-59743","1":"post","2":"type-post","3":"status-publish","4":"format-standard","5":"has-post-thumbnail","7":"category-overskrifter","8":"tag-breaking-news","9":"tag-breakingnews","10":"tag-featured-news","11":"tag-featurednews","12":"tag-headlines","13":"tag-hovedoppslag","14":"tag-kjendis","15":"tag-kjendisdesken","16":"tag-latest-news","17":"tag-latestnews","18":"tag-main-news","19":"tag-mainnews","20":"tag-news","21":"tag-no","22":"tag-norge","23":"tag-norway","24":"tag-nyheter","25":"tag-operasjon","26":"tag-overskrifter","27":"tag-sophie-elise-isachsen","28":"tag-top-stories","29":"tag-topstories"},"share_on_mastodon":{"url":"","error":""},"_links":{"self":[{"href":"https:\/\/www.europesays.com\/no\/wp-json\/wp\/v2\/posts\/59743","targetHints":{"allow":["GET"]}}],"collection":[{"href":"https:\/\/www.europesays.com\/no\/wp-json\/wp\/v2\/posts"}],"about":[{"href":"https:\/\/www.europesays.com\/no\/wp-json\/wp\/v2\/types\/post"}],"author":[{"embeddable":true,"href":"https:\/\/www.europesays.com\/no\/wp-json\/wp\/v2\/users\/2"}],"replies":[{"embeddable":true,"href":"https:\/\/www.europesays.com\/no\/wp-json\/wp\/v2\/comments?post=59743"}],"version-history":[{"count":0,"href":"https:\/\/www.europesays.com\/no\/wp-json\/wp\/v2\/posts\/59743\/revisions"}],"wp:featuredmedia":[{"embeddable":true,"href":"https:\/\/www.europesays.com\/no\/wp-json\/wp\/v2\/media\/59744"}],"wp:attachment":[{"href":"https:\/\/www.europesays.com\/no\/wp-json\/wp\/v2\/media?parent=59743"}],"wp:term":[{"taxonomy":"category","embeddable":true,"href":"https:\/\/www.europesays.com\/no\/wp-json\/wp\/v2\/categories?post=59743"},{"taxonomy":"post_tag","embeddable":true,"href":"https:\/\/www.europesays.com\/no\/wp-json\/wp\/v2\/tags?post=59743"}],"curies":[{"name":"wp","href":"https:\/\/api.w.org\/{rel}","templated":true}]}}