{"id":59789,"date":"2025-10-13T20:14:09","date_gmt":"2025-10-13T20:14:09","guid":{"rendered":"https:\/\/www.europesays.com\/no\/59789\/"},"modified":"2025-10-13T20:14:09","modified_gmt":"2025-10-13T20:14:09","slug":"nyhende-naeringsliv-audun-brekke-51-tek-over-som-dagleg-leiar","status":"publish","type":"post","link":"https:\/\/www.europesays.com\/no\/59789\/","title":{"rendered":"Nyhende, N\u00e6ringsliv | Audun Brekke (51) tek over som dagleg leiar"},"content":{"rendered":"\n<p>\u2013 Gjennom dei siste fire \u00e5ra har eg blitt godt kjent med selskapet, den daglege drifta og folka som jobbar her. Det gjev tryggleik og eit godt utgangspunkt inn i den nye rolla, opplyser 51-\u00e5ringen, som er busett i Granvin, i ei pressemelding.<\/p>\n<p>Audun Brekke har mellom anna hatt ansvaret for fleire oppgraderingar ved sagbruket.<\/p>\n<p>Han tek over leiinga i ei tid der byggjebransjen opplever ein utfordrande marknad.<\/p>\n<p>\u2013 Sj\u00f8lv om me leverer tilfredsstillande resultat, merkar me at marknaden er stram. Det som blir viktig framover er \u00e5 byggja vidare p\u00e5 grunnlaget som ligg her, samstundes styrkja konkurransekrafta v\u00e5r. Eg gler meg til \u00e5 ta fatt p\u00e5 oppg\u00e5va saman med kollegaene mine, seier Brekke.<\/p>\n<p>            Fakta om Moelven Granvin Bruk AS<\/p>\n<ul>\n<li>Moelven Granvin Bruk AS har 35 medarbeidarar og produserer trelast av gran. <\/li>\n<li>Dei lagar til om lag 90.000 kubikkmeter t\u00f8mmer kvart \u00e5r. <\/li>\n<li>Produkta inkluderer standarddimensjonar som blir brukt til konstruksjon og emballasje.<\/li>\n<li>Anlegget har eit internt h\u00f8vleri og eit grunningsanlegg for grunning av kledning. <\/li>\n<li>Mykje av dei h\u00f8vla produkta blir selt p\u00e5 den norske marknaden gjennom Moelven Wood AS. <\/li>\n<\/ul>\n<p>Kjelde: Moelven Granvin Bruk<\/p>\n<p>\u2013 Han har h\u00f8g tillit mellom kollegaene, og kombinert med sine analytiske eigenskapar er me trygge p\u00e5 at Audun er rett person til \u00e5 utvikla bruket vidare, seier Lars Storslett, styreleiar ved Moelven Granvin Bruk og divisjonssjef i Moelven Wood.<\/p>\n<p>Gir seg etter ni \u00e5r<\/p>\n<p>Audun Brekke tek over etter \u00d8rjan Kalsaas, som g\u00e5r vidare til ein ny jobb utanfor verksemda etter ni \u00e5r som dagleg leiar.<\/p>\n<p>\u2013 Dette har vore ei avgjerd som eg har m\u00e5tte tenkja mykje over, og det er med tungt hjarte eg har valt \u00e5 seia opp, seier Kalsaas.<\/p>\n<p>Han seier han kjem til \u00e5 sakna folka og jobben.<\/p>\n<p>\u2013 Men etter snart ni \u00e5r i same rolle var eg klar for eit nytt spor i karrieren min, seier han.<\/p>\n<p>  <a href=\"https:\/\/www.avisa-hordaland.no\/5-132-929207\" class=\"related-teaser has-image default-story-teaser article--c-eRUmMG article--c-eRUmMG-jKCPdD-design-default\" rel=\"nofollow noopener\" target=\"_blank\"><\/p>\n<p>    <img decoding=\"async\" loading=\"lazy\"  src=\"https:\/\/www.europesays.com\/no\/wp-content\/uploads\/2025\/10\/6aFrkqVIfW-L9V_y7n1GV-1JEEM.jpg\" alt=\"\" class=\"brick-c-cFOWSL\" style=\"\"\/><\/p>\n<p>\n            Les ogs\u00e5<\/p>\n<p>              Har sagt opp direkt\u00f8rjobben: \u2013 M\u00e5tte tenkja mykje over avgjerda\n        <\/p>\n<p>  <\/a><br \/>\n  Takkar for innsatsen<\/p>\n<p>Divisjonssjef og styreleiar Lars Storslett takkar \u00d8rjan Kalsaas for jobben han har gjort.<\/p>\n<p>\u2013 Han har styrt selskapet godt sidan han tok over i 2016, og me kan ikkje anna enn \u00e5 ha respekt for at han no ynskjer nye utfordringar utanfor Moelven.<\/p>\n<p>Kalsaas har sin siste dag i verksemda ved fjorden 30. november, f\u00f8r han startar som regionleiar i Bane Nor. <\/p>\n<p>  <a href=\"https:\/\/www.avisa-hordaland.no\/5-132-995035\" class=\"related-teaser has-image default-story-teaser article--c-eRUmMG article--c-eRUmMG-jKCPdD-design-default\" rel=\"nofollow noopener\" target=\"_blank\"><\/p>\n<p>    <img decoding=\"async\" loading=\"lazy\"  src=\"https:\/\/www.europesays.com\/no\/wp-content\/uploads\/2025\/10\/IMG_0582+%281%29.JPG\" alt=\"\" class=\"brick-c-cFOWSL\" style=\"\"\/><\/p>\n<p>\n            Les ogs\u00e5<\/p>\n<p>              I denne verksemda sender dei ut varer for 66 millionar: \u2013 Heilt ekstrem vekst\n        <\/p>\n<p>  <\/a><\/p>\n<p>  <a href=\"https:\/\/www.avisa-hordaland.no\/5-132-993635\" class=\"related-teaser has-image default-story-teaser article--c-eRUmMG article--c-eRUmMG-jKCPdD-design-default\" rel=\"nofollow noopener\" target=\"_blank\"><\/p>\n<p>    <img decoding=\"async\" loading=\"lazy\"  src=\"https:\/\/www.europesays.com\/no\/wp-content\/uploads\/2025\/10\/granvin+banehage_drone+%283%29.jpg\" alt=\"\" class=\"brick-c-cFOWSL\" style=\"\"\/><\/p>\n<p>\n            Les ogs\u00e5<\/p>\n<p>              Byggjer barnehage for fleire titals millionar: \u2013 Me gler oss\n        <\/p>\n<p>  <\/a><\/p>\n","protected":false},"excerpt":{"rendered":"\u2013 Gjennom dei siste fire \u00e5ra har eg blitt godt kjent med selskapet, den daglege drifta og folka&hellip;\n","protected":false},"author":2,"featured_media":59790,"comment_status":"","ping_status":"","sticky":false,"template":"","format":"standard","meta":{"footnotes":""},"categories":[56],"tags":[36,60,61,8805,62,30,28,29,4966,1510,1847],"class_list":{"0":"post-59789","1":"post","2":"type-post","3":"status-publish","4":"format-standard","5":"has-post-thumbnail","7":"category-naeringsliv","8":"tag-art","9":"tag-business","10":"tag-economy","11":"tag-granvin","12":"tag-naeringsliv","13":"tag-no","14":"tag-norge","15":"tag-norway","16":"tag-nyhende","17":"tag-story","18":"tag-voss"},"share_on_mastodon":{"url":"","error":""},"_links":{"self":[{"href":"https:\/\/www.europesays.com\/no\/wp-json\/wp\/v2\/posts\/59789","targetHints":{"allow":["GET"]}}],"collection":[{"href":"https:\/\/www.europesays.com\/no\/wp-json\/wp\/v2\/posts"}],"about":[{"href":"https:\/\/www.europesays.com\/no\/wp-json\/wp\/v2\/types\/post"}],"author":[{"embeddable":true,"href":"https:\/\/www.europesays.com\/no\/wp-json\/wp\/v2\/users\/2"}],"replies":[{"embeddable":true,"href":"https:\/\/www.europesays.com\/no\/wp-json\/wp\/v2\/comments?post=59789"}],"version-history":[{"count":0,"href":"https:\/\/www.europesays.com\/no\/wp-json\/wp\/v2\/posts\/59789\/revisions"}],"wp:featuredmedia":[{"embeddable":true,"href":"https:\/\/www.europesays.com\/no\/wp-json\/wp\/v2\/media\/59790"}],"wp:attachment":[{"href":"https:\/\/www.europesays.com\/no\/wp-json\/wp\/v2\/media?parent=59789"}],"wp:term":[{"taxonomy":"category","embeddable":true,"href":"https:\/\/www.europesays.com\/no\/wp-json\/wp\/v2\/categories?post=59789"},{"taxonomy":"post_tag","embeddable":true,"href":"https:\/\/www.europesays.com\/no\/wp-json\/wp\/v2\/tags?post=59789"}],"curies":[{"name":"wp","href":"https:\/\/api.w.org\/{rel}","templated":true}]}}