{"id":59905,"date":"2025-10-13T23:55:08","date_gmt":"2025-10-13T23:55:08","guid":{"rendered":"https:\/\/www.europesays.com\/no\/59905\/"},"modified":"2025-10-13T23:55:08","modified_gmt":"2025-10-13T23:55:08","slug":"nytt-skilt-vekker-harme","status":"publish","type":"post","link":"https:\/\/www.europesays.com\/no\/59905\/","title":{"rendered":"Nytt skilt vekker harme"},"content":{"rendered":"<p>  Den popul\u00e6re hytta f\u00e5r s\u00e5 hatten passer etter sykkelforbud. &#8211; De er hjertelig velkommen, kontrer markasjef.<\/p>\n<p>\n    NEKTET: Bildet av \u00abSykkel forbudt\u00bb-skiltet utenfor markastua ble delt i Facebook-gruppen Grussykling Oslo &#8211; og utl\u00f8ste sterke reaksjoner. Foto: Marius Huseby \/ Facebook\n  <\/p>\n<p>Nylig dukket et \u00absykkel forbudt\u00bb-skilt plutselig opp ved Kikutstua i Nordmarka.\u00a0<\/p>\n<p>Grepet har f\u00e5tt flere ivrige syklister til \u00e5 reagere, skal vi tro bemerkninger i Facebook-gruppa <a href=\"https:\/\/www.facebook.com\/groups\/389454555342715\/\" target=\"_blank\" rel=\"nofollow noopener\">Grussykling Oslo<\/a>.<\/p>\n<p>Flere mener skiltet sender et tydelig signal om at syklister ikke er \u00f8nsket.<\/p>\n<p class=\"font-weight-bold m-font-weight-bold\" data-lab-font_weight=\"font-weight-bold\">\u00abJeg f\u00e5r en snikende f\u00f8lelse av at jeg som syklist ikke er s\u00e5 velkommen lenger,\u00bb skriver en.<\/p>\n<p>\u00abN\u00e5 f\u00e5r jeg ikke lyst til \u00e5 stoppe der mer. Og det er synd,\u00bb kommenterer en annen.<\/p>\n<p>    <a itemprop=\"url\" href=\"https:\/\/www.dagbladet.no\/nyheter\/nekter-a-svare-pa-dette\/83701683\" rel=\"nofollow noopener\" target=\"_blank\"><\/p>\n<p>      <img loading=\"lazy\" decoding=\"async\" src=\"https:\/\/www.europesays.com\/no\/wp-content\/uploads\/2025\/10\/83706788.webp\" width=\"980\" height=\"441\" title=\"Nekter \u00e5 svare p\u00e5 dette\" alt=\"\" class=\"lazyload\" style=\"--aspect-ratio-image: 2.22; \"\/><\/p>\n<p>        Nekter \u00e5 svare p\u00e5 dette<\/p>\n<p>    <\/a><\/p>\n<p>Saken er ogs\u00e5 omtalt av b\u00e5de <a href=\"https:\/\/www.landevei.no\/sykkelturer\/turnytt\/skiforeningen-svarer-pa-kritikken-om-forbudtskilt-pa-kikutstua?login=true\" target=\"_blank\" rel=\"nofollow noopener\">Landevei.no<\/a> og <a href=\"https:\/\/www.ao.no\/reagerer-pa-endringer-i-marka-det-blir-ikke-lenger-mulig\/s\/5-128-1167219\" target=\"_blank\" rel=\"nofollow noopener\">Avisa Oslo<\/a>.\u00a0<\/p>\n<p> &#8211; Vil ikke jage dem bort\u00a0\t<\/p>\n<p>Bildet av skiltet har satt fyr p\u00e5 debatten i gruppa.\u00a0<\/p>\n<p>For mange har markastua v\u00e6rt et fast stopp etter lange turer &#8211; derfor vekker forbudsskiltet sterke reaksjoner.<\/p>\n<p class=\"font-weight-bold m-font-weight-bold\" data-lab-font_weight=\"font-weight-bold\">If\u00f8lge Skiforeningen, som eier Kikutstua, handler det ikke om \u00e5 jage bort<br \/>\nsyklistene.<\/p>\n<p> &#8211; Det er ikke s\u00e5nn at vi ikke vil ha syklister p\u00e5 Kikut. Tvert imot &#8211; de er hjertelig velkommen. De er faktisk den viktigste gruppa p\u00e5 sommerstid, forklarer assisterende generalsekret\u00e6r og markasjef i Skiforeningen, Espen Jonhaugen, til Dagbladet. <\/p>\n<p>Tiltaket ble gjort i forbindelse med en st\u00f8rre oppgradering av<br \/>\nuteomr\u00e5det, som trengte en oppfriskning etter mange \u00e5rs slitasje.\u00a0<\/p>\n<p class=\"font-weight-bold m-font-weight-bold\" data-lab-font_weight=\"font-weight-bold\">De \u00f8nsker derfor ikke lenger at folk skal kunne ta med seg syklene inn p\u00e5 omr\u00e5det &#8211; men heller la dem st\u00e5 igjen utenfor porten.\u00a0<\/p>\n<p>&#8211; Omr\u00e5det var blitt ganske nedslitt og gj\u00f8rmete, s\u00e5 vi m\u00e5tte friske det opp. Vi har lagt ny plen og gjort flere forbedringer for \u00e5 gj\u00f8re det hyggelig for alle, fortsetter han.\u00a0<\/p>\n<p class=\"font-weight-bold m-font-weight-bold\" data-lab-font_weight=\"font-weight-bold\">B\u00e5de porten og forbudsskiltet blir permanente l\u00f8sninger.<\/p>\n<p> Jonhaugen er klar over at noen reagerer og ikke \u00f8nsker \u00e5 forlate syklene sine, men p\u00e5peker at Skiforeningen allerede har tatt grep for \u00e5 bedre situasjonen. <\/p>\n<p>&#8211; Vi har respekt for at noen er engstelige for syklene sine, og derfor har vi satt opp stativer i synsfeltet fra uteomr\u00e5det. S\u00e5 f\u00e5r vi se om det er tilstrekkelig, eller om vi m\u00e5 gj\u00f8re mer.<\/p>\n<p>&#8211; Uheldig timing\t<\/p>\n<p>Kikutstua drives til daglig av Victoria Fearnley Landmark og Roger Gr\u00f8ndahl, som tok over i oktober. Gr\u00f8ndahl forst\u00e5r at noen reagerer.<\/p>\n<p>&#8211; Vi har overtatt en institusjon i Nordmarka som mange har et kj\u00e6rt forhold til, og det har vi stor respekt for, forteller han til Dagbladet og fortsetter:<\/p>\n<p>        DETEKTIV: Noen ganger m\u00e5 man g\u00e5 hardt til verks for \u00e5 avdekke ting selv ikke lagvenninnene vet om. Video: Schjesvold\/S\u00f8r\u00f8 Olsen\/Dagbladet TV-sporten<\/p>\n<p>&#8211; Vi er ogs\u00e5 veldig forn\u00f8yde med det nyoppgraderte uteomr\u00e5det vi har flyttet inn til, og basert p\u00e5 tilbakemeldinger fra siste dagers mange gjester virker det som om de bes\u00f8kende ogs\u00e5 er det.<\/p>\n<p>Han legger ogs\u00e5 til at forbudet ble innf\u00f8rt f\u00f8r plenen og omr\u00e5det var ferdig til bruk, noe som kan ha utl\u00f8st de mange reaksjonene.\u00a0<\/p>\n<p>&#8211; Det var nok litt uheldig at skiltingen kom f\u00f8r alt var klart. N\u00e5 er plenen friskmeldt, bord og benker er satt ut, og vi har plass til rundt 50 sykler i nye stativer &#8211; alle godt synlige fra sitteomr\u00e5det, sier han.<\/p>\n","protected":false},"excerpt":{"rendered":"Den popul\u00e6re hytta f\u00e5r s\u00e5 hatten passer etter sykkelforbud. &#8211; De er hjertelig velkommen, kontrer markasjef. NEKTET: Bildet&hellip;\n","protected":false},"author":2,"featured_media":59906,"comment_status":"","ping_status":"","sticky":false,"template":"","format":"standard","meta":{"footnotes":""},"categories":[10],"tags":[20,21,24,25,15,22,23,13,30,28,29,14,16,4005,26,27],"class_list":{"0":"post-59905","1":"post","2":"type-post","3":"status-publish","4":"format-standard","5":"has-post-thumbnail","7":"category-norge","8":"tag-breaking-news","9":"tag-breakingnews","10":"tag-featured-news","11":"tag-featurednews","12":"tag-headlines","13":"tag-latest-news","14":"tag-latestnews","15":"tag-news","16":"tag-no","17":"tag-norge","18":"tag-norway","19":"tag-nyheter","20":"tag-overskrifter","21":"tag-some","22":"tag-top-stories","23":"tag-topstories"},"share_on_mastodon":{"url":"","error":""},"_links":{"self":[{"href":"https:\/\/www.europesays.com\/no\/wp-json\/wp\/v2\/posts\/59905","targetHints":{"allow":["GET"]}}],"collection":[{"href":"https:\/\/www.europesays.com\/no\/wp-json\/wp\/v2\/posts"}],"about":[{"href":"https:\/\/www.europesays.com\/no\/wp-json\/wp\/v2\/types\/post"}],"author":[{"embeddable":true,"href":"https:\/\/www.europesays.com\/no\/wp-json\/wp\/v2\/users\/2"}],"replies":[{"embeddable":true,"href":"https:\/\/www.europesays.com\/no\/wp-json\/wp\/v2\/comments?post=59905"}],"version-history":[{"count":0,"href":"https:\/\/www.europesays.com\/no\/wp-json\/wp\/v2\/posts\/59905\/revisions"}],"wp:featuredmedia":[{"embeddable":true,"href":"https:\/\/www.europesays.com\/no\/wp-json\/wp\/v2\/media\/59906"}],"wp:attachment":[{"href":"https:\/\/www.europesays.com\/no\/wp-json\/wp\/v2\/media?parent=59905"}],"wp:term":[{"taxonomy":"category","embeddable":true,"href":"https:\/\/www.europesays.com\/no\/wp-json\/wp\/v2\/categories?post=59905"},{"taxonomy":"post_tag","embeddable":true,"href":"https:\/\/www.europesays.com\/no\/wp-json\/wp\/v2\/tags?post=59905"}],"curies":[{"name":"wp","href":"https:\/\/api.w.org\/{rel}","templated":true}]}}