{"id":59921,"date":"2025-10-14T00:25:10","date_gmt":"2025-10-14T00:25:10","guid":{"rendered":"https:\/\/www.europesays.com\/no\/59921\/"},"modified":"2025-10-14T00:25:10","modified_gmt":"2025-10-14T00:25:10","slug":"du-blir-ekstremt-stresset","status":"publish","type":"post","link":"https:\/\/www.europesays.com\/no\/59921\/","title":{"rendered":"\u2013 Du blir ekstremt stresset"},"content":{"rendered":"\n<p class=\"_lead_o9xde_2 _lead_xtcu6_50 layout-component text-serif-m layout-normal text-serif-l layout-component layout-wide layout-padded _wide_17hqh_1 layout-padded\">Sveriges VM-dronning reagerer p\u00e5 Therese  Johaugs strategi, mens Norges VM-konge forsvarer henne. <\/p>\n<p><img alt=\"Ebba Andersson og Therese Johaug etter at f\u00f8rstnevnte vant 10 km klassisk under VM i Trondheim.  Foto: Bj\u00f8rn S. Delebekk \/ VG\" class=\"_image_qp4xg_65 layout-component layout-wide\" data-fullscreen- data-track-element-type=\"Article image fullscreen\" data-track-name=\"ImageFullscreen\" fetchpriority=\"high\" decoding=\"sync\" loading=\"eager\" height=\"5504\" itemprop=\"image\"  src=\"https:\/\/www.europesays.com\/no\/wp-content\/uploads\/2025\/10\/a91ccd9d-0d13-4e33-8fb1-7913a178e48e\"  style=\"object-position:0% 0%\" width=\"8256\"\/>Ebba Andersson og Therese Johaug etter at f\u00f8rstnevnte vant 10 km klassisk under VM i Trondheim.  Foto: Bj\u00f8rn S. Delebekk \/ VG<\/p>\n<ul aria-hidden=\"true\" class=\"_images_1y6fe_106\">\n<li><a class=\"_link_1y6fe_111\" href=\"https:\/\/www.vg.no\/forfatter\/herman-folvik\" style=\"z-index:1\" title=\"Herman Folvik\" rel=\"nofollow noopener\" target=\"_blank\"><img alt=\"Bilde av Herman Folvik\" class=\"_image_1y6fe_88\" fetchpriority=\"low\" loading=\"lazy\" decoding=\"async\" itemprop=\"image\"  src=\"https:\/\/www.europesays.com\/no\/wp-content\/uploads\/2025\/10\/1760401510_300_b8d5eb91-9fa9-460c-b9f0-da310ffe35dd\"  width=\"480\"\/><\/a><\/li>\n<\/ul>\n<p>Trento, Italia Oppdatert tirsdag 14. oktober kl. 01:44    <\/p>\n<ul class=\"_list_o9xde_3 _list_64s2r_85 _unordered_o9xde_106 text-sans-m\">\n<li class=\"_item_o9xde_30\">Ebba Andersson kritiserer Therese Johaugs strategi om \u00e5 skjule sykdom.<\/li>\n<li class=\"_item_o9xde_30\">Frida Karlsson viser forst\u00e5else for Johaugs valg.<\/li>\n<li class=\"_item_o9xde_30\">Johannes H\u00f8sflot Kl\u00e6bo forsvarer Johaug og p\u00e5peker at i toppidrett m\u00e5 man velge det som passer en best. <\/li>\n<li class=\"_item_o9xde_30\">Kl\u00e6bo deler egne erfaringer om stress og sykeperioder f\u00f8r VM.<\/li>\n<\/ul>\n<p>Vis mer <\/p>\n<p class=\"_paragraph_o9xde_4 _paragraph_xtcu6_10 layout-component text-serif-m layout-normal text-serif-m layout-padded\">Da <a href=\"https:\/\/www.vg.no\/tag\/therese-johaug?utm_source=vg-article&amp;utm_medium=auto-tagger&amp;utm_campaign=zAdPKq\" class=\"_link_o9xde_39\" rel=\"nofollow noopener\" target=\"_blank\">Therese Johaug<\/a> plutselig <a href=\"https:\/\/www.vg.no\/sport\/i\/wgJdxP\/johaug-staar-over-falun\" data-track-element-type=\"Link\" data-track-id=\"link:wgJdxP\" class=\"_link_o9xde_39\" rel=\"nofollow noopener\" target=\"_blank\">sto over Falun-rennene,<\/a> generalpr\u00f8ven f\u00f8r VM i Trondheim sist vinter, var hun sitert p\u00e5 f\u00f8lgende i en pressemelding: <\/p>\n<p class=\"_paragraph_o9xde_4 _paragraph_xtcu6_10 layout-component text-serif-m layout-normal text-serif-m layout-padded\"><strong class=\"_strong_o9xde_25\">\u2013 Jeg er ikke syk! <\/strong>Planer er til for \u00e5 endres underveis &#8230;<\/p>\n<p class=\"_paragraph_o9xde_4 _paragraph_xtcu6_10 layout-component text-serif-m layout-normal text-serif-m layout-padded\">\u2013 Hun er i sitt dr\u00f8mmeland, sa hennes trener P\u00e5l Gunnar Mikkelsplass til VG.<\/p>\n<p class=\"_paragraph_o9xde_4 _paragraph_xtcu6_10 layout-component text-serif-m layout-normal text-serif-m layout-padded\">Ogs\u00e5 til VG sa Johaug <a href=\"https:\/\/www.vg.no\/sport\/i\/RzXJnW\/therese-johaug-mener-frida-karlsson-er-storfavoritt-foer-ski-vm\" data-track-element-type=\"Link\" data-track-id=\"link:RzXJnW\" class=\"_link_o9xde_39\" rel=\"nofollow noopener\" target=\"_blank\">at alt hadde g\u00e5tt som planlagt inn mot VM<\/a>.<\/p>\n<p class=\"_paragraph_o9xde_4 _paragraph_xtcu6_10 layout-component text-serif-m layout-normal text-serif-m layout-padded\">I ettertid har Johaug \u00e5pnet om at hun faktisk ble syk i denne perioden \u2013 og Mikkelsplass har erkjent overfor Expressen at det var en hvit l\u00f8gn.<\/p>\n<p>Johaugs VM i Trondheim:<\/p>\n<p class=\"_paragraph_o9xde_4 _paragraph_xtcu6_10 _paragraph_16v91_10 layout-component text-serif-m layout-normal text-sans-m layout-padded\">Therese Johaug var sm\u00e5 marginer fra fire gull under VM i Trondheim, men det ble tre s\u00f8lv og en bronse.<\/p>\n<p class=\"_paragraph_o9xde_4 _paragraph_xtcu6_10 _paragraph_16v91_10 layout-component text-serif-m layout-normal text-sans-m layout-padded\">Andersson tok gullet p\u00e5 10 km klassisk og 20 km med skibytte med tideler. Mens Sverige spurtslo Norge p\u00e5 stafetten. P\u00e5 femmila vant Frida Karlsson rett foran Heidi Weng og Therese Johaug. <\/p>\n<p class=\"_paragraph_o9xde_4 _paragraph_xtcu6_10 _paragraph_16v91_10 layout-component text-serif-m layout-normal text-sans-m layout-padded\">Johaug har lagt opp og venter barn tidlig i 2026.<\/p>\n<p>Vis mer<\/p>\n<p class=\"_paragraph_o9xde_4 _paragraph_xtcu6_10 layout-component text-serif-m layout-normal text-serif-m layout-padded\">Ebba Andersson, som endte opp som VM-dronning i Trondheim, reagerer p\u00e5 Johaug og Norges strategi.<\/p>\n<p class=\"_paragraph_o9xde_4 _paragraph_xtcu6_10 layout-component text-serif-m layout-normal text-serif-m layout-padded\">\u2013 Det hun gjorde, virker bare dumt. Spesielt n\u00e5r man i ettertid \u2013 avhengig av hvordan det har g\u00e5tt \u2013 kommer med informasjonen, sier Andersson til Expressen.<\/p>\n<p class=\"_paragraph_o9xde_4 _paragraph_xtcu6_10 layout-component text-serif-m layout-normal text-serif-m layout-padded\">Svensken mener hun ville v\u00e6rt \u00e6rlig og \u00e5pen.<\/p>\n<p class=\"_paragraph_o9xde_4 _paragraph_xtcu6_10 layout-component text-serif-m layout-normal text-serif-m layout-padded\">Frida Karlsson, Johaugs andre store rival fra Sverige f\u00f8r hun la opp, viste mer forst\u00e5else for valget.<\/p>\n<p class=\"_paragraph_o9xde_4 _paragraph_xtcu6_10 layout-component text-serif-m layout-normal text-serif-m layout-padded\">\u2013 Jeg forst\u00e5r at hun ikke ville snakke om det der og da. Da hadde hun f\u00e5tt h\u00f8re det konstant. Det gj\u00f8r noe med underbevisstheten, sa Karlsson til <a href=\"https:\/\/www.tv2.no\/sport\/logn-avslort-sverige-reagerer\/18149563\/\" class=\"_link_o9xde_39\" rel=\"nofollow noopener\" target=\"_blank\">TV 2.<\/a><\/p>\n<p class=\"_paragraph_o9xde_4 _paragraph_xtcu6_10 layout-component text-serif-m layout-normal text-serif-m layout-padded\">Johannes H\u00f8sflot Kl\u00e6bo ble tidenes VM-konge med rent bord: Seks av seks gull. En liten m\u00e5ned f\u00f8r VM kunne VG opplyse det norske folk om at han var blitt syk. <\/p>\n<p class=\"_paragraph_o9xde_4 _paragraph_xtcu6_10 layout-component text-serif-m layout-normal text-serif-m layout-padded\">\u2013 Jeg skj\u00f8nner at man holder noe tett. Det kommer frem i dokumentaren min ogs\u00e5 (kommer i november). Det er opp til hver enkelt hva man vil formidle. Det er konkurranse og toppidrett dette, som er brutalt p\u00e5 mange m\u00e5ter, s\u00e5 da m\u00e5 man vurdere hva som er best for seg selv. <\/p>\n<p class=\"_paragraph_o9xde_4 _paragraph_xtcu6_10 layout-component text-serif-m layout-normal text-serif-m layout-padded\"><strong class=\"_strong_o9xde_25\">\u2013 Blir man p\u00e5virket av \u00e5 kommunisere det utad, synes jeg fint man kan holde det for seg selv, sier Kl\u00e6bo til VG.<\/strong><\/p>\n<p class=\"_paragraph_o9xde_4 _paragraph_xtcu6_10 layout-component text-serif-m layout-normal text-serif-m layout-padded\">Han mener man det kan handle mye om timingen ogs\u00e5. I perioder er det mindre mediefokus p\u00e5 ut\u00f8verne, men i Johaugs tilfelle skulle hun ha g\u00e5tt verdenscup-renn etter planen. <\/p>\n<p class=\"_paragraph_o9xde_4 _paragraph_xtcu6_10 layout-component text-serif-m layout-normal text-serif-m layout-padded\">\u2013 Treffer du ikke media p\u00e5 14 dager, trenger du ikke si noe. I andre perioder er det mer sp\u00f8rsm\u00e5l. Da er det nok lurt \u00e5 komme med et svar p\u00e5 status. Jeg har god erfaring med \u00e5 v\u00e6re \u00e5pen om det meste \u2013 med unntak av sm\u00e5, sm\u00e5 ting, sier Kl\u00e6bo.<\/p>\n<p class=\"_paragraph_o9xde_4 _paragraph_xtcu6_10 layout-component text-serif-m layout-normal text-serif-m layout-padded\"><strong class=\"_strong_o9xde_25\">\u2013 Hvor panisk er en slik situasjon \u2013 med sykdom rett f\u00f8r et mesterskap?<\/strong><\/p>\n<p class=\"_paragraph_o9xde_4 _paragraph_xtcu6_10 layout-component text-serif-m layout-normal text-serif-m layout-padded\">\u2013 Du blir ekstremt stresset. Og stress er det verste du p\u00e5f\u00f8rer kroppen for \u00e5 bli frisk. Det er en balansegang p\u00e5 hvor mye du kan la det p\u00e5virke deg. Jeg gjorde et intervju til dokumentaren i perioden jeg var syk f\u00f8r VM, og det er ikke et positivt ord som kommer ut av munnen min.<\/p>\n<p class=\"_paragraph_o9xde_4 _paragraph_xtcu6_10 layout-component text-serif-m layout-normal text-serif-m layout-padded\">\u2013 Man blir nedfor og deprimert. Man f\u00f8ler at det st\u00f8rste m\u00e5let i karrieren ryker. Det er ikke en god f\u00f8lelse.<\/p>\n","protected":false},"excerpt":{"rendered":"Sveriges VM-dronning reagerer p\u00e5 Therese Johaugs strategi, mens Norges VM-konge forsvarer henne. Ebba Andersson og Therese Johaug etter&hellip;\n","protected":false},"author":2,"featured_media":59922,"comment_status":"","ping_status":"","sticky":false,"template":"","format":"standard","meta":{"footnotes":""},"categories":[59],"tags":[2907,7689,711,398,30,28,29,8502,83,82,6328,399],"class_list":{"0":"post-59921","1":"post","2":"type-post","3":"status-publish","4":"format-standard","5":"has-post-thumbnail","7":"category-sport","8":"tag-ebba-andersson","9":"tag-frida-karlsson","10":"tag-johannes-hosflot-klaebo","11":"tag-langrenn","12":"tag-no","13":"tag-norge","14":"tag-norway","15":"tag-pal-gunnar-mikkelsplass","16":"tag-sport","17":"tag-sports","18":"tag-therese-johaug","19":"tag-vintersport"},"share_on_mastodon":{"url":"","error":""},"_links":{"self":[{"href":"https:\/\/www.europesays.com\/no\/wp-json\/wp\/v2\/posts\/59921","targetHints":{"allow":["GET"]}}],"collection":[{"href":"https:\/\/www.europesays.com\/no\/wp-json\/wp\/v2\/posts"}],"about":[{"href":"https:\/\/www.europesays.com\/no\/wp-json\/wp\/v2\/types\/post"}],"author":[{"embeddable":true,"href":"https:\/\/www.europesays.com\/no\/wp-json\/wp\/v2\/users\/2"}],"replies":[{"embeddable":true,"href":"https:\/\/www.europesays.com\/no\/wp-json\/wp\/v2\/comments?post=59921"}],"version-history":[{"count":0,"href":"https:\/\/www.europesays.com\/no\/wp-json\/wp\/v2\/posts\/59921\/revisions"}],"wp:featuredmedia":[{"embeddable":true,"href":"https:\/\/www.europesays.com\/no\/wp-json\/wp\/v2\/media\/59922"}],"wp:attachment":[{"href":"https:\/\/www.europesays.com\/no\/wp-json\/wp\/v2\/media?parent=59921"}],"wp:term":[{"taxonomy":"category","embeddable":true,"href":"https:\/\/www.europesays.com\/no\/wp-json\/wp\/v2\/categories?post=59921"},{"taxonomy":"post_tag","embeddable":true,"href":"https:\/\/www.europesays.com\/no\/wp-json\/wp\/v2\/tags?post=59921"}],"curies":[{"name":"wp","href":"https:\/\/api.w.org\/{rel}","templated":true}]}}