{"id":59937,"date":"2025-10-14T01:14:09","date_gmt":"2025-10-14T01:14:09","guid":{"rendered":"https:\/\/www.europesays.com\/no\/59937\/"},"modified":"2025-10-14T01:14:09","modified_gmt":"2025-10-14T01:14:09","slug":"spacex-skjot-opp-ellevte-starship-rakett","status":"publish","type":"post","link":"https:\/\/www.europesays.com\/no\/59937\/","title":{"rendered":"SpaceX skj\u00f8t opp ellevte Starship-rakett"},"content":{"rendered":"\n<p class=\"_lead_o9xde_2 _lead_xtcu6_50 layout-component text-serif-m layout-normal text-serif-l layout-component layout-wide layout-padded _wide_17hqh_1 layout-padded\">Elon Musks romselskap tester gigantisk rakett for Mars-reiser.<\/p>\n<p><img alt=\" Foto: Eric Gay \/ AP \/ NTB\" class=\"_image_qp4xg_65 layout-component layout-wide\" data-fullscreen- data-track-element-type=\"Article image fullscreen\" data-track-name=\"ImageFullscreen\" fetchpriority=\"high\" decoding=\"sync\" loading=\"eager\" height=\"4282\" itemprop=\"image\"  src=\"https:\/\/www.europesays.com\/no\/wp-content\/uploads\/2025\/10\/f4a4e6cf-dcc2-497f-afc6-91fc0494ae77\"  style=\"object-position:0% 0%\" width=\"6423\"\/> Foto: Eric Gay \/ AP \/ NTB<\/p>\n<ul aria-hidden=\"true\" class=\"_images_1y6fe_106\">\n<li><a class=\"_link_1y6fe_111\" href=\"https:\/\/www.vg.no\/forfatter\/kari-aarstad-aase\" style=\"z-index:1\" title=\"Kari Aarstad Aase\" rel=\"nofollow noopener\" target=\"_blank\"><img alt=\"Bilde av Kari Aarstad Aase\" class=\"_image_1y6fe_88\" fetchpriority=\"low\" loading=\"lazy\" decoding=\"async\" itemprop=\"image\"  src=\"https:\/\/www.europesays.com\/no\/wp-content\/uploads\/2025\/10\/1760404449_80_0dbde33e-6d8e-4680-8e4f-e2a64281e2b8\"  width=\"480\"\/><\/a><\/li>\n<\/ul>\n<p> Oppdatert tirsdag 14. oktober kl. 02:18     <\/p>\n<p class=\"_paragraph_o9xde_4 _paragraph_xtcu6_10 layout-component text-serif-m layout-normal text-serif-m layout-padded\">Elon Musks romselskap <a href=\"https:\/\/www.vg.no\/tag\/spacex?utm_source=vg-article&amp;utm_medium=auto-tagger&amp;utm_campaign=QMd0E4\" class=\"_link_o9xde_39\" rel=\"nofollow noopener\" target=\"_blank\">SpaceX<\/a> skj\u00f8t mandag opp sin ellevte Starship-rakett fra Starbase i Texas. Testoppskytingen skal demonstrere den gigantiske rakettens gjenbrukbare design, som skal brukes til \u00e5 sende satellitter i bane og senere etter planen frakte mennesker til m\u00e5nen og Mars, melder Reuters.<\/p>\n<p class=\"_paragraph_o9xde_4 _paragraph_xtcu6_10 layout-component text-serif-m layout-normal text-serif-m layout-padded\">Starship best\u00e5r av et \u00f8vre trinn stablet opp\u00e5 Super Heavy-boosteren. Raketten ble skutt opp rundt klokken 01.20 norsk tid natt til tirsdag. Etter at Starship-trinnet ble sendt ut i rommet, returnerte Super Heavy-boosteren for en myk vannlanding i Mexicogolfen cirka ti minutter etter oppskytingen.<\/p>\n<p><img alt=\"Foto: Eric Gay \/ AP \/ NTB\" class=\"_image_qp4xg_65 layout-component layout-normal\" data-fullscreen- data-track-element-type=\"Article image fullscreen\" data-track-name=\"ImageFullscreen\" decoding=\"async\" loading=\"lazy\" height=\"3324\" itemprop=\"image\"  src=\"https:\/\/www.europesays.com\/no\/wp-content\/uploads\/2025\/10\/4f7f743f-232d-4dc5-8cbe-38c440edaab7\"  style=\"object-position:0% 0%\" width=\"4986\"\/>Foto: Eric Gay \/ AP \/ NTB<\/p>\n<p class=\"_paragraph_o9xde_4 _paragraph_xtcu6_10 layout-component text-serif-m layout-normal text-serif-m layout-padded\">En vellykket test i august fulgte etter flere mislykkede oppskytinger der raketten eksploderte. Problemene ved flere av testene har f\u00f8rt til bekymring for forsinkelser.<\/p>\n<p class=\"_paragraph_o9xde_4 _paragraph_xtcu6_10 layout-component text-serif-m layout-normal text-serif-m layout-padded\">\u2013 Vi har gjort alt vi kan tenke oss for \u00e5 gj\u00f8re neste testflyging, Flight 11, vellykket, sa SpaceX-president Gwynne Shotwell p\u00e5 en konferanse i Paris forrige m\u00e5ned.<\/p>\n<p class=\"_paragraph_o9xde_4 _paragraph_xtcu6_10 layout-component text-serif-m layout-normal text-serif-m layout-padded\">\u2013 Men du vet aldri n\u00e5r du kommer til \u00e5 f\u00e5 en p\u00e5 trynet, s\u00e5 vi f\u00e5r se, fortsatte hun.<\/p>\n<p class=\"_paragraph_o9xde_4 _paragraph_xtcu6_10 layout-component text-serif-m layout-normal text-serif-m layout-padded\">Under oppdraget sikter SpaceX p\u00e5 \u00e5 sende ut sin andre klynge med dummy Starlink-satellitter i rommet. Skipet skal n\u00e5 Det indiske hav etter \u00e5 ha brent seg tilbake gjennom jordens atmosf\u00e6re.<\/p>\n<p class=\"_paragraph_o9xde_4 _paragraph_xtcu6_10 layout-component text-serif-m layout-normal text-serif-m layout-padded\">En ferd rundt m\u00e5nen er planlagt tidligst i februar neste \u00e5r. Nasa sikter mot en Nasa-m\u00e5nelanding i midten av 2027, men en sikkerhetsgruppe sier den kan bli utsatt i flere \u00e5r.<\/p>\n<p class=\"_paragraph_o9xde_4 _paragraph_xtcu6_10 layout-component text-serif-m layout-normal text-serif-m layout-padded\">Kina har et m\u00e5l om \u00e5 gjennomf\u00f8re en bemannet m\u00e5neferd innen 2030.<\/p>\n","protected":false},"excerpt":{"rendered":"Elon Musks romselskap tester gigantisk rakett for Mars-reiser. Foto: Eric Gay \/ AP \/ NTB Oppdatert tirsdag 14.&hellip;\n","protected":false},"author":2,"featured_media":59938,"comment_status":"","ping_status":"","sticky":false,"template":"","format":"standard","meta":{"footnotes":""},"categories":[12],"tags":[20,21,24,25,15,22,23,13,30,28,29,14,16,2331,8819,26,27,42,46,43,44,45],"class_list":{"0":"post-59937","1":"post","2":"type-post","3":"status-publish","4":"format-standard","5":"has-post-thumbnail","7":"category-verden","8":"tag-breaking-news","9":"tag-breakingnews","10":"tag-featured-news","11":"tag-featurednews","12":"tag-headlines","13":"tag-latest-news","14":"tag-latestnews","15":"tag-news","16":"tag-no","17":"tag-norge","18":"tag-norway","19":"tag-nyheter","20":"tag-overskrifter","21":"tag-spacex","22":"tag-starship","23":"tag-top-stories","24":"tag-topstories","25":"tag-verden","26":"tag-vgai","27":"tag-world","28":"tag-world-news","29":"tag-worldnews"},"share_on_mastodon":{"url":"","error":""},"_links":{"self":[{"href":"https:\/\/www.europesays.com\/no\/wp-json\/wp\/v2\/posts\/59937","targetHints":{"allow":["GET"]}}],"collection":[{"href":"https:\/\/www.europesays.com\/no\/wp-json\/wp\/v2\/posts"}],"about":[{"href":"https:\/\/www.europesays.com\/no\/wp-json\/wp\/v2\/types\/post"}],"author":[{"embeddable":true,"href":"https:\/\/www.europesays.com\/no\/wp-json\/wp\/v2\/users\/2"}],"replies":[{"embeddable":true,"href":"https:\/\/www.europesays.com\/no\/wp-json\/wp\/v2\/comments?post=59937"}],"version-history":[{"count":0,"href":"https:\/\/www.europesays.com\/no\/wp-json\/wp\/v2\/posts\/59937\/revisions"}],"wp:featuredmedia":[{"embeddable":true,"href":"https:\/\/www.europesays.com\/no\/wp-json\/wp\/v2\/media\/59938"}],"wp:attachment":[{"href":"https:\/\/www.europesays.com\/no\/wp-json\/wp\/v2\/media?parent=59937"}],"wp:term":[{"taxonomy":"category","embeddable":true,"href":"https:\/\/www.europesays.com\/no\/wp-json\/wp\/v2\/categories?post=59937"},{"taxonomy":"post_tag","embeddable":true,"href":"https:\/\/www.europesays.com\/no\/wp-json\/wp\/v2\/tags?post=59937"}],"curies":[{"name":"wp","href":"https:\/\/api.w.org\/{rel}","templated":true}]}}