{"id":60121,"date":"2025-10-14T08:19:41","date_gmt":"2025-10-14T08:19:41","guid":{"rendered":"https:\/\/www.europesays.com\/no\/60121\/"},"modified":"2025-10-14T08:19:41","modified_gmt":"2025-10-14T08:19:41","slug":"fra-hattrick-til-luksusferie-i-marbella","status":"publish","type":"post","link":"https:\/\/www.europesays.com\/no\/60121\/","title":{"rendered":"Fra hattrick til luksusferie i Marbella"},"content":{"rendered":"<p class=\"kicker \" style=\"\">Erling Braut Haaland<\/p>\n<p>  Etter \u00e5 ha senket Israel med et hattrick spurtet m\u00e5lkongen inn p\u00e5 nachspiel &#8211; f\u00f8r han dro rett til Marbella i privatfly.<\/p>\n<p>\n    KOSETUR: Erling Braut Haaland dro rett fra nachspiel til solferie i Marbella, hvor han eier en luksus-eiendom. Det er uvisst om samboer Isabel Haugseng Johansen er med, men her er de to i Marbella veden tidligere anledning. Foto: MEGA\n  <\/p>\n<p>Det er ikke noe hvilehjem \u00e5 v\u00e6re verdens beste spiss. Erling Braut Haaland (25) holder et tempo som kan ta pusten fra de fleste. Og ikke bare p\u00e5 banen.<\/p>\n<p>Han bruker fritiden sin maksimalt. Og etter \u00e5 ha v\u00e6rtkaptein i nedsablingen av Israel p\u00e5 Ullevaal gikk det slag i slag for den h\u00f8yreiste j\u00e6rbuen.<\/p>\n<p>          <img loading=\"lazy\" decoding=\"async\" src=\"https:\/\/www.europesays.com\/no\/wp-content\/uploads\/2025\/10\/83717990.webp\" width=\"686\" height=\"378\" title=\"DRO HIT: Her eier Haaland en av luksusleilighetene i Epic by Fendi Casa - rett ved Marbellas s\u00e5kalte Golde Mile. De er i en sv\u00e6rt h\u00f8y prisklasse!\" alt=\"\" class=\"\" style=\"--aspect-ratio-image: 1.81; \"\/><\/p>\n<p>\n          DRO HIT: Her eier Haaland en av luksusleilighetene i Epic by Fendi Casa &#8211; rett ved Marbellas s\u00e5kalte Golde Mile. De er i en sv\u00e6rt h\u00f8y prisklasse!\n      <\/p>\n<p>Etter kampen rakk han b\u00e5de en tur innom spillerhotellet og bes\u00f8k p\u00e5 T\u00e5sen\u00a0 Cafebar ikke langt fra Ullevaal stadion. Der ble det servert \u00abHaaland-kebab\u00bb p\u00e5 hele landslaget.<\/p>\n<p>        RYKTENE FLORERER: En gullring p\u00e5 Isabel Haugseng Johansens finger setter fart p\u00e5 forloveselsryktene mellom henne og Erling Braut Haaland.<\/p>\n<p>Foto: Eamonn and James Clarke \/ NTB \/ Instagram: @erling \/\/ Reporter: H\u00e5vard Bj\u00f8rnerem <\/p>\n<p>Sent p\u00e5 kvelden ble spillerne fraktet med buss fra hotellet til utestedet Michaels p\u00e5 Frogner i Oslo.\u00a0 Ut av bussen kom den ene landslagsspilleren etter den andre.\u00a0<\/p>\n<p>          <img loading=\"lazy\" decoding=\"async\" src=\"https:\/\/www.europesays.com\/no\/wp-content\/uploads\/2025\/10\/83717995.webp\" width=\"686\" height=\"515\" title=\"KJAPP SPURT: Han m\u00e5tte holde p\u00e5 capsen da han l\u00f8p inn til resten av landslagsgutta p\u00e5 utesetdet Michaels i Oslo etter kampen. Foto: Shad Madian\/Se og H\u00f8r\" alt=\"\" class=\"\" style=\"--aspect-ratio-image: 1.33; \"\/><\/p>\n<p>\n          KJAPP SPURT: Han m\u00e5tte holde p\u00e5 capsen da han l\u00f8p inn til resten av landslagsgutta p\u00e5 utesetdet Michaels i Oslo etter kampen. Foto: Shad Madian\/Se og H\u00f8r\n      <\/p>\n<p>Men ikke kaptein Haaland. Han ankom i bil med sikkerhetssjef Geir Ellefsen og spurtet inn i lokalet rundt et kvartet etter flesteparten av sine lagkamerater.<\/p>\n<p>Se og H\u00f8r har bildene av Haaland p\u00e5 vei inn p\u00e5 nachspielet.<\/p>\n<p>          <img loading=\"lazy\" decoding=\"async\" src=\"https:\/\/www.europesays.com\/no\/wp-content\/uploads\/2025\/10\/83718000.webp\" width=\"686\" height=\"597\" title=\"INN BAKVEIEN: Erling fikk slippe inn bakd\u00f8ren for \u00e5 unng\u00e5 folkeansamlingen ved hovedinngangen. Foto: Shad Madian\/Se og H\u00f8r\" alt=\"\" class=\"\" style=\"--aspect-ratio-image: 1.15; \"\/><\/p>\n<p>\n          INN BAKVEIEN: Erling fikk slippe inn bakd\u00f8ren for \u00e5 unng\u00e5 folkeansamlingen ved hovedinngangen. Foto: Shad Madian\/Se og H\u00f8r\n      <\/p>\n<p>Etter nachspiel og en kjapp lur p\u00e5 hotellet kunne Erling Braut Haaland tusle om bord i privatflyet p\u00e5 Gardermoen s\u00f8ndag.\u00a0<\/p>\n<p>Landslagstrener St\u00e5le Solbakken hadde innvilget superstjernen fri, selv om landslaget har ny kamp tirsdag &#8211; en treningskamp mot New Zealand.<\/p>\n<p>    <a itemprop=\"url\" href=\"https:\/\/www.seher.no\/kjendis\/hemmelig-luksusferie-med-hele-familien\/83383431\" rel=\"nofollow noopener\" target=\"_blank\"><\/p>\n<p>      <img loading=\"lazy\" decoding=\"async\" src=\"https:\/\/www.europesays.com\/no\/wp-content\/uploads\/2025\/10\/83383459.webp\" width=\"980\" height=\"441\" title=\"Hemmelig luksusferie med hele familien\" alt=\"\" class=\"lazyload\" style=\"--aspect-ratio-image: 2.22; \"\/><\/p>\n<p>        Hemmelig luksusferie med hele familien<\/p>\n<p>    <\/a><\/p>\n<p>Den slipper Haaland \u00e5 spille.\u00a0\u00a0<\/p>\n<p>I stedet dukket han opp Gardermoen i shorts og slippers, if\u00f8lge <a href=\"https:\/\/www.dagbladet.no\/sport\/floy-vekk\/83713068\" rel=\"nofollow noopener\" target=\"_blank\">Dagbladet <\/a>som har bilder av Manchester City-stjernen p\u00e5 vei om bord i privatflyet i solskinnet.<\/p>\n<p>          <img loading=\"lazy\" decoding=\"async\" src=\"https:\/\/www.europesays.com\/no\/wp-content\/uploads\/2025\/10\/83718002.webp\" width=\"980\" height=\"559\" title=\"STORSL\u00c5TT: Erling skal ha kj\u00f8pt en av de dyreste eiendommene i komplekset. Bruksarealet er p\u00e5 over 300 kvadratmeter, if\u00f8lge TV2.no.\" alt=\"\" class=\"\" style=\"--aspect-ratio-image: 1.75; \"\/><\/p>\n<p>\n          STORSL\u00c5TT: Erling skal ha kj\u00f8pt en av de dyreste eiendommene i komplekset. Bruksarealet er p\u00e5 over 300 kvadratmeter, if\u00f8lge TV2.no.\n      <\/p>\n<p>&#8211; Enda mer sol venter i Spania. Privatflyet &#8211; som smeller over Europa s\u00f8ndag &#8211; har destinasjon Malaga, skriver Dagbladet.<\/p>\n<p>I nabobyen Marbella venter noen dager i ellevill luksus.\u00a0<\/p>\n<p>    <a itemprop=\"url\" href=\"https:\/\/www.seher.no\/sport\/slik-ser-hun-ikke-ut-lenger\/83502206\" rel=\"nofollow noopener\" target=\"_blank\"><\/p>\n<p>      <img loading=\"lazy\" decoding=\"async\" src=\"https:\/\/www.europesays.com\/no\/wp-content\/uploads\/2025\/10\/1760429980_973_83502490.webp\" width=\"980\" height=\"441\" title=\"Slik ser hun ikke ut lenger\" alt=\"\" class=\"lazyload\" style=\"--aspect-ratio-image: 2.22; \"\/><\/p>\n<p>        Slik ser hun ikke ut lenger<\/p>\n<p>    <\/a><\/p>\n<p>I 2023 sikret han seg en ny, eksklusiv bolig i et fasjonabelt str\u00f8k ved den spanske solkysten, if\u00f8lge <a href=\"https:\/\/www.tv2.no\/underholdning\/har-sikret-seg-lukrativ-designeiendom-i-marbella\/16994525\/?utm_source=sdrn%3Avg%3Aarticle%3A1MVjQG\" rel=\"nofollow noopener\" target=\"_blank\">TV2.no<\/a>.<\/p>\n<p>        UHELL: Carina Dahl kastet en rekvisitt under \u00abSkal vi danse\u00bb og traff en i publikum. Video: Kine Falch \/ Reporter: Danny Son To.<\/p>\n<p>Opplysninger fra det offentlige, spanske eiendomsregisteret viser at han ble registrert som kj\u00f8per av en boenhet i et nytt, st\u00f8rre kompleks i Marbella.\u00a0<\/p>\n<p>          <img loading=\"lazy\" decoding=\"async\" src=\"https:\/\/www.europesays.com\/no\/wp-content\/uploads\/2025\/10\/83718004.webp\" width=\"686\" height=\"817\" title=\"SOLKOS: I sommer var Erling og Isabel p\u00e5 solferie i Middelhavet p\u00e5 innledi luksusyacht. Det ser ut til at de koser seg! Foto: GTRES\" alt=\"\" class=\"\" style=\"--aspect-ratio-image: 0.84; \"\/><\/p>\n<p>\n          SOLKOS: I sommer var Erling og Isabel p\u00e5 solferie i Middelhavet p\u00e5 innledi luksusyacht. Det ser ut til at de koser seg! Foto: GTRES\n      <\/p>\n<p>P\u00e5 nettsidene til komplekset heter det at eiendommene \u00abdefinerer ekte luksus i Marbella\u00bb, og at det er \u00abdet\u00a0f\u00f8rste prosjektet i Europa som har samarbeidet med det prestisjetunge Fendi Casa for \u00e5 tilby de beste luksuri\u00f8se designeiendommene\u00bb.<\/p>\n<p>    <a itemprop=\"url\" href=\"https:\/\/www.seher.no\/kjendis\/hun-sjekket-opp-meg\/83659791\" rel=\"nofollow noopener\" target=\"_blank\"><\/p>\n<p>      <img loading=\"lazy\" decoding=\"async\" src=\"https:\/\/www.europesays.com\/no\/wp-content\/uploads\/2025\/10\/1760429980_162_83659874.webp\" width=\"980\" height=\"441\" title=\"- Hun sjekket opp meg\" alt=\"\" class=\"lazyload\" style=\"--aspect-ratio-image: 2.22; \"\/><\/p>\n<p>        &#8211; Hun sjekket opp meg<\/p>\n<p>    <\/a><\/p>\n<p>Haaland har sikret seg en enhet som if\u00f8lge TV 2 har et bruksareal p\u00e5 godt over 300 kvadratmeter.<\/p>\n<p>        LAGT I BAKKEN: NRK-profilen forteller om stuntet han aldri ville gjort igjen. Video: TVNorge, NRK, Thea Hope<\/p>\n<p>Her har han stue, spisestue, kj\u00f8kken, toalett, tre soverom med egne bad, terrasse og en stor \u00e5pen veranda.\u00a0<\/p>\n<p>          <img loading=\"lazy\" decoding=\"async\" src=\"https:\/\/www.europesays.com\/no\/wp-content\/uploads\/2025\/10\/83718014.webp\" width=\"686\" height=\"913\" title=\"TRILLETUR: Her er Isabel p\u00e5 trilletur med parets s\u00f8nn. Foto: Eamonn og James Clarke.\" alt=\"\" class=\"\" style=\"--aspect-ratio-image: 0.75; \"\/><\/p>\n<p>\n          TRILLETUR: Her er Isabel p\u00e5 trilletur med parets s\u00f8nn. Foto: Eamonn og James Clarke.\n      <\/p>\n<p>Til boligen h\u00f8rer ogs\u00e5 flere parkeringsplasser.<\/p>\n<p>&#8211; P\u00e5 prosjektets fellesomr\u00e5der kan Haaland blant annet nyte godt av frodige gr\u00f8ntarealer, et eksklusivt spa, oppvarmede basseng, et multisportsenter og en gastropub, skriver TV-kanalen p\u00e5 sine nettsider.<\/p>\n","protected":false},"excerpt":{"rendered":"Erling Braut Haaland Etter \u00e5 ha senket Israel med et hattrick spurtet m\u00e5lkongen inn p\u00e5 nachspiel &#8211; f\u00f8r&hellip;\n","protected":false},"author":2,"featured_media":60122,"comment_status":"","ping_status":"","sticky":false,"template":"","format":"standard","meta":{"footnotes":""},"categories":[59],"tags":[4104,810,6091,479,8851,30,28,29,83,82],"class_list":{"0":"post-60121","1":"post","2":"type-post","3":"status-publish","4":"format-standard","5":"has-post-thumbnail","7":"category-sport","8":"tag-eksklusivt","9":"tag-erling-braut-haaland","10":"tag-isabel-haugseng-johansen","11":"tag-kjendis","12":"tag-marbella","13":"tag-no","14":"tag-norge","15":"tag-norway","16":"tag-sport","17":"tag-sports"},"share_on_mastodon":{"url":"","error":""},"_links":{"self":[{"href":"https:\/\/www.europesays.com\/no\/wp-json\/wp\/v2\/posts\/60121","targetHints":{"allow":["GET"]}}],"collection":[{"href":"https:\/\/www.europesays.com\/no\/wp-json\/wp\/v2\/posts"}],"about":[{"href":"https:\/\/www.europesays.com\/no\/wp-json\/wp\/v2\/types\/post"}],"author":[{"embeddable":true,"href":"https:\/\/www.europesays.com\/no\/wp-json\/wp\/v2\/users\/2"}],"replies":[{"embeddable":true,"href":"https:\/\/www.europesays.com\/no\/wp-json\/wp\/v2\/comments?post=60121"}],"version-history":[{"count":0,"href":"https:\/\/www.europesays.com\/no\/wp-json\/wp\/v2\/posts\/60121\/revisions"}],"wp:featuredmedia":[{"embeddable":true,"href":"https:\/\/www.europesays.com\/no\/wp-json\/wp\/v2\/media\/60122"}],"wp:attachment":[{"href":"https:\/\/www.europesays.com\/no\/wp-json\/wp\/v2\/media?parent=60121"}],"wp:term":[{"taxonomy":"category","embeddable":true,"href":"https:\/\/www.europesays.com\/no\/wp-json\/wp\/v2\/categories?post=60121"},{"taxonomy":"post_tag","embeddable":true,"href":"https:\/\/www.europesays.com\/no\/wp-json\/wp\/v2\/tags?post=60121"}],"curies":[{"name":"wp","href":"https:\/\/api.w.org\/{rel}","templated":true}]}}