{"id":60206,"date":"2025-10-14T10:10:08","date_gmt":"2025-10-14T10:10:08","guid":{"rendered":"https:\/\/www.europesays.com\/no\/60206\/"},"modified":"2025-10-14T10:10:08","modified_gmt":"2025-10-14T10:10:08","slug":"svensk-fotball-i-krise-etter-vm-kvalik-fiasko","status":"publish","type":"post","link":"https:\/\/www.europesays.com\/no\/60206\/","title":{"rendered":"Svensk fotball i krise etter VM-kvalik-fiasko"},"content":{"rendered":"\n<p class=\"_lead_o9xde_2 _lead_xtcu6_50 layout-component text-serif-m layout-normal text-serif-l layout-component layout-wide layout-padded _wide_17hqh_1 layout-padded\"><strong class=\"_strong_o9xde_25\">Jon Dahl Tomassons fremtid som  landslagssjef skal v\u00e6re usikker,  if\u00f8lge den svenske avisen.<\/strong><\/p>\n<p><img alt=\"UNDER PRESS: Danske Jon Dahl Tomasson, Sveriges landslagstrener siden 2024. Foto: Bj\u00f6rn Larsson Rosvall\/TT \/ TT Nyhetsbyr\u00e5n \/ NTB\" class=\"_image_qp4xg_65 layout-component layout-wide\" data-fullscreen- data-track-element-type=\"Article image fullscreen\" data-track-name=\"ImageFullscreen\" fetchpriority=\"high\" decoding=\"sync\" loading=\"eager\" height=\"5504\" itemprop=\"image\"  src=\"https:\/\/www.europesays.com\/no\/wp-content\/uploads\/2025\/10\/cf2f49b4-5f9a-4fb1-afa4-9fefae90d92c\"  style=\"object-position:0% 0%\" width=\"8256\"\/>UNDER PRESS: Danske Jon Dahl Tomasson, Sveriges landslagstrener siden 2024. Foto: Bj\u00f6rn Larsson Rosvall\/TT \/ TT Nyhetsbyr\u00e5n \/ NTB<\/p>\n<ul aria-hidden=\"true\" class=\"_images_1y6fe_106\">\n<li><a class=\"_link_1y6fe_111\" href=\"https:\/\/www.vg.no\/forfatter\/yasmin-sunde-hoel\" style=\"z-index:1\" title=\"Yasmin Sunde Hoel\" rel=\"nofollow noopener\" target=\"_blank\"><img alt=\"Bilde av Yasmin Sunde Hoel\" class=\"_image_1y6fe_88\" fetchpriority=\"low\" loading=\"lazy\" decoding=\"async\" itemprop=\"image\"  src=\"https:\/\/www.europesays.com\/no\/wp-content\/uploads\/2025\/10\/1760436608_274_9b0968a4-bfc7-4456-a6f4-b0a569ad0436\"  width=\"480\"\/><\/a><\/li>\n<\/ul>\n<p> Oppdatert tirsdag 14. oktober kl. 11:02     <\/p>\n<p class=\"_paragraph_o9xde_4 _paragraph_xtcu6_10 layout-component text-serif-m layout-normal text-serif-m layout-padded\">Sverige har kun tatt ett poeng p\u00e5 fire kamper i VM-kvalifiseringen og ligger sist i sin gruppe. N\u00e5 skal det svenske fotballforbundet ha et digitalt krisem\u00f8te for \u00e5 diskutere landslagstrener Jon Dahl Tomassons framtid, melder <a href=\"https:\/\/www.expressen.se\/sport\/fotboll\/landslaget\/svff-i-krismote-dagen\" class=\"_link_o9xde_39\" rel=\"nofollow noopener\" target=\"_blank\">Expressen<\/a>.<\/p>\n<p class=\"_paragraph_o9xde_4 _paragraph_xtcu6_10 layout-component text-serif-m layout-normal text-serif-m layout-padded\">Tomassons stilling skal v\u00e6re en av hovedsakene p\u00e5 dagsordenen.<\/p>\n<p class=\"_paragraph_o9xde_4 _paragraph_xtcu6_10 layout-component text-serif-m layout-normal text-serif-m layout-padded\"><a href=\"https:\/\/www.vg.no\/sport\/i\/3MWgMX\/kritikken-hagler-mot-jon-dahl-tomasson-etter-sveriges-vm-fiasko\" data-track-element-type=\"Link\" data-track-id=\"link:3MWgMX\" class=\"_link_o9xde_39\" rel=\"nofollow noopener\" target=\"_blank\">Etter 1-0-tapet mot Kosovo<\/a> i g\u00e5r kveld er presset enormt p\u00e5 den danske treneren. Fotballsjef Kim K\u00e4llstr\u00f6m sa at forbundet har \u00abfullt tillit til v\u00e5r landslagstrener til vi ikke har det\u00bb.<\/p>\n<p class=\"_paragraph_o9xde_4 _paragraph_xtcu6_10 layout-component text-serif-m layout-normal text-serif-m layout-padded\">\u2013 Vi ser at vi er i en situasjon vi ikke vil v\u00e6re i. Det er en resultatstyrt bransje, men vi har tillit til vi ikke har det. Vi m\u00e5 analysere dette for \u00e5 se veien framover, sa K\u00e4llstr\u00f6m.<\/p>\n<p class=\"_paragraph_o9xde_4 _paragraph_xtcu6_10 layout-component text-serif-m layout-normal text-serif-m layout-padded\">Expressen skriver at det svenske forbundet ogs\u00e5 skal ha unders\u00f8kt mulige erstattere for danskens jobb.<\/p>\n<p class=\"_paragraph_o9xde_4 _paragraph_xtcu6_10 layout-component text-serif-m layout-normal text-serif-m layout-padded\">Sverige ligger p\u00e5 sisteplass i sin VM-kvalifiseringsgruppe og har kun et teoretisk h\u00e5p om \u00e5 kunne klare \u00e5 sikre seg en playoff-kamp som kan ta dem til VM. Sveits leder med ni poeng.<\/p>\n<p>Slik kan Sverige komme seg til VM:Playoff gjennom Nations League:<\/p>\n<ul class=\"_list_o9xde_3 _list_xtcu6_9 _list_16v91_9 _unordered_o9xde_106 layout-component text-serif-m layout-normal text-sans-m layout-padded\" itemprop=\"text\">\n<li class=\"_item_o9xde_30\">Er Sveriges mest sannsynlige vei inn i VM slik det st\u00e5r seg n\u00e5. De ender trolig p\u00e5 tredje- eller fjerdeplass i sin gruppe i VM-kvalifiseringen.<\/li>\n<li class=\"_item_o9xde_30\">Sverige er tiende beste Nations League-gruppevinner, mens de fire beste g\u00e5r til en playoff.<\/li>\n<li class=\"_item_o9xde_30\">Det betyr at seks av Nationas League-gruppevinnerne som har gjort det bedre enn Sverige, m\u00e5 kvalifisere seg direkte til VM gjennom VM-kvalifiseringen for at svenskene skal f\u00e5 en playoff.<\/li>\n<li class=\"_item_o9xde_30\">Det kan skje allerede denne pausen. Land som England, Frankrike, Portugal, Norge, Tyskland og Spania er i denne kategorien.<\/li>\n<li class=\"_item_o9xde_30\">I playoffen fordeles 16 lag inn i fire grupper, som spiller semifinaler og finale. Vinneren \u2013 og kun vinneren \u2013 g\u00e5r til VM. Sverige har falt fra seedingsgruppe 2 til 4 etter tapet for Sveits, som gj\u00f8r at motstanden vil bli t\u00f8ffere.<\/li>\n<\/ul>\n<p>Andreplass i gruppespillet i VM-kvalifiseringen: <\/p>\n<p class=\"_paragraph_o9xde_4 _paragraph_xtcu6_10 _paragraph_16v91_10 layout-component text-serif-m layout-normal text-sans-m layout-padded\" itemprop=\"text\">Sverige kan ikke lenge vinne gruppen, selv om de vinner sine to resterende kamper. Men andreplassen gir ogs\u00e5 playoff.<\/p>\n<p class=\"_paragraph_o9xde_4 _paragraph_xtcu6_10 _paragraph_16v91_10 layout-component text-serif-m layout-normal text-sans-m layout-padded\" itemprop=\"text\">Da m\u00e5 de sl\u00e5 Sveits borte og Slovenia hjemme, og selv da er de avhengig av at ikke Kosovo tar flere poeng.<\/p>\n","protected":false},"excerpt":{"rendered":"Jon Dahl Tomassons fremtid som landslagssjef skal v\u00e6re usikker, if\u00f8lge den svenske avisen. UNDER PRESS: Danske Jon Dahl&hellip;\n","protected":false},"author":2,"featured_media":60207,"comment_status":"","ping_status":"","sticky":false,"template":"","format":"standard","meta":{"footnotes":""},"categories":[5],"tags":[20,21,24,25,92,15,19,22,23,17,18,13,30,28,29,14,16,4551,26,27],"class_list":{"0":"post-60206","1":"post","2":"type-post","3":"status-publish","4":"format-standard","5":"has-post-thumbnail","7":"category-overskrifter","8":"tag-breaking-news","9":"tag-breakingnews","10":"tag-featured-news","11":"tag-featurednews","12":"tag-fotball","13":"tag-headlines","14":"tag-hovedoppslag","15":"tag-latest-news","16":"tag-latestnews","17":"tag-main-news","18":"tag-mainnews","19":"tag-news","20":"tag-no","21":"tag-norge","22":"tag-norway","23":"tag-nyheter","24":"tag-overskrifter","25":"tag-sveriges-herrelandslag-fotball","26":"tag-top-stories","27":"tag-topstories"},"share_on_mastodon":{"url":"","error":""},"_links":{"self":[{"href":"https:\/\/www.europesays.com\/no\/wp-json\/wp\/v2\/posts\/60206","targetHints":{"allow":["GET"]}}],"collection":[{"href":"https:\/\/www.europesays.com\/no\/wp-json\/wp\/v2\/posts"}],"about":[{"href":"https:\/\/www.europesays.com\/no\/wp-json\/wp\/v2\/types\/post"}],"author":[{"embeddable":true,"href":"https:\/\/www.europesays.com\/no\/wp-json\/wp\/v2\/users\/2"}],"replies":[{"embeddable":true,"href":"https:\/\/www.europesays.com\/no\/wp-json\/wp\/v2\/comments?post=60206"}],"version-history":[{"count":0,"href":"https:\/\/www.europesays.com\/no\/wp-json\/wp\/v2\/posts\/60206\/revisions"}],"wp:featuredmedia":[{"embeddable":true,"href":"https:\/\/www.europesays.com\/no\/wp-json\/wp\/v2\/media\/60207"}],"wp:attachment":[{"href":"https:\/\/www.europesays.com\/no\/wp-json\/wp\/v2\/media?parent=60206"}],"wp:term":[{"taxonomy":"category","embeddable":true,"href":"https:\/\/www.europesays.com\/no\/wp-json\/wp\/v2\/categories?post=60206"},{"taxonomy":"post_tag","embeddable":true,"href":"https:\/\/www.europesays.com\/no\/wp-json\/wp\/v2\/tags?post=60206"}],"curies":[{"name":"wp","href":"https:\/\/api.w.org\/{rel}","templated":true}]}}