{"id":60214,"date":"2025-10-14T10:16:10","date_gmt":"2025-10-14T10:16:10","guid":{"rendered":"https:\/\/www.europesays.com\/no\/60214\/"},"modified":"2025-10-14T10:16:10","modified_gmt":"2025-10-14T10:16:10","slug":"erklaert-utryddet","status":"publish","type":"post","link":"https:\/\/www.europesays.com\/no\/60214\/","title":{"rendered":"Erkl\u00e6rt utryddet"},"content":{"rendered":"<p>  En av Europas mest s\u00e6rpregede trekkfugler har forsvunnet. N\u00e5 advarer eksperter om flere tap.<\/p>\n<p>\n    ALENE: Den siste smalnebbspoven ble sist observert i Marokko i 1995. Foto: Wikimedia Commons\n  <\/p>\n<p>    Kort fortalt<\/p>\n<ul lang=\"nb-NO\">\n<li>Smalnebbspoven er offisielt erkl\u00e6rt utryddet av IUCN.<\/li>\n<li>Siste observasjon var i Marokko i 1995, og arten er n\u00e5 globalt utryddet.<\/li>\n<li>Utryddelsen skyldes jakt, tap av v\u00e5tmarker og leveomr\u00e5der.<\/li>\n<li>Andre arter som lomvi er ogs\u00e5 truet, og det kreves rask handling.<\/li>\n<\/ul>\n<p class=\"italic ai-disclaimer\" data-lab-italic=\"italic\">Sammendraget er laget av ChatGPT og godkjent av Dagbladet.<\/p>\n<p>      Vis mer<br \/>\n      Vis mindre<\/p>\n<p>En av Europas tidligere mest s\u00e6rpregede trekkfugler er n\u00e5 borte for godt.\u00a0<\/p>\n<p><a href=\"https:\/\/iucn.org\/press-release\/202510\/arctic-seals-threatened-climate-change-birds-decline-globally-iucn-red-list\" rel=\"nofollow noopener\" target=\"_blank\">Den internasjonale naturvernunionen<\/a> (IUCN) har n\u00e5 offisielt erkl\u00e6rt smalnebbspoven som utryddet.\u00a0<\/p>\n<p class=\"font-weight-bold m-font-weight-bold\" data-lab-font_weight=\"font-weight-bold\">Det er f\u00f8rste gang en tidligere utbredt trekkfuglart i Europa, Nord-Afrika og Vest-Asia er registrert som globalt utryddet.<\/p>\n<p>Den siste bekreftede observasjonen ble gjort i Merja Zerga i Marokko 25. februar 1995, melder <a href=\"https:\/\/birdlife.no\/naturforvaltning\/nyheter\/?id=3843&amp;fbclid=IwZnRzaANaRVpleHRuA2FlbQIxMQABHgPuAnjKvXJ-cl9FHPgBUR4yCZwaZKtgeTAlXebMCyQUJum6QAM1TbJbtYnQ_aem_mBNBWwLT8oZNrXenBVECGw\" rel=\"nofollow noopener\" target=\"_blank\">BirdLife Norge<\/a>.<\/p>\n<p> BirdLife Norge er en norsk naturvernorganisasjon som jobber for \u00e5 beskytte fugler og deres leveomr\u00e5der.<br \/>\nDen het tidligere Norsk Ornitologisk Forening (NOF) <\/p>\n<p>&#8211; M\u00e5 handle raskt\t<\/p>\n<p>Etter ti\u00e5r med s\u00f8k og h\u00e5p om at arten fortsatt kunne finnes i skjul, er d\u00f8dsdommen n\u00e5 endelig.<\/p>\n<p>Amy Fraenkel, leder for Konvensjonen om vern av trekkende arter (Bonn-konvensjonen), sier at utryddelsen er en alvorlig advarsel:\u00a0<\/p>\n<p class=\"font-weight-bold m-font-weight-bold\" data-lab-font_weight=\"font-weight-bold\">&#8211; Dette viser hvor fort det kan g\u00e5 n\u00e5r beskyttelsen ikke kommer tidsnok. N\u00e5 m\u00e5 vi handle raskt for \u00e5 redde andre truede arter, som lomvien.<\/p>\n<p>        TOPPM\u00d8TE: Under et toppm\u00f8te i Egypt for \u00e5 diskutere Gazas framtid holdt president Donald Trump en tale hvor han takket alle de framm\u00f8tte. Jonas Gahr St\u00f8re var ogs\u00e5 p\u00e5 plass i Egypt, selv om Trump s\u00e5 ut til \u00e5 slite med \u00e5 lokalisere ham. Reporter: Edward Stenlund. Video: AP<\/p>\n<p>Advarsel for trekkfugler\t<\/p>\n<p>Smalnebbspoven ble tidlig registrert som truet, og allerede i 1979 ble den f\u00f8rt opp p\u00e5 listen over arter som trengte s\u00e6rskilt beskyttelse under Bonn-konvensjonen.\u00a0<\/p>\n<p>P\u00e5 1990-tallet trodde forskere at rundt 50 individer gjensto, men tiltakene kom for sent.<\/p>\n<p>If\u00f8lge IUCN skyldes utryddelsen en kombinasjon av jakt, \u00f8deleggelse av v\u00e5tmarker og tap av leveomr\u00e5der langs trekkrutene.<\/p>\n<p>N\u00e5 st\u00e5r flere andre vadefugler i fare, som tundralo, sm\u00e5spove, myrsnipe, steinvender og fj\u00e6replytt.\u00a0<\/p>\n<p class=\"font-weight-bold m-font-weight-bold\" data-lab-font_weight=\"font-weight-bold\">I Norge er b\u00e5de sm\u00e5spove og steinvender allerede r\u00f8dlistet som \u00abn\u00e6r truet\u00bb.<\/p>\n<p>Lomvien i fritt fall\t<\/p>\n<p>Samtidig peker forskere p\u00e5 at utviklingen for lomvien er et skremmende parallelltilfelle.\u00a0<\/p>\n<p>Dagbladet skrev tirsdag at bestanden av lomvi i Norge <a href=\"https:\/\/www.dagbladet.no\/nyheter\/frykter-massedod-skummelt\/83714970\" rel=\"nofollow noopener\" target=\"_blank\">har stupt med opptil 90 prosent siden 1960-tallet<\/a>.<\/p>\n<p>Frivillige jobber n\u00e5 p\u00e5 spreng for \u00e5 redde lomvier som havner p\u00e5 land i Oslo.<\/p>\n<p>    <a itemprop=\"url\" href=\"https:\/\/www.dagbladet.no\/nyheter\/frykter-massedod-skummelt\/83714970\" rel=\"nofollow noopener\" target=\"_blank\"><\/p>\n<p>      <img loading=\"lazy\" decoding=\"async\" src=\"https:\/\/www.europesays.com\/no\/wp-content\/uploads\/2025\/10\/83716406.webp\" width=\"147\" height=\"98\" title=\"Frykter massed\u00f8d: - Skummelt\" alt=\"\" class=\"lazyload\" style=\"--aspect-ratio-image: 1.50; \"\/><\/p>\n<p>        Frykter massed\u00f8d: &#8211; Skummelt<\/p>\n<p>    <\/a><\/p>\n<p>Lomvien er n\u00e5 klassifisert som kritisk truet p\u00e5 fastlandet og \u00abn\u00e6r truet\u00bb p\u00e5 Svalbard.\u00a0<\/p>\n<p>Tap av byttefisk, klimaendringer og oljeforurensning regnes som de viktigste \u00e5rsakene.<\/p>\n<p>Sj\u00f8fuglforsker Benjamin Merkel ved Norsk Polarinstitutt har advart mot konsekvensene av \u00f8kende oljeaktivitet i lomviens leveomr\u00e5der.\u00a0<\/p>\n<p>Under myteperioden mister fuglene flygeevnen og er helt avhengige av trygge omr\u00e5der &#8211; noe som gj\u00f8r dem ekstra s\u00e5rbare for oljes\u00f8l og matmangel.<\/p>\n<p>          <img loading=\"lazy\" decoding=\"async\" src=\"https:\/\/www.europesays.com\/no\/wp-content\/uploads\/2025\/10\/83715108.webp\" width=\"980\" height=\"559\" title=\"\u00c9N AV F\u00c5: En lomvi sv\u00f8mmer rundt i Bj\u00f8rvika ved Operaen.Foto: \u00d8rn E. Borgen \/ NTB\" alt=\"\" class=\"\" style=\"--aspect-ratio-image: 1.75; \"\/><\/p>\n<p>\n          \u00c9N AV F\u00c5: En lomvi sv\u00f8mmer rundt i Bj\u00f8rvika ved Operaen.Foto: \u00d8rn E. Borgen \/ NTB\n      <\/p>\n<p>H\u00e5p om snuoperasjon\t<\/p>\n<p>Selv om smalnebbspoven n\u00e5 er tapt, finnes det eksempler p\u00e5 arter som har snudd utviklingen.\u00a0<\/p>\n<p>R\u00f8dglente ble i 2020 nedgradert fra \u00abn\u00e6r truet\u00bb til \u00ablivskraftig\u00bb p\u00e5 IUCNs r\u00f8dliste etter m\u00e5lrettet vern og tiltak mot forgiftning og ulovlig jakt.<\/p>\n<p>Naturvernorganisasjoner h\u00e5per n\u00e5 at smalnebbspovens skjebne vil bli en vekker f\u00f8r flere fuglearter g\u00e5r samme vei.\u00a0<\/p>\n<p>    <a itemprop=\"url\" href=\"https:\/\/www.dagbladet.no\/nyheter\/na-snur-det-betydelig-kaldere\/83718302\" rel=\"nofollow noopener\" target=\"_blank\"><\/p>\n<p>      <img loading=\"lazy\" decoding=\"async\" src=\"https:\/\/www.europesays.com\/no\/wp-content\/uploads\/2025\/10\/83718898.webp\" width=\"980\" height=\"441\" title=\"N\u00e5 snur det: - Betydelig kaldere\" alt=\"\" class=\"lazyload\" style=\"--aspect-ratio-image: 2.22; \"\/><\/p>\n<p>        N\u00e5 snur det: &#8211; Betydelig kaldere<\/p>\n<p>    <\/a><\/p>\n<p>Kommende toppm\u00f8ter i Bonn og Brasil i 2026 skal styrke det internasjonale samarbeidet for vern av trekkfugler.<\/p>\n<p>&#8211; Smalnebbspoven er borte, men vi kan fortsatt redde de neste, sier Jacques Trouvilliez fra den afrikansk-eurasiske vannfuglavtalen (AEWA).<\/p>\n","protected":false},"excerpt":{"rendered":"En av Europas mest s\u00e6rpregede trekkfugler har forsvunnet. N\u00e5 advarer eksperter om flere tap. ALENE: Den siste smalnebbspoven&hellip;\n","protected":false},"author":2,"featured_media":60215,"comment_status":"","ping_status":"","sticky":false,"template":"","format":"standard","meta":{"footnotes":""},"categories":[10],"tags":[20,21,24,25,15,2539,22,23,13,30,28,29,14,16,26,27],"class_list":{"0":"post-60214","1":"post","2":"type-post","3":"status-publish","4":"format-standard","5":"has-post-thumbnail","7":"category-norge","8":"tag-breaking-news","9":"tag-breakingnews","10":"tag-featured-news","11":"tag-featurednews","12":"tag-headlines","13":"tag-innenriks","14":"tag-latest-news","15":"tag-latestnews","16":"tag-news","17":"tag-no","18":"tag-norge","19":"tag-norway","20":"tag-nyheter","21":"tag-overskrifter","22":"tag-top-stories","23":"tag-topstories"},"share_on_mastodon":{"url":"","error":""},"_links":{"self":[{"href":"https:\/\/www.europesays.com\/no\/wp-json\/wp\/v2\/posts\/60214","targetHints":{"allow":["GET"]}}],"collection":[{"href":"https:\/\/www.europesays.com\/no\/wp-json\/wp\/v2\/posts"}],"about":[{"href":"https:\/\/www.europesays.com\/no\/wp-json\/wp\/v2\/types\/post"}],"author":[{"embeddable":true,"href":"https:\/\/www.europesays.com\/no\/wp-json\/wp\/v2\/users\/2"}],"replies":[{"embeddable":true,"href":"https:\/\/www.europesays.com\/no\/wp-json\/wp\/v2\/comments?post=60214"}],"version-history":[{"count":0,"href":"https:\/\/www.europesays.com\/no\/wp-json\/wp\/v2\/posts\/60214\/revisions"}],"wp:featuredmedia":[{"embeddable":true,"href":"https:\/\/www.europesays.com\/no\/wp-json\/wp\/v2\/media\/60215"}],"wp:attachment":[{"href":"https:\/\/www.europesays.com\/no\/wp-json\/wp\/v2\/media?parent=60214"}],"wp:term":[{"taxonomy":"category","embeddable":true,"href":"https:\/\/www.europesays.com\/no\/wp-json\/wp\/v2\/categories?post=60214"},{"taxonomy":"post_tag","embeddable":true,"href":"https:\/\/www.europesays.com\/no\/wp-json\/wp\/v2\/tags?post=60214"}],"curies":[{"name":"wp","href":"https:\/\/api.w.org\/{rel}","templated":true}]}}