{"id":60216,"date":"2025-10-14T10:17:19","date_gmt":"2025-10-14T10:17:19","guid":{"rendered":"https:\/\/www.europesays.com\/no\/60216\/"},"modified":"2025-10-14T10:17:19","modified_gmt":"2025-10-14T10:17:19","slug":"bianca-ingrosso-lanserer-ny-klokke-moter-kopikritikk","status":"publish","type":"post","link":"https:\/\/www.europesays.com\/no\/60216\/","title":{"rendered":"Bianca Ingrosso lanserer ny klokke: M\u00f8ter kopikritikk"},"content":{"rendered":"<p class=\"kicker \" style=\"\">Mote<\/p>\n<p>  Bianca Ingrosso svarer p\u00e5 kritikken.<\/p>\n<p>\n    KLOKKEKRITIKK: Smykkemerkets nye klokke f\u00e5r kopikritikk. Foto: PR. Collage: KK.\n  <\/p>\n<p>Denne uken slapp Ani Jewels nyheten om at smykkemerket, som drives av Bianca Ingrosso og Louisa Worge, n\u00e5 lanserer sin aller f\u00f8rste klokke.<\/p>\n<p>\u00abKatta er ute av sekken\u00bb, skriver Ingrosso p\u00e5 Instagram til sine 1,4 millioner f\u00f8lgere.<\/p>\n<p>\u00abEtter \u00e5r med \u00e5 dr\u00f8mme, planlegge og designe slipper vi n\u00e5 v\u00e5r f\u00f8rste klokke\u00bb.\u00a0<\/p>\n<p>    <a itemprop=\"url\" href=\"https:\/\/www.kk.no\/mote\/utsolgt-pa-fa-timer\/83641321\" rel=\"nofollow noopener\" target=\"_blank\"><\/p>\n<p>      <img loading=\"lazy\" decoding=\"async\" src=\"https:\/\/www.europesays.com\/no\/wp-content\/uploads\/2025\/10\/83641500.webp\" width=\"980\" height=\"441\" title=\"Utsolgt p\u00e5 f\u00e5 timer\" alt=\"\" class=\"lazyload\" style=\"--aspect-ratio-image: 2.22; \"\/><\/p>\n<p>        Utsolgt p\u00e5 f\u00e5 timer<\/p>\n<p>    <\/a><\/p>\n<p class=\"font-weight-bold m-font-weight-bold\" data-lab-font_weight=\"font-weight-bold\">Men f\u00f8r klokken i det hele tatt er kommet i salg, hagler kopiananklagene.<\/p>\n<p class=\"font-weight-bold m-font-weight-bold\" data-lab-font_weight=\"font-weight-bold\">\u00abDet er jo bare en ren kopi av Cartier Tank\u00bb, skriver en i kommentarfeltet.\u00a0<\/p>\n<p class=\"font-weight-normal m-font-weight-normal\" data-lab-font_weight=\"font-weight-normal\">\u00abDet er virkelig flaut\u00bb, skriver en annen.<\/p>\n<p>          <img loading=\"lazy\" decoding=\"async\" src=\"https:\/\/www.europesays.com\/no\/wp-content\/uploads\/2025\/10\/1760437033_539_83689342.webp\" width=\"980\" height=\"1470\" title=\"SVARER: Bianca Ingrosso svarer p\u00e5 kritikken i eget kommentarfelt. Foto: NTB.\" alt=\"\" class=\"\" style=\"--aspect-ratio-image: 0.67; \"\/><\/p>\n<p>\n          SVARER: Bianca Ingrosso svarer p\u00e5 kritikken i eget kommentarfelt. Foto: NTB.\n      <\/p>\n<p class=\"font-weight-bold m-font-weight-bold\" data-lab-font_weight=\"font-weight-bold\">Mandag kveld svarer Ingrosso f\u00f8lgerne p\u00e5 kritikken i sitt eget kommentarfelt.\u00a0<\/p>\n<p>    Bianca Ingrosso svarer p\u00e5 kopikritikk<\/p>\n<p lang=\"nb-NO\">Ani Jewels lanserer sin f\u00f8rste klokke, Ventiquattro.<\/p>\n<p lang=\"nb-NO\">Bianca Ingrosso m\u00f8ter kritikk for \u00e5 kopiere Cartier Tank.<\/p>\n<p lang=\"nb-NO\">Hun forsvarer designet som en klassisk inspirasjon.<\/p>\n<p lang=\"nb-NO\">Fansen er delt i sine reaksjoner p\u00e5 klokken.<\/p>\n<p lang=\"nb-NO\">Klokken lanseres 26. oktober med stor interesse.<\/p>\n<p class=\"italic ai-disclaimer\" data-lab-italic=\"italic\">Sammendraget er laget av ChatGPT og godkjent av KK.<\/p>\n<p>      Vis mer<br \/>\n      Vis mindre<\/p>\n<p>\u00abVi inspireres av klokkehistoriens mest ikoniske former, og tankformen er en av dem. Det er ikke en form som eies av ett varemerke, men en designklassiker som tolkes av flere gjennom ti\u00e5r\u00bb, skriver hun.<\/p>\n<p>          <img loading=\"lazy\" decoding=\"async\" src=\"https:\/\/www.europesays.com\/no\/wp-content\/uploads\/2025\/10\/83720567.webp\" width=\"980\" height=\"1402\" title=\"ORIGINALEN: En Cartier Tank Musk. Denne varianten har en prislapp p\u00e5 80 000 kroner. Foto: PR.\" alt=\"\" class=\"\" style=\"--aspect-ratio-image: 0.70; \"\/><\/p>\n<p>\n          ORIGINALEN: En Cartier Tank Musk. Denne varianten har en prislapp p\u00e5 80 000 kroner. Foto: PR.\n      <\/p>\n<p class=\"font-weight-bold m-font-weight-bold\" data-lab-font_weight=\"font-weight-bold\">\u00abV\u00e5r versjon speiler v\u00e5r stil, en tidl\u00f8s klassisk klokke\u00bb, skriver hun videre.\u00a0<\/p>\n<p>    <a itemprop=\"url\" href=\"https:\/\/www.kk.no\/mote\/apner-i-norge\/83482267\" rel=\"nofollow noopener\" target=\"_blank\"><\/p>\n<p>      <img loading=\"lazy\" decoding=\"async\" src=\"https:\/\/www.europesays.com\/no\/wp-content\/uploads\/2025\/10\/83482296.webp\" width=\"980\" height=\"441\" title=\"\u00c5pner i Norge\" alt=\"\" class=\"lazyload\" style=\"--aspect-ratio-image: 2.22; \"\/><\/p>\n<p>        \u00c5pner i Norge<\/p>\n<p>    <\/a><\/p>\n<p>\u00abOg det her er bare starten p\u00e5 v\u00e5r klokkesortiment, s\u00e5 ikke v\u00e6r redd\u00bb.\u00a0<\/p>\n<p class=\"font-weight-bold m-font-weight-bold\" data-lab-font_weight=\"font-weight-bold\">F\u00f8lgerne er imidlertid ikke n\u00e5dige.\u00a0<\/p>\n<p>          <img loading=\"lazy\" decoding=\"async\" src=\"https:\/\/www.europesays.com\/no\/wp-content\/uploads\/2025\/10\/83720581.webp\" width=\"980\" height=\"1304\" title=\"ANI-KLOKKEN: Inspirasjonen er \u00e5penbar, men hvor g\u00e5r grensen? Foto: PR.\" alt=\"\" class=\"\" style=\"--aspect-ratio-image: 0.75; \"\/><\/p>\n<p>\n          ANI-KLOKKEN: Inspirasjonen er \u00e5penbar, men hvor g\u00e5r grensen? Foto: PR.\n      <\/p>\n<p>\u00abDa har dere jo ikke planlagt eller designet. Copy and paste\u00bb, skriver en.<\/p>\n<p>Men duoen f\u00e5r ogs\u00e5 st\u00f8tte fra fansen.<\/p>\n<p>    <a itemprop=\"url\" href=\"https:\/\/www.kk.no\/mote\/stenger-ned-eget-merke\/83440603\" rel=\"nofollow noopener\" target=\"_blank\"><\/p>\n<p>      <img loading=\"lazy\" decoding=\"async\" src=\"https:\/\/www.europesays.com\/no\/wp-content\/uploads\/2025\/10\/83440694.webp\" width=\"980\" height=\"441\" title=\"Stenger ned eget merke\" alt=\"\" class=\"lazyload\" style=\"--aspect-ratio-image: 2.22; \"\/><\/p>\n<p>        Stenger ned eget merke<\/p>\n<p>    <\/a><\/p>\n<p>\u00abDet er vel bare bra at vi f\u00e5r muligheten til \u00e5 kj\u00f8pe noe fint for en tidel av prisen en Cartier koster\u00bb, skriver en annen.<\/p>\n<p>Ogs\u00e5 svenske <a href=\"https:\/\/www.breakit.se\/artikel\/44429\/anis-klocka-anklagas-for-att-vara-cartier-kopia-bianca-ingrosso-vi-inspireras\" rel=\"nofollow noopener\" target=\"_blank\">Breakit <\/a>omtaler kritikken.<\/p>\n<p>De lastet et bilde av klokken opp i Chat GPT for \u00e5 sp\u00f8rre hvilken modell det var.<\/p>\n<p class=\"font-weight-bold m-font-weight-bold\" data-lab-font_weight=\"font-weight-bold\">Og svaret? Cartier Tank Must.\u00a0<\/p>\n<p class=\"font-weight-bold m-font-weight-bold\" data-lab-font_weight=\"font-weight-bold\">En av verdens aller mest ikoniske, og ogs\u00e5 hyppig kopierte, klokkemodeller.\u00a0<\/p>\n<p class=\"font-weight-normal m-font-weight-normal\" data-lab-font_weight=\"font-weight-normal\">Til den svenske nyhetssiden sier Ani Jewels-sjef\u00a0Camilla Tullberg Wengholm:<\/p>\n<p>          <img loading=\"lazy\" decoding=\"async\" src=\"https:\/\/www.europesays.com\/no\/wp-content\/uploads\/2025\/10\/83720505.webp\" width=\"980\" height=\"1304\" title=\"KOPI ELLER INSPIRASJON: Louisa Worge med den nye Ani-klokken. Foto: PR.\" alt=\"\" class=\"\" style=\"--aspect-ratio-image: 0.75; \"\/><\/p>\n<p>\n          KOPI ELLER INSPIRASJON: Louisa Worge med den nye Ani-klokken. Foto: PR.\n      <\/p>\n<p class=\"font-weight-normal m-font-weight-normal\" data-lab-font_weight=\"font-weight-normal\">\u2013 Vi har full forst\u00e5else for at mange assosierer denne typen design med klassiske modeller, tankformen er en av de mest ikoniske silhuettene i klokkehistorien. N\u00e5r vi lagde v\u00e5re f\u00f8rste klokker ble vi inspirert nettopp av de tidl\u00f8se formene som har st\u00e5tt seg gjennom generasjoner, men tolket de ut fra Anis eget uttrykk og design-DNA. Det er ikke en form som eies av et spesifikt varemerke, men en designklassiker som er blitt tolket og videreutviklet av mange store varemerker gjennom tidene.\u00a0<\/p>\n<p>    <a itemprop=\"url\" href=\"https:\/\/www.kk.no\/mote\/i-monsterko-for-dette\/82999863\" rel=\"nofollow noopener\" target=\"_blank\"><\/p>\n<p>      <img loading=\"lazy\" decoding=\"async\" src=\"https:\/\/www.europesays.com\/no\/wp-content\/uploads\/2025\/10\/83000448.webp\" width=\"980\" height=\"441\" title=\"I monsterk\u00f8 for dette\" alt=\"\" class=\"lazyload\" style=\"--aspect-ratio-image: 2.22; \"\/><\/p>\n<p>        I monsterk\u00f8 for dette<\/p>\n<p>    <\/a><\/p>\n<p>Klokken, som har f\u00e5tt navnet Ventiquattro \u2013 italiensk for tjuefire \u2013 kommer b\u00e5de s\u00f8lv- og gullbelagt med to stropper; en i skinn og en i rustfritt st\u00e5l.<\/p>\n<p>\u00abTo uttrykk, \u00e9n klokke\u00bb, skriver Ingrosso.<\/p>\n<p>Klokken lanseres 26. oktober, men allerede n\u00e5 koker det i kommentarfeltet.<\/p>\n<p>\u00abEr det bare meg som trodde at det var en reklame for briller?\u00bb, sp\u00f8r en annen.<\/p>\n","protected":false},"excerpt":{"rendered":"Mote Bianca Ingrosso svarer p\u00e5 kritikken. KLOKKEKRITIKK: Smykkemerkets nye klokke f\u00e5r kopikritikk. Foto: PR. Collage: KK. Denne uken&hellip;\n","protected":false},"author":2,"featured_media":60217,"comment_status":"","ping_status":"","sticky":false,"template":"","format":"standard","meta":{"footnotes":""},"categories":[5],"tags":[8864,1324,20,21,8865,24,25,15,19,8866,8863,8868,1857,22,23,8867,17,18,4024,13,30,28,29,14,16,26,27],"class_list":{"0":"post-60216","1":"post","2":"type-post","3":"status-publish","4":"format-standard","5":"has-post-thumbnail","7":"category-overskrifter","8":"tag-ani-jewels","9":"tag-bianca-ingrosso","10":"tag-breaking-news","11":"tag-breakingnews","12":"tag-cartier","13":"tag-featured-news","14":"tag-featurednews","15":"tag-headlines","16":"tag-hovedoppslag","17":"tag-klokker","18":"tag-kopi","19":"tag-kopianklager","20":"tag-kritikk","21":"tag-latest-news","22":"tag-latestnews","23":"tag-lovisa-worge","24":"tag-main-news","25":"tag-mainnews","26":"tag-mote","27":"tag-news","28":"tag-no","29":"tag-norge","30":"tag-norway","31":"tag-nyheter","32":"tag-overskrifter","33":"tag-top-stories","34":"tag-topstories"},"share_on_mastodon":{"url":"","error":""},"_links":{"self":[{"href":"https:\/\/www.europesays.com\/no\/wp-json\/wp\/v2\/posts\/60216","targetHints":{"allow":["GET"]}}],"collection":[{"href":"https:\/\/www.europesays.com\/no\/wp-json\/wp\/v2\/posts"}],"about":[{"href":"https:\/\/www.europesays.com\/no\/wp-json\/wp\/v2\/types\/post"}],"author":[{"embeddable":true,"href":"https:\/\/www.europesays.com\/no\/wp-json\/wp\/v2\/users\/2"}],"replies":[{"embeddable":true,"href":"https:\/\/www.europesays.com\/no\/wp-json\/wp\/v2\/comments?post=60216"}],"version-history":[{"count":0,"href":"https:\/\/www.europesays.com\/no\/wp-json\/wp\/v2\/posts\/60216\/revisions"}],"wp:featuredmedia":[{"embeddable":true,"href":"https:\/\/www.europesays.com\/no\/wp-json\/wp\/v2\/media\/60217"}],"wp:attachment":[{"href":"https:\/\/www.europesays.com\/no\/wp-json\/wp\/v2\/media?parent=60216"}],"wp:term":[{"taxonomy":"category","embeddable":true,"href":"https:\/\/www.europesays.com\/no\/wp-json\/wp\/v2\/categories?post=60216"},{"taxonomy":"post_tag","embeddable":true,"href":"https:\/\/www.europesays.com\/no\/wp-json\/wp\/v2\/tags?post=60216"}],"curies":[{"name":"wp","href":"https:\/\/api.w.org\/{rel}","templated":true}]}}