{"id":60250,"date":"2025-10-14T10:59:10","date_gmt":"2025-10-14T10:59:10","guid":{"rendered":"https:\/\/www.europesays.com\/no\/60250\/"},"modified":"2025-10-14T10:59:10","modified_gmt":"2025-10-14T10:59:10","slug":"vil-statsministeren-omsider-innromme-at-han-tok-feil","status":"publish","type":"post","link":"https:\/\/www.europesays.com\/no\/60250\/","title":{"rendered":"\u2013 Vil statsministeren omsider innr\u00f8mme at han tok feil?"},"content":{"rendered":"<p class=\"kicker text-red color_mobile_text-red\" style=\"\">Listhaug utfordret St\u00f8re:<\/p>\n<p>  Skal vi stoppe gjengene, m\u00e5 vi stoppe nyrekruttering, sier statsminister Jonas Gahr St\u00f8re (Ap). Han erkjenner at unge har blitt m\u00f8tt med misforst\u00e5tt snillhet.<\/p>\n<p>\n    Statsminister Jonas Gahr St\u00f8re (Ap) og Sylvi Listhaug (Frp) barket sammen om gjengkrim i trontaledebatten tirsdag. Foto: Javad Parsa \/ NTB\n  <\/p>\n<p>Statsministeren tok temaet om ungdomskriminalitet opp da han innledet dag to av trontaledebatten.<\/p>\n<p>Regjeringen er kompromissl\u00f8se i m\u00f8te med barne- og ungdomskriminaliteten, erkl\u00e6rte han, og listet opp tiltak som er satt i gang:<\/p>\n<p>* flere hurtigspor i domstolene<\/p>\n<p>* straffen skjerpes for \u00e5 b\u00e6re kniv p\u00e5 gata<\/p>\n<p>* flere plasser i ungdomsenhetene<\/p>\n<p>* \u00e9n-til-\u00e9n-oppf\u00f8lging overfor enkelte unge<\/p>\n<p>* forslag om \u00e5 endre loven for \u00e5 \u00e5pne for forsterkede barnevernsinstitusjoner<\/p>\n<p>    <a itemprop=\"url\" href=\"https:\/\/sol.no\/nyheter\/forsvant-i-1994-mann-pagrepet\/83720115\" rel=\"nofollow noopener\" target=\"_blank\"><\/p>\n<p>      <img loading=\"lazy\" decoding=\"async\" src=\"https:\/\/www.europesays.com\/no\/wp-content\/uploads\/2025\/10\/83720657.webp\" width=\"980\" height=\"441\" title=\"Forsvant i 1994 - mann p\u00e5grepet\" alt=\"\" class=\"lazyload\" style=\"--aspect-ratio-image: 2.22; \"\/><\/p>\n<p>        Forsvant i 1994 &#8211; mann p\u00e5grepet <\/p>\n<p>sol.no<\/p>\n<p>    <\/a><\/p>\n<p>\u2013 Snillhet og forst\u00e5else\t<\/p>\n<p>For \u00e5 stoppe gjengene m\u00e5 man stoppe nyrekrutteringen, fortsatte St\u00f8re.<\/p>\n<p>\u2013 Av og til har samfunnet m\u00f8tt unge med misforst\u00e5tt snillhet og overdreven forst\u00e5else. Vi er tydelige p\u00e5 at unge mennesker skal m\u00f8tes med forventninger og ambisjoner, sa han.<\/p>\n<p>Erkjennelsen gjorde lite inntrykk p\u00e5 Frp-leder Sylvi Listhaug. Arbeiderpartiet har i en \u00e5rrekke fors\u00f8kt \u00e5 latterliggj\u00f8re Frp for \u00e5 advare mot svenske tilstander, sa hun.<\/p>\n<p>St\u00f8re har gang p\u00e5 gang beskrevet det som skjer i det norske gjengmilj\u00f8et som veldig ulikt det vi ser i Sverige, framholdt Listhaug, og utfordret:<\/p>\n<p>\u2013 Vil statsministeren omsider innr\u00f8mme at han tok feil?<\/p>\n<p>    <a itemprop=\"url\" href=\"https:\/\/sol.no\/video\/konfronteres-med-intim-foresporsel\/Qt66Nevo\" rel=\"nofollow noopener\" target=\"_blank\"><\/p>\n<p>      <img loading=\"lazy\" decoding=\"async\" src=\"https:\/\/www.europesays.com\/no\/wp-content\/uploads\/2025\/10\/83720378.webp\" width=\"147\" height=\"98\" title=\"Konfronteres med intim foresp\u00f8rsel\" alt=\"\" class=\"lazyload\" style=\"--aspect-ratio-image: 1.50; \"\/><\/p>\n<p>        Konfronteres med intim foresp\u00f8rsel<\/p>\n<p>sol.no<\/p>\n<p>    <\/a><\/p>\n<p>Etterlyste samfunnsvern mot unge kriminelle\t<\/p>\n<p>Ingen slik innr\u00f8mmelse kom fra St\u00f8re. I stedet mente han at gjengkriminaliteten begynte \u00e5 \u00f8ke mens Frp satt i regjering, og viste til at partiet hadde sju justisministre i regjeringsperioden. Dessuten trekker Norge l\u00e6rdom av kolleger i Sverige og andre land blant annet gjennom politisamarbeid, p\u00e5pekte han.<\/p>\n<p>Mens Frps jusisminsitre fikk gjennomf\u00f8rt mye, har de to justisministrene som har sittet i St\u00f8re-regjeringen, ikke gjort noen ting, kontret Llisthaug, som mener de siste ukers hendelser illustrerer at det g\u00e5r i feil retning.<\/p>\n<p>Regjeringen snakker om barns beste, men hvilke barn snakker vi om? spurte hun, og etterlyste samfunnsvern mot kriminelle ungdommer.<\/p>\n<p>\u2013 Er det de som ikke kan h\u00e5ndteres p\u00e5 riktig m\u00e5te, som f\u00e5r herje rundt? Eller er det dem som sitter redde hjemme \u2013 som ikke f\u00e5r g\u00e5 p\u00e5 trening eller skole, sa Listhaug.<\/p>\n","protected":false},"excerpt":{"rendered":"Listhaug utfordret St\u00f8re: Skal vi stoppe gjengene, m\u00e5 vi stoppe nyrekruttering, sier statsminister Jonas Gahr St\u00f8re (Ap). Han&hellip;\n","protected":false},"author":2,"featured_media":60251,"comment_status":"","ping_status":"","sticky":false,"template":"","format":"standard","meta":{"footnotes":""},"categories":[10],"tags":[20,21,24,25,6438,15,201,22,23,13,30,28,29,14,16,41,200,26,27],"class_list":{"0":"post-60250","1":"post","2":"type-post","3":"status-publish","4":"format-standard","5":"has-post-thumbnail","7":"category-norge","8":"tag-breaking-news","9":"tag-breakingnews","10":"tag-featured-news","11":"tag-featurednews","12":"tag-gjengkriminalitet","13":"tag-headlines","14":"tag-jonas-gahr-store","15":"tag-latest-news","16":"tag-latestnews","17":"tag-news","18":"tag-no","19":"tag-norge","20":"tag-norway","21":"tag-nyheter","22":"tag-overskrifter","23":"tag-politikk","24":"tag-sylvi-listhaug","25":"tag-top-stories","26":"tag-topstories"},"share_on_mastodon":{"url":"","error":""},"_links":{"self":[{"href":"https:\/\/www.europesays.com\/no\/wp-json\/wp\/v2\/posts\/60250","targetHints":{"allow":["GET"]}}],"collection":[{"href":"https:\/\/www.europesays.com\/no\/wp-json\/wp\/v2\/posts"}],"about":[{"href":"https:\/\/www.europesays.com\/no\/wp-json\/wp\/v2\/types\/post"}],"author":[{"embeddable":true,"href":"https:\/\/www.europesays.com\/no\/wp-json\/wp\/v2\/users\/2"}],"replies":[{"embeddable":true,"href":"https:\/\/www.europesays.com\/no\/wp-json\/wp\/v2\/comments?post=60250"}],"version-history":[{"count":0,"href":"https:\/\/www.europesays.com\/no\/wp-json\/wp\/v2\/posts\/60250\/revisions"}],"wp:featuredmedia":[{"embeddable":true,"href":"https:\/\/www.europesays.com\/no\/wp-json\/wp\/v2\/media\/60251"}],"wp:attachment":[{"href":"https:\/\/www.europesays.com\/no\/wp-json\/wp\/v2\/media?parent=60250"}],"wp:term":[{"taxonomy":"category","embeddable":true,"href":"https:\/\/www.europesays.com\/no\/wp-json\/wp\/v2\/categories?post=60250"},{"taxonomy":"post_tag","embeddable":true,"href":"https:\/\/www.europesays.com\/no\/wp-json\/wp\/v2\/tags?post=60250"}],"curies":[{"name":"wp","href":"https:\/\/api.w.org\/{rel}","templated":true}]}}