{"id":60270,"date":"2025-10-14T11:30:09","date_gmt":"2025-10-14T11:30:09","guid":{"rendered":"https:\/\/www.europesays.com\/no\/60270\/"},"modified":"2025-10-14T11:30:09","modified_gmt":"2025-10-14T11:30:09","slug":"pierpaolo-piccioli-roper-detaljer-om-hertuginne-meghan-en-overraskelse-dagbladet","status":"publish","type":"post","link":"https:\/\/www.europesays.com\/no\/60270\/","title":{"rendered":"Pierpaolo Piccioli r\u00f8per detaljer om hertuginne Meghan: &#8211; En overraskelse &#8211; Dagbladet"},"content":{"rendered":"<ol>\n<li><a href=\"https:\/\/news.google.com\/rss\/articles\/CBMicEFVX3lxTE9hdmFoQ3NNcHdudVZkOGxsVUdXQUlhOER6ZFpTbFd2QUNzY2pYbUZaY1hkaXlVaFh5MWdKRXA1blh0c3k1Q2o2djNvNjY3YUphTTR4Vy0waC1EWWdiWXU2dGVXV1NQaG5NbVdFSWl3b1o?oc=5\" target=\"_blank\" rel=\"nofollow noopener\">Pierpaolo Piccioli r\u00f8per detaljer om hertuginne Meghan: &#8211; En overraskelse<\/a>&nbsp;&nbsp;Dagbladet<\/li>\n<li><a href=\"https:\/\/news.google.com\/rss\/articles\/CBMiX0FVX3lxTFA2TWdaM290TWRtUjJZRWRScTQ5aFpTRG81MXJpNEdzY3VpV1pmcU1RUldBSS1DZU9kSURXQzlJbFRHTFo5VnQ3SjE5MUNYYlpqU1V3X0lNQ0VxWkFKNGww?oc=5\" target=\"_blank\" rel=\"nofollow noopener\">Hertuginne Meghan overrasket: F\u00f8rste gang<\/a>&nbsp;&nbsp;seher.no<\/li>\n<li><a href=\"https:\/\/news.google.com\/rss\/articles\/CBMiZEFVX3lxTE9pU3VSM0JhUThkM2VUaVQ2YWI5akV3eTZtNmNJdlRtM2lLQlVodlZNYV9oWUJZRGtXcllxXzBJaG9jbUUwQVFrWmx5MXVyYk9NdnRsX3BVaWE4czBUaEhXbkNjSXQ?oc=5\" target=\"_blank\" rel=\"nofollow noopener\">\u2013 Det var jammen p\u00e5 tide<\/a>&nbsp;&nbsp;kk.no<\/li>\n<li><a href=\"https:\/\/news.google.com\/rss\/articles\/CBMiywFBVV95cUxQTmhkMkM3UlIyb3NEUWpsRHRHSVhEN3RaNDM0ckhTV0k4THZTcU1jOW8ydWlEcHhONFl5R1NjTWx3aEQ1RG45cWduSzBfamFZd3BfSlE5NUtkcWkzb3FEb2wtdk9IWlgxS0xIQkg4SnhCMFh4TjdjRFNIOUNEVUJYd0lJTXJkalQ5cFlSSUppYWxXWTlDUlFNSVgycC1KdUFEaU51ZmNaRGNnczZ4YXNaZ0oxRFJYbWFrUnVCZ3dFMnpiZEs4S1gyRlowNA?oc=5\" target=\"_blank\" rel=\"nofollow noopener\">Meghan Markle overrasket alle p\u00e5 Balenciagas visning i Paris<\/a>&nbsp;&nbsp;Elle<\/li>\n<li><a href=\"https:\/\/news.google.com\/rss\/articles\/CBMiqwFBVV95cUxObG80UGtnNDFfUmpBVjY4Q3dlR25CbzRWOG9oVk9iQl9XbWxCWW9JSmVLcU91cHJjclljVDRiWTV1NDZ2TXBxV0Y1T1AwT0RIS0pzSWpDaGRVRE9XYWpPcjRfaXlSTlJMR3VEdGtoWWh6eV8tNHVMci1fZ0ZJZnF0RVY4NUlNbkdWVlVaU25YNVFaZk1qb0hrb0RCR0tRSnVoUV84bTg5UlJzNlU?oc=5\" target=\"_blank\" rel=\"nofollow noopener\">Meghan Markle overrasket alle: Tilbake i Europa for f\u00f8rste gang p\u00e5 to \u00e5r<\/a>&nbsp;&nbsp;Dagens.no<\/li>\n<\/ol>\n","protected":false},"excerpt":{"rendered":"Pierpaolo Piccioli r\u00f8per detaljer om hertuginne Meghan: &#8211; En overraskelse&nbsp;&nbsp;Dagbladet Hertuginne Meghan overrasket: F\u00f8rste gang&nbsp;&nbsp;seher.no \u2013 Det var&hellip;\n","protected":false},"author":2,"featured_media":60271,"comment_status":"","ping_status":"","sticky":false,"template":"","format":"standard","meta":{"footnotes":""},"categories":[58],"tags":[8172,71,1299,479,30,28,29,8169,72],"class_list":{"0":"post-60270","1":"post","2":"type-post","3":"status-publish","4":"format-standard","5":"has-post-thumbnail","7":"category-underholdning","8":"tag-balenciaga","9":"tag-entertainment","10":"tag-hertuginne-meghan","11":"tag-kjendis","12":"tag-no","13":"tag-norge","14":"tag-norway","15":"tag-pierpaolo-piccioli","16":"tag-underholdning"},"share_on_mastodon":{"url":"","error":""},"_links":{"self":[{"href":"https:\/\/www.europesays.com\/no\/wp-json\/wp\/v2\/posts\/60270","targetHints":{"allow":["GET"]}}],"collection":[{"href":"https:\/\/www.europesays.com\/no\/wp-json\/wp\/v2\/posts"}],"about":[{"href":"https:\/\/www.europesays.com\/no\/wp-json\/wp\/v2\/types\/post"}],"author":[{"embeddable":true,"href":"https:\/\/www.europesays.com\/no\/wp-json\/wp\/v2\/users\/2"}],"replies":[{"embeddable":true,"href":"https:\/\/www.europesays.com\/no\/wp-json\/wp\/v2\/comments?post=60270"}],"version-history":[{"count":0,"href":"https:\/\/www.europesays.com\/no\/wp-json\/wp\/v2\/posts\/60270\/revisions"}],"wp:featuredmedia":[{"embeddable":true,"href":"https:\/\/www.europesays.com\/no\/wp-json\/wp\/v2\/media\/60271"}],"wp:attachment":[{"href":"https:\/\/www.europesays.com\/no\/wp-json\/wp\/v2\/media?parent=60270"}],"wp:term":[{"taxonomy":"category","embeddable":true,"href":"https:\/\/www.europesays.com\/no\/wp-json\/wp\/v2\/categories?post=60270"},{"taxonomy":"post_tag","embeddable":true,"href":"https:\/\/www.europesays.com\/no\/wp-json\/wp\/v2\/tags?post=60270"}],"curies":[{"name":"wp","href":"https:\/\/api.w.org\/{rel}","templated":true}]}}