{"id":60278,"date":"2025-10-14T11:44:20","date_gmt":"2025-10-14T11:44:20","guid":{"rendered":"https:\/\/www.europesays.com\/no\/60278\/"},"modified":"2025-10-14T11:44:20","modified_gmt":"2025-10-14T11:44:20","slug":"lop-sport-sterke-lopeprestasjoner-kaksete-a-vinne-med-fall","status":"publish","type":"post","link":"https:\/\/www.europesays.com\/no\/60278\/","title":{"rendered":"L\u00f8p, Sport | Sterke l\u00f8peprestasjoner: \u2013 Kaksete \u00e5 vinne med fall"},"content":{"rendered":"\n<p>Det var ikke bare Elgl\u00f8pet p\u00e5 L\u00f8ken det gikk unna denne helgen for lokale l\u00f8pere.<\/p>\n<p>\u2013 Det var veldig bra!<\/p>\n<p>Det er karakteristikken Jacob Boutera ga om l\u00f8pet som ga han s\u00f8lvmedalje i NM terrengl\u00f8p, langl\u00f8ype p\u00e5 Jessheim s\u00f8ndag.<\/p>\n<p>Vant med fall<\/p>\n<p>Han m\u00e5tte tidlig i l\u00f8pet konstatere at Magnus Tuv Myhre var sjefen i feltet fra f\u00f8rste meter og tidlig hadde gullmedalje i sin hule h\u00e5nd. Selv ikke et fall p\u00e5 nest siste runde, kunne true NM-tittelen til l\u00f8peren fra Tjalve.<\/p>\n<p>\u2013 Marius har s\u00f8lv fra EM i terrengl\u00f8p og er en god gatel\u00f8pet, sa Jacob til NRK etter s\u00f8lvl\u00f8pet, og er klar p\u00e5 at det ikke var noe \u00e5 gj\u00f8re med Tuv Myhre denne dagen, fallet hans til tross.<\/p>\n<p>\u2013 Jeg var to-tre sekunder bak p\u00e5 det n\u00e6rmeste, men kjente jeg l\u00e5 p\u00e5 grensen, sa aurskogingen som derimot hadde solid kontroll p\u00e5 s\u00f8lvmedaljen.<\/p>\n<p>\u2013 Jeg gj\u00f8r et bra l\u00f8p. Det var kult at det ble tr\u00e5kket til litt fra start, sier han til NRK, samtidig som han gir uttrykk for at han trives i med terrengl\u00f8p.<\/p>\n<p>\u2013 Det er litt uforutsigbart, og beinhardt kappl\u00f8p.<\/p>\n<p>S\u00f8lvmedaljen betyr at han b\u00f8r v\u00e6re sikker p\u00e5 det norske seksmannslaget til EM i midten av desember.<\/p>\n<p>Filip Ingebrigtsen l\u00f8p inn til en femteplass i sin f\u00f8rste konkurranse p\u00e5 neste tre m\u00e5neder, og ga norgesmesteren solid honn\u00f8r for den suverene seieren.<\/p>\n<p>\u2013 Det er kaksete \u00e5 vinne med fall, sa han til NRK med et glimt i \u00f8yet.<\/p>\n<p>T\u00f8ffe dueller i Fetsund<\/p>\n<p>Mathias Oppegaard, AHF, og Espen Aakervik, Fet skiklubb tok andre- og tredjeplassen i Fet skiklubbs motbakkel\u00f8p \u00abFetsunds bratteste\u00bb l\u00f8rdag. Duoen kunne ikke hamle opp med Leif Christian Takkaksen fra Lillehammer IF.<\/p>\n<p>   <img decoding=\"async\" width=\"1512\" height=\"1737\" fetchpriority=\"low\"  loading=\"lazy\"  src=\"https:\/\/www.europesays.com\/no\/wp-content\/uploads\/2025\/10\/Oppegaard+%281%29.JPG\" alt=\"\" class=\"brick-c-cFOWSL\" style=\"--brick-image-ratio: 1512 \/ 1737;\"\/><\/p>\n<p>    Mathias Oppegaard, AHF<br \/>\n    Foto: \u00d8ivind Eriksen\n  <\/p>\n<p>Han var ni sekunder foran AHF-l\u00f8peren som p\u00e5 sin side hadde \u00e5tte sekunder til gode p\u00e5 Aakervik. Kristoffer Stensland, Fet skiklubb ble nummer fire, mens hans klubbkamerater Halvor Vollestad Sletner og Marius Vestli kom p\u00e5 sjette- og syvendeplass, foran AHF-duoen Even Oppegaard og Jonas Amundsen.<\/p>\n<p>I kvinneklassen ble det dobbeltseier til Fet skiklubb gjennom Solveig Bun\u00e6s og Tone Fl\u00f8ttum, mens Barbro Lindkvam, S\u00f8rumsand tok siste pallplassering.<\/p>\n<p>L\u00f8ypa som m\u00e5ler fem kilometer, har start p\u00e5 Prestestranda nede ved \u00d8yeren og m\u00e5l ved vannt\u00e5rnet p\u00e5 L\u00f8ken\u00e5sen.<\/p>\n<p>72 l\u00f8pere stilte til start.<\/p>\n","protected":false},"excerpt":{"rendered":"Det var ikke bare Elgl\u00f8pet p\u00e5 L\u00f8ken det gikk unna denne helgen for lokale l\u00f8pere. \u2013 Det var&hellip;\n","protected":false},"author":2,"featured_media":60279,"comment_status":"","ping_status":"","sticky":false,"template":"","format":"standard","meta":{"footnotes":""},"categories":[59],"tags":[36,619,1011,2041,30,28,29,83,82,1510],"class_list":{"0":"post-60278","1":"post","2":"type-post","3":"status-publish","4":"format-standard","5":"has-post-thumbnail","7":"category-sport","8":"tag-art","9":"tag-aurskog","10":"tag-fetsund","11":"tag-lop","12":"tag-no","13":"tag-norge","14":"tag-norway","15":"tag-sport","16":"tag-sports","17":"tag-story"},"share_on_mastodon":{"url":"","error":""},"_links":{"self":[{"href":"https:\/\/www.europesays.com\/no\/wp-json\/wp\/v2\/posts\/60278","targetHints":{"allow":["GET"]}}],"collection":[{"href":"https:\/\/www.europesays.com\/no\/wp-json\/wp\/v2\/posts"}],"about":[{"href":"https:\/\/www.europesays.com\/no\/wp-json\/wp\/v2\/types\/post"}],"author":[{"embeddable":true,"href":"https:\/\/www.europesays.com\/no\/wp-json\/wp\/v2\/users\/2"}],"replies":[{"embeddable":true,"href":"https:\/\/www.europesays.com\/no\/wp-json\/wp\/v2\/comments?post=60278"}],"version-history":[{"count":0,"href":"https:\/\/www.europesays.com\/no\/wp-json\/wp\/v2\/posts\/60278\/revisions"}],"wp:featuredmedia":[{"embeddable":true,"href":"https:\/\/www.europesays.com\/no\/wp-json\/wp\/v2\/media\/60279"}],"wp:attachment":[{"href":"https:\/\/www.europesays.com\/no\/wp-json\/wp\/v2\/media?parent=60278"}],"wp:term":[{"taxonomy":"category","embeddable":true,"href":"https:\/\/www.europesays.com\/no\/wp-json\/wp\/v2\/categories?post=60278"},{"taxonomy":"post_tag","embeddable":true,"href":"https:\/\/www.europesays.com\/no\/wp-json\/wp\/v2\/tags?post=60278"}],"curies":[{"name":"wp","href":"https:\/\/api.w.org\/{rel}","templated":true}]}}