{"id":60284,"date":"2025-10-14T11:51:52","date_gmt":"2025-10-14T11:51:52","guid":{"rendered":"https:\/\/www.europesays.com\/no\/60284\/"},"modified":"2025-10-14T11:51:52","modified_gmt":"2025-10-14T11:51:52","slug":"idrett-sport-har-giftet-seg-kom-noen-tarer","status":"publish","type":"post","link":"https:\/\/www.europesays.com\/no\/60284\/","title":{"rendered":"Idrett, Sport | Har giftet seg: \u2013 Kom noen t\u00e5rer"},"content":{"rendered":"\n<p>Det bekrefter Nord\u00e5s til <a rel=\"noopener nofollow\" href=\"https:\/\/www.tv2.no\/sport\/narve-gilje-nordas-har-giftet-seg-en-stor-dag\/18185866\/\" target=\"_blank\">TV 2<\/a>.<\/p>\n<p>\u2013 Jeg skal ikke benekte at det kom noen t\u00e5rer i kirken, sier han til kanalen.<\/p>\n<p>Treningsgruppen \u00abVikings Athletics\u00bb var til stede p\u00e5 bryllupet. Gruppen, best\u00e5ende av Per Svela, Jos\u00e9 Pinto, Kieran Lumb og Gilje Nord\u00e5s, har Gjert Ingebrigtsen som trener. Svela var forlover.<\/p>\n<p>\u2013 Gjert var selvskreven p\u00e5 gjestelista. Han holdt en veldig fin tale, sier Nord\u00e5s.<\/p>\n<p>Paret har v\u00e6rt sammen siden 2023.<\/p>\n<p>\u2013 N\u00e5r det er hverdag, gj\u00f8r vi det meste sammen. Vi l\u00f8per samtidig, spiser og slapper av sammen. Selv om vi ikke gj\u00f8r s\u00e5 mye spesielt, tilbringer vi tid sammen, sa Oda Lundeby i et intervju med <a href=\"https:\/\/www.nidaros.no\/oda-22-fra-trondheim-folger-kjarestens-ol-deltakelse-tett-foler-meg-veldig-heldig\/f\/5-113-616553\" rel=\"Follow nofollow noopener\" target=\"_blank\">Nidaros<\/a> i fjor.<\/p>\n<p>  <a href=\"https:\/\/www.nidaros.no\/5-113-616553\" class=\"related-teaser has-image default-feature-teaser article--c-eRUmMG article--c-eRUmMG-jKCPdD-design-default\" rel=\"nofollow noopener\" target=\"_blank\"><\/p>\n<p>    <img decoding=\"async\" loading=\"lazy\"  src=\"https:\/\/www.europesays.com\/no\/wp-content\/uploads\/2025\/10\/1760442712_845_IMG_1709.jpg\" alt=\"\" class=\"brick-c-cFOWSL\" style=\"\"\/><\/p>\n<p>\n            Les ogs\u00e5<\/p>\n<p>              Glem Tinder og Instagram. Oda (22) linket opp med kj\u00e6resten p\u00e5 helt andre apper: \u2013 Praten gikk\n        <\/p>\n<p>  <\/a><\/p>\n","protected":false},"excerpt":{"rendered":"Det bekrefter Nord\u00e5s til TV 2. \u2013 Jeg skal ikke benekte at det kom noen t\u00e5rer i kirken,&hellip;\n","protected":false},"author":2,"featured_media":60285,"comment_status":"","ping_status":"","sticky":false,"template":"","format":"standard","meta":{"footnotes":""},"categories":[59],"tags":[36,2211,2048,30,28,29,83,82,1510],"class_list":{"0":"post-60284","1":"post","2":"type-post","3":"status-publish","4":"format-standard","5":"has-post-thumbnail","7":"category-sport","8":"tag-art","9":"tag-idrett","10":"tag-narve-gilje-nordas","11":"tag-no","12":"tag-norge","13":"tag-norway","14":"tag-sport","15":"tag-sports","16":"tag-story"},"share_on_mastodon":{"url":"","error":""},"_links":{"self":[{"href":"https:\/\/www.europesays.com\/no\/wp-json\/wp\/v2\/posts\/60284","targetHints":{"allow":["GET"]}}],"collection":[{"href":"https:\/\/www.europesays.com\/no\/wp-json\/wp\/v2\/posts"}],"about":[{"href":"https:\/\/www.europesays.com\/no\/wp-json\/wp\/v2\/types\/post"}],"author":[{"embeddable":true,"href":"https:\/\/www.europesays.com\/no\/wp-json\/wp\/v2\/users\/2"}],"replies":[{"embeddable":true,"href":"https:\/\/www.europesays.com\/no\/wp-json\/wp\/v2\/comments?post=60284"}],"version-history":[{"count":0,"href":"https:\/\/www.europesays.com\/no\/wp-json\/wp\/v2\/posts\/60284\/revisions"}],"wp:featuredmedia":[{"embeddable":true,"href":"https:\/\/www.europesays.com\/no\/wp-json\/wp\/v2\/media\/60285"}],"wp:attachment":[{"href":"https:\/\/www.europesays.com\/no\/wp-json\/wp\/v2\/media?parent=60284"}],"wp:term":[{"taxonomy":"category","embeddable":true,"href":"https:\/\/www.europesays.com\/no\/wp-json\/wp\/v2\/categories?post=60284"},{"taxonomy":"post_tag","embeddable":true,"href":"https:\/\/www.europesays.com\/no\/wp-json\/wp\/v2\/tags?post=60284"}],"curies":[{"name":"wp","href":"https:\/\/api.w.org\/{rel}","templated":true}]}}