{"id":60311,"date":"2025-10-14T12:33:12","date_gmt":"2025-10-14T12:33:12","guid":{"rendered":"https:\/\/www.europesays.com\/no\/60311\/"},"modified":"2025-10-14T12:33:12","modified_gmt":"2025-10-14T12:33:12","slug":"flere-drepte-pa-gazastripen","status":"publish","type":"post","link":"https:\/\/www.europesays.com\/no\/60311\/","title":{"rendered":"Flere drepte p\u00e5 Gazastripen"},"content":{"rendered":"<p>  Det er krisestemning hos \u00abs\u00f6ta bror\u00bb etter fiasko. N\u00e5 trekkes norske navn inn som potensielle redningsmenn.\u00a0<\/p>\n<p>\n    M\u00c5TTE SVARE: Svensk presse ville alle ha en bit av superstjernene Alexander Isak (til venstre) og Viktor Gy\u00f6keres (til h\u00f8yre) etter sjokktapet mot Kosovo. Foto: Michael Erichsen \/ BILDBYR\u00c5N\n  <\/p>\n<p>Svensk fotball er lamsl\u00e5tt etter nok et rystende nederlag i VM-kvalifiseringen. 0-1-tapet for Kosovo p\u00e5 hjemmebane mandag kveld markerte et nytt bunnpunkt.<\/p>\n<p> Sverige har bare ett poeng p\u00e5 de fire siste VM-kvalifiseringskampene, og laget har g\u00e5tt m\u00e5ll\u00f8st av banen i tre kamper p\u00e5 rad. N\u00e5 ligger de desidert sist i sin gruppe, og en direkteplass til VM 2026 er ikke lenger mulig.\u00a0<\/p>\n<p>    <a itemprop=\"url\" href=\"https:\/\/www.dagbladet.no\/sport\/kan-vaere-slutt\/83719412\" rel=\"nofollow noopener\" target=\"_blank\"><\/p>\n<p>      <img loading=\"lazy\" decoding=\"async\" src=\"https:\/\/www.europesays.com\/no\/wp-content\/uploads\/2025\/10\/83719459.webp\" width=\"147\" height=\"98\" title=\"Kan v\u00e6re slutt\" alt=\"\" class=\"lazyload\" style=\"--aspect-ratio-image: 1.50; \"\/><\/p>\n<p>        Kan v\u00e6re slutt<\/p>\n<p>    <\/a><\/p>\n<p>Sverige-sjef, danske Jon Dahl Tomasson, er under et vanvittig press. Natt til tirsdag mente flere svenske eksperter at han m\u00e5tte pakke snippesken og g\u00e5.<\/p>\n<p>&#8211;\u00a0Jeg har alltid trodd at Tomasson kommer til \u00e5 kj\u00f8re kvalifiseringen ut og f\u00e5 en playoff. F\u00f8lelsen har v\u00e6rt at det ikke kan bli s\u00e5 mye verre. N\u00e5 st\u00e5r jeg her etter tap igjen mot Kosovo og f\u00f8ler vel litt at hvis han ikke f\u00e5r sparken n\u00e5, s\u00e5 kommer han aldri til \u00e5 f\u00e5 det, sier SVT-ekspert Mikael Lustig. <\/p>\n<p> Tirsdag formiddag hevder Expressen \u00e5 ha opplysninger p\u00e5 at det p\u00e5g\u00e5r et\u00a0<a href=\"https:\/\/www.expressen.se\/sport\/fotboll\/landslaget\/svff-i-krismote-dagen-efter-fiaskot\/\" rel=\"nofollow noopener\" target=\"_blank\">ekstraordin\u00e6rt styrem\u00f8te<\/a>\u00a0i Sverige, der skal trenerens framtid v\u00e6re en del av temaene.<\/p>\n<p>&#8211; Fiasko vi ikke har opplevd f\u00f8r<\/p>\n<p>Underveis i kampen satt Sportbladet-journalist Marcus Leifby (46) og liverapporterte i avisas studio. Leifby fyrte i alle retninger og ord som\u00a0\u00abskandale\u00bb og \u00abfiasko\u00bb ga rom for overskrifter her hjemme i Norge.\u00a0<\/p>\n<p class=\"italic m-italic\" data-lab-italic=\"italic\">\u00abN\u00e5 f\u00e5r jeg opplysninger om at Svenska Dagbladets nedlagte sportsredaksjon har beordret ut en reporter til trikk nummer \u00e9n, for derfra \u00e5 skaffe seg muligheten til \u00e5 f\u00e5 et eksklusivt intervju med Jon Dahl i pausen, n\u00e5r ordensvaktene i halvtid har kastet ham ut fra Ullevi\u00bb, var den n\u00e5del\u00f8se sp\u00f8ken ved pause.\u00a0<\/p>\n<p>    Slik kan Sverige komme til VM<\/p>\n<p> Mannskapet til Jon Dahl Tomasson ligger klart sist i sin pulje og er uten sjanse til \u00e5 vinne den. Dermed blir det ingen direktebillett til VM. <\/p>\n<p>Med maksimal flyt med b\u00e5de egne og andres resultater vil svenskene kunne ta 2.-plassen i sin gruppe, men ogs\u00e5 det virker n\u00e5 usannsynlig. Det gj\u00f8r situasjonen enda m\u00f8rkere.<\/p>\n<p>Gruppeseieren fra Nations League sist sesong ser per n\u00e5 ut til \u00e5 bli en bl\u00e5gul redningsline med tanke p\u00e5 \u00e5 unng\u00e5 en full VM-kvalifiseringsfiasko.<\/p>\n<p>Som gruppevinner har nemlig Sverige h\u00e5p om \u00e5 f\u00e5 plass i VM-playoffen i mars neste \u00e5r, men det er langt fra sikkert.<\/p>\n<p>Svenskene er rangert som tiende beste puljevinner i Nations League. Kun fire f\u00e5r spille VM-playoff.<\/p>\n<p>Lagene som er rangert foran svenskene er Spania, Tyskland, Portugal, Frankrike, England, Norge, Wales, Tsjekkia, og Romania. De aller fleste av disse ligger an til \u00e5 bli enten nummer 1 eller 2 i sin VM-kvalifiseringsgruppe og vil dermed ikke trenge en ekstra VM-mulighet inn bakveien via Nations League.<\/p>\n<p>VM-omspillet fungerer slik at de 16 lagene &#8211; fire gruppevinnere fra Nations League og tolv toere fra den ordin\u00e6re kvalifiseringen &#8211; trekkes inn i fire spor der det spilles semifinaler og finaler i enkeltkamper.<\/p>\n<p>Det h\u00f8yest rangerte laget spiller hjemme i semifinalen, mens finalestedet trekkes. Hele VM-playoffen skal spilles i mars, og de fire finalevinnerne g\u00e5r til VM i USA, Canada og Mexico.<\/p>\n<p>For Sveriges del kan det vise seg \u00e5 bli ekstra vanskelig.\u00a0<\/p>\n<p>\u00c5rsaken er at de fire Nations League-lagene som skal ut i playoff automatisk plasseres i den fjerde og svakeste pulja i trekningen. De tolv gruppetoerne plasseres i seedingpulje en, to eller tre basert p\u00e5 Fifa-rankingen i november.<\/p>\n<p>Det betyr at svenskene risikerer \u00e5 f\u00e5 sterke lag som Italia eller Tyskland som semifinalemotstander. De to fotballgigantene er blant nasjonene som risikerer \u00e5 ende p\u00e5 2.-plass i sin VM-kvalifiseringspulje.<\/p>\n<p>Blant andre sterke lag som kan havne i omspillet som gruppetoer, er Danmark, Tyrkia og Ukraina.<\/p>\n<p>(NTB)<\/p>\n<p>      Vis mer<br \/>\n      Vis mindre<\/p>\n<p>Dagen derp\u00e5 er ikke h\u00e5pet noe h\u00f8yere.\u00a0<\/p>\n<p class=\"italic m-italic\" data-lab-italic=\"italic\">&#8211; Hvordan er stemingen rundt det svenske landslaget n\u00e5?<\/p>\n<p class=\"font-weight-bold m-font-weight-bold\" data-lab-font_weight=\"font-weight-bold\">&#8211; Barna mine satt bare og spurte: \u00abPappa, hva er det som skjer?\u00bb. Det er ikke s\u00e5 lett \u00e5 forklare for dem. Det er egentlig ikke lett \u00e5 forklare for noen. Jeg tror hele landet er i sjokk.\u00a0Sjokket er nesten s\u00e5 stort at folk ikke engang er s\u00e5 forbanna som man skulle tro. De er mer lamsl\u00e5tt. Dette er et nytt niv\u00e5 av elendighet, en fiasko vi ikke har opplevd f\u00f8r. Jeg er 46 \u00e5r og har v\u00e6rt med p\u00e5 mye dritt i fotballsammenheng, men dette sl\u00e5r det meste, sier Leifby til Dagbladet tirsdag formiddag.\u00a0<\/p>\n<p>          <img loading=\"lazy\" decoding=\"async\" src=\"https:\/\/www.europesays.com\/no\/wp-content\/uploads\/2025\/10\/83721316.webp\" width=\"686\" height=\"392\" title=\"RYSTET: Sportbladet-journalist Marcus Leifby var ikke n\u00e5dig med det svenske fotballandslaget i Aftonbladets livestudio mandag. Dagen derp\u00e5 er det krisestemning i Sverige. Foto: Sportbladet\" alt=\"\" class=\"\" style=\"--aspect-ratio-image: 1.75; \"\/><\/p>\n<p>\n          RYSTET: Sportbladet-journalist Marcus Leifby var ikke n\u00e5dig med det svenske fotballandslaget i Aftonbladets livestudio mandag. Dagen derp\u00e5 er det krisestemning i Sverige. Foto: Sportbladet\n      <\/p>\n<p>Han sammenlikner perioden n\u00e5 med svenskenes leveranser p\u00e5 80-tallet. Laget kom seg ikke til mesterskap og da det glapp p\u00e5 m\u00e5lstreken i kvalifiseringen til VM i 1986 ble dagen kjent som\u00a0\u00abden svarte onsdagen\u00bb.<\/p>\n<p>&#8211; Men dette? Hvis det der var en svart onsdag, s\u00e5 er dette et helt nytt niv\u00e5 av m\u00f8rke i svensk landslagsfotball, bedyrer Sportbladet-journalisten.<\/p>\n<p class=\"italic m-italic\" data-lab-italic=\"italic\">Svenskene har hatt en m\u00f8rk VM-kvalifisering. Tingenes tilstand var ikke bedre for noen uker siden:<\/p>\n<p>        SVENSK RASERI: Norges VM-dr\u00f8m lever i beste velg\u00e5ende etter 11-1 seieren over Moldova. Men for svenskene ser veien videre m\u00f8rkere ut. Det gj\u00f8r vondt. Video: Ljosland\/Skingen\/Dagbladet TV-sporten<\/p>\n<p>Allikevel klarer han \u00e5 se noe positivt med det hele.\u00a0<\/p>\n<p>&#8211; Det er jo litt spektakul\u00e6rt \u00e5 f\u00e5 v\u00e6re vitne til noe s\u00e5 ekstremt. Man trodde jo ikke man skulle f\u00e5 se noe s\u00e5nt. Det som skjer n\u00e5 er helt unikt &#8211; og p\u00e5 et vis fascinerende. Man f\u00e5r tr\u00f8ste seg med det. Ja, vi kommer kanskje ikke til VM. Ja, det ser helt fryktelig ut n\u00e5r vi spiller fotball. Men samtidig kan man sitte og undres: Hvordan i all verden kunne det bli s\u00e5nn? Hva er det som skjer? Sverige er n\u00e5 p\u00e5 vei mot det n\u00e6rmest umulige: \u00e5 faktisk mislykkes.<\/p>\n<p>          <img loading=\"lazy\" decoding=\"async\" src=\"https:\/\/www.europesays.com\/no\/wp-content\/uploads\/2025\/10\/83721470.webp\" width=\"980\" height=\"559\" title=\"I HARDT V\u00c6R: Ryktene svirrer rundt Sveriges landslagssjef Jon Dahl Tomassons framtid. Foto: Mathias Bergeld \/ BILDBYR\u00c5N\" alt=\"\" class=\"\" style=\"--aspect-ratio-image: 1.75; \"\/><\/p>\n<p>\n          I HARDT V\u00c6R: Ryktene svirrer rundt Sveriges landslagssjef Jon Dahl Tomassons framtid. Foto: Mathias Bergeld \/ BILDBYR\u00c5N\n      <\/p>\n<p>Norske trenere trekkes fram  <\/p>\n<p>I Sverige har de ikke for vane \u00e5 sparke landslagstrenere. Det har faktisk ikke skjedd f\u00f8r underveis i en kvalifisering, forklarer Leifby.<\/p>\n<p> Tidligere har bare landslagssjefer m\u00e5ttet slutte n\u00e5r de selv \u00f8nsket \u00e5 fortsette, alts\u00e5 da fotballforbundet i Sverige valgte \u00e5 ikke fornye kontraktene med Olle Nordin i 1990 og Erik Hamr\u00e9n i 2016. <\/p>\n<p>Men mye kan n\u00e5 tyde p\u00e5 at det er i retning av en sparking det g\u00e5r. <a href=\"https:\/\/www.aftonbladet.se\/sportbladet\/fotboll\/a\/bmybBA\/uppgifter-flera-inom-svff-vill-sparka-jdt-omgaende\" rel=\"nofollow noopener\" target=\"_blank\">Aftonbladet<\/a> hevder at flertallet i forbundsstyret \u00f8nsker at Tomasson skal sparkes.<\/p>\n<p>Leifby synes det er vanskelig \u00e5 se for seg et \u00abbedre tidspunkt\u00bb enn akkurat n\u00e5.<\/p>\n<p>    <a itemprop=\"url\" href=\"https:\/\/www.dagbladet.no\/sport\/storste-fiaskoen-i-svensk-fotballhistorie\/83718211\" rel=\"nofollow noopener\" target=\"_blank\"><\/p>\n<p>      <img loading=\"lazy\" decoding=\"async\" src=\"https:\/\/www.europesays.com\/no\/wp-content\/uploads\/2025\/10\/83718758.webp\" width=\"980\" height=\"441\" title=\"- St\u00f8rste fiaskoen i svensk fotballhistorie\" alt=\"\" class=\"lazyload\" style=\"--aspect-ratio-image: 2.22; \"\/><\/p>\n<p>        &#8211; St\u00f8rste fiaskoen i svensk fotballhistorie<\/p>\n<p>    <\/a><\/p>\n<p>Og n\u00e5r rykteb\u00f8rsen er i gang, g\u00e5r det fort i svingene. Allerede spekuleres det i mulige erstattere. Blant dem finner vi Per Mathias H\u00f8gmo, som nylig var ferdig som Molde-trener, og Ole Gunnar Solskj\u00e6r, som m\u00e5tte takke for seg i tyrkiske Besiktas.\u00a0<\/p>\n<p>Det er ikke f\u00f8rste gangen Manchester United-legenden kobles til landslagsjobben i Sverige. Dagbladet <a href=\"https:\/\/www.dagbladet.no\/sport\/avslo-jobb\/80815209\" rel=\"nofollow noopener\" target=\"_blank\">hadde opplysninger i 2024<\/a> p\u00e5 at Solskj\u00e6r avslo jobben over svensegrensa.\u00a0<\/p>\n<p>          <img loading=\"lazy\" decoding=\"async\" src=\"https:\/\/www.europesays.com\/no\/wp-content\/uploads\/2025\/10\/83721296.webp\" width=\"686\" height=\"392\" title=\"KOBLES: Ole Gunnar Solskj\u00e6r blir kanskje ikke arbeidsledig p\u00e5 trenerbenken altfor lenge. Foto: Michal Dubiel \/ IPA Sport \/ NTB\" alt=\"\" class=\"\" style=\"--aspect-ratio-image: 1.75; \"\/><\/p>\n<p>\n          KOBLES: Ole Gunnar Solskj\u00e6r blir kanskje ikke arbeidsledig p\u00e5 trenerbenken altfor lenge. Foto: Michal Dubiel \/ IPA Sport \/ NTB\n      <\/p>\n<p>Det svenske nettstedet <a href=\"https:\/\/fotbolldirekt.se\/vm-fotboll\/tidigare-kandidaterna-kan-bli-aktuella-igen\/\" rel=\"nofollow noopener\" target=\"_blank\">FotbollDirekt<\/a> peker p\u00e5 ytterligere to kandidater som ikke er norske: Graham Potter og Olof Mellberg. De norske navnene faller ikke i god jord over grensa.\u00a0<\/p>\n<p class=\"font-weight-bold m-font-weight-bold\" data-lab-font_weight=\"font-weight-bold\">&#8211;\u00a0Da sier jeg nei, nei, nei. Tilbake til r\u00f8ttene. Vi testet en danske en stund. Det var ikke moro. Skulle vi dra inn en nordmann n\u00e5? Kanskje neste gang. Jeg tror vi skal g\u00e5 for en ganske kjent svensk trener. Kanskje Olof Mellberg, som var aktuell tidligere &#8211; f\u00e5 ham overtalt. Eller s\u00e5 f\u00e5r man ringe Lagerb\u00e4ck igjen, sp\u00f8ker Leifby.\u00a0<\/p>\n<p>Han fortsetter:\u00a0<\/p>\n<p>&#8211; Jeg tror man skal finne en midlertidig l\u00f8sning for resten av kvaliken. S\u00e5 f\u00e5r man se p\u00e5 en langsiktig l\u00f8sning n\u00e5r dette er over. Og greia er, og det tror jeg p\u00e5virker oss alle n\u00e5: Vi er i sjokk. Vi er triste, skuffa, vi er forbanna. Men f\u00f8rst og fremst er vi sjokkerte. <\/p>\n","protected":false},"excerpt":{"rendered":"Det er krisestemning hos \u00abs\u00f6ta bror\u00bb etter fiasko. N\u00e5 trekkes norske navn inn som potensielle redningsmenn.\u00a0 M\u00c5TTE SVARE:&hellip;\n","protected":false},"author":2,"featured_media":765,"comment_status":"","ping_status":"","sticky":false,"template":"","format":"standard","meta":{"footnotes":""},"categories":[12],"tags":[20,21,24,25,15,2539,22,23,13,30,28,29,14,16,26,27,42,43,44,45],"class_list":{"0":"post-60311","1":"post","2":"type-post","3":"status-publish","4":"format-standard","5":"has-post-thumbnail","7":"category-verden","8":"tag-breaking-news","9":"tag-breakingnews","10":"tag-featured-news","11":"tag-featurednews","12":"tag-headlines","13":"tag-innenriks","14":"tag-latest-news","15":"tag-latestnews","16":"tag-news","17":"tag-no","18":"tag-norge","19":"tag-norway","20":"tag-nyheter","21":"tag-overskrifter","22":"tag-top-stories","23":"tag-topstories","24":"tag-verden","25":"tag-world","26":"tag-world-news","27":"tag-worldnews"},"share_on_mastodon":{"url":"","error":""},"_links":{"self":[{"href":"https:\/\/www.europesays.com\/no\/wp-json\/wp\/v2\/posts\/60311","targetHints":{"allow":["GET"]}}],"collection":[{"href":"https:\/\/www.europesays.com\/no\/wp-json\/wp\/v2\/posts"}],"about":[{"href":"https:\/\/www.europesays.com\/no\/wp-json\/wp\/v2\/types\/post"}],"author":[{"embeddable":true,"href":"https:\/\/www.europesays.com\/no\/wp-json\/wp\/v2\/users\/2"}],"replies":[{"embeddable":true,"href":"https:\/\/www.europesays.com\/no\/wp-json\/wp\/v2\/comments?post=60311"}],"version-history":[{"count":0,"href":"https:\/\/www.europesays.com\/no\/wp-json\/wp\/v2\/posts\/60311\/revisions"}],"wp:featuredmedia":[{"embeddable":true,"href":"https:\/\/www.europesays.com\/no\/wp-json\/wp\/v2\/media\/765"}],"wp:attachment":[{"href":"https:\/\/www.europesays.com\/no\/wp-json\/wp\/v2\/media?parent=60311"}],"wp:term":[{"taxonomy":"category","embeddable":true,"href":"https:\/\/www.europesays.com\/no\/wp-json\/wp\/v2\/categories?post=60311"},{"taxonomy":"post_tag","embeddable":true,"href":"https:\/\/www.europesays.com\/no\/wp-json\/wp\/v2\/tags?post=60311"}],"curies":[{"name":"wp","href":"https:\/\/api.w.org\/{rel}","templated":true}]}}