{"id":60318,"date":"2025-10-14T12:46:15","date_gmt":"2025-10-14T12:46:15","guid":{"rendered":"https:\/\/www.europesays.com\/no\/60318\/"},"modified":"2025-10-14T12:46:15","modified_gmt":"2025-10-14T12:46:15","slug":"sport-fotball-har-erfaring-fra-brann-og-odd","status":"publish","type":"post","link":"https:\/\/www.europesays.com\/no\/60318\/","title":{"rendered":"Sport, Fotball | Har erfaring fra Brann og Odd"},"content":{"rendered":"\n<p>Det skriver eliteserieklubben p\u00e5 sin <a href=\"https:\/\/www.kristiansundbk.no\/nyheter\/blir-ny-trenerutvikler-i-kbk\" rel=\"Follow nofollow noopener\" target=\"_blank\">hjemmeside<\/a> tirsdag.<\/p>\n<p>64-\u00e5ringen fra Inder\u00f8y i Tr\u00f8ndelag har lang erfaring som trener, utviklings- og analyseansvarlig i en rekke klubber p\u00e5 herre- og kvinnesiden.<\/p>\n<p>Trenerkarrieren startet i damelaget Trim-58, f\u00f8r han tok over herrelaget til Mosj\u00f8en i 2. divisjon. Han startet p\u00e5 en master ved Idrettsh\u00f8gskolen og var trener i Eidsvold Turn, Sandefjord BK og Elverum i f\u00f8rste halvdel av 90-tallet.<\/p>\n<p>Deretter gikk turen til Bergen som hovedtrener i Fyllingen i to \u00e5r, etter at laget nylig hadde rykket ned fra Eliteserien. Det ble en retur til Tr\u00f8ndelag som trener for Ranheim, f\u00f8r han ledet Arna-Bj\u00f8rnar i Toppserien i fem \u00e5r. Deretter gikk turen til Danmark og ny trenerjobb for damelaget til Fortuna Hj\u00f8rring i tre \u00e5r.<\/p>\n<p>  <a href=\"https:\/\/www.tk.no\/5-51-1753545\" class=\"related-teaser has-image default-story-teaser article--c-eRUmMG article--c-eRUmMG-jKCPdD-design-default\" rel=\"nofollow noopener\" target=\"_blank\"><\/p>\n<p>    <img decoding=\"async\" loading=\"lazy\"  src=\"https:\/\/www.europesays.com\/no\/wp-content\/uploads\/2025\/10\/1760445974_525_20251004_180629811_iOS.jpg\" alt=\"\" class=\"brick-c-cFOWSL\" style=\"\"\/><\/p>\n<p>\n            Les ogs\u00e5<\/p>\n<p>              Ber KBK bla opp millionbel\u00f8p for \u00e5 f\u00e5 Olsen til \u00e5 skrive ny kontrakt\n        <\/p>\n<p>  <\/a><br \/>\n  Kona kommer etter<\/p>\n<p>Tilbake i Bergen ble Fossum utviklingsleder og analysesjef i Brann, og var der i tre \u00e5r. Med en gammel mor i Tr\u00f8ndelag ble det noen \u00e5r som trener i 3. divisjon, f\u00f8r han vendte tilbake til toppfotballen og ble trenerutvikler i Odd. Etter fem \u00e5r i Grenland ble han fagansvarlig for veilederutdanningen i Norges Fotballforbund.<\/p>\n<p>\u2013 Kona bor fortsatt i Skien, men hun har planer om \u00e5 flytte opp til Kristiansund hun ogs\u00e5, sier Odd Einar Fossum, som denne uka er i Kristiansund for \u00e5 bli kjent med sine framtidige kollegaer i KBK.<\/p>\n<p>\u2013 Alle jeg snakker med som kjenner KBK, skryter s\u00e5 f\u00e6lt og sier det er en s\u00e5 fin klubb med s\u00e5 mange gode folk. Jeg har snakket med folk i Norsk Toppfotball, NFF og i andre klubber, og alle mener jeg kommer til \u00e5 trives godt i KBK. Det gj\u00f8r det enkelt \u00e5 komme hit, sier Fossum.<\/p>\n<p>   <img decoding=\"async\" width=\"3906\" height=\"2412\" fetchpriority=\"low\"  loading=\"lazy\"  src=\"https:\/\/www.europesays.com\/no\/wp-content\/uploads\/2025\/10\/fossum1.jpg\" alt=\"\" class=\"brick-c-cFOWSL\" style=\"--brick-image-ratio: 3906 \/ 2412;\"\/><\/p>\n<p>    Odd Einar Fossum har erfaring fra blant annet Odd og Brann. 1. november starter han i jobben som trenerutvikler i KBK.<br \/>\n    Foto: Henning Betten, KBK\n  <\/p>\n<p>Da han startet som trenerutvikler i Odd i 2017, var dette en ny rolle i norske klubber. Odd Einar Fossum i Odd, Trond Nordsteien i Troms\u00f8 og Stig Johansen i Bod\u00f8\/Glimt var de tre f\u00f8rste trenerutviklerne p\u00e5 heltid.<\/p>\n<p>\u2013 Ganske mange klubber bruker n\u00e5 trenerutvikleren som en fagsjef som utarbeider planverket til alle kravene i akademiklassifiseringen. I eliteserieklubbene har dette blitt veldig bra, og mye er ganske likt fra klubb til klubb, siden man er flinke til \u00e5 dele med hverandre, sier Fossum.<\/p>\n<p>  <a href=\"https:\/\/www.tk.no\/5-51-1662890\" class=\"related-teaser has-image default-story-teaser article--c-eRUmMG article--c-eRUmMG-jKCPdD-design-default\" rel=\"nofollow noopener\" target=\"_blank\"><\/p>\n<p>    <img decoding=\"async\" loading=\"lazy\"  src=\"https:\/\/www.europesays.com\/no\/wp-content\/uploads\/2025\/10\/DSC_6291.JPG\" alt=\"\" class=\"brick-c-cFOWSL\" style=\"\"\/><\/p>\n<p>\n            Les ogs\u00e5<\/p>\n<p>              Mener KBK har kommet lengst i Norge p\u00e5 ett bestemt omr\u00e5de\n        <\/p>\n<p>  <\/a><br \/>\n  B\u00f8 Nyland var f\u00f8rst<\/p>\n<p>N\u00e5 skal han f\u00f8lge opp trenerne i klubben ved \u00e5 lage tiltak, hjelpe dem \u00e5 n\u00e5 utviklingsm\u00e5l og stille t\u00f8ffe krav. Dette gj\u00f8res gjennom \u00e5 lage planer, ha samtaler og observere treninger og kamper.<\/p>\n<p>\u2013 De st\u00f8rste stegene tar trenerne n\u00e5r de f\u00f8lges opp mye \u00e9n-til-\u00e9n. Den gode samtalen i forkant, underveis og i etterkant av treninger og kamper er det som flytter trenere p\u00e5 sikt, sier Fossum.<\/p>\n<p>Ola B\u00f8 Nyland var KBKs f\u00f8rste trenerutvikler p\u00e5 heltid da han ble ansatt i 2023. Han valgte tidligere i \u00e5r \u00e5 g\u00e5 tilbake til l\u00e6rerjobb p\u00e5 Atlanten videreg\u00e5nde skole, og i en periode har nordm\u00f8rsklubben v\u00e6rt uten trenerutvikler.<\/p>\n<p>Men n\u00e5 er alts\u00e5 hullet etter B\u00f8 Nyland tettet. Utviklingsleder Eirik Ranheim gleder seg til \u00e5 f\u00e5 Fossum p\u00e5 laget.<\/p>\n<p>\u2013 Han har solid erfaring b\u00e5de fra toppfotball og bredde, og kjenner kravene som stilles b\u00e5de taktisk, metodisk og pedagogisk. Gjennom trenerutdanning og analyser har han vist evne til \u00e5 l\u00f8fte kvalitet \u2013 ikke bare hos spillere, men ogs\u00e5 hos trenere, og i hvordan klubber organiserer seg sportslig. Vi ser fram til at han hjelper oss med \u00e5 styrke trenerkompetansen i klubben, videreutvikle metodikken v\u00e5r, og bidra til at v\u00e5re trenere f\u00e5r de beste verkt\u00f8yene for \u00e5 utvikle spillere p\u00e5 alle niv\u00e5, sier Eirik Ranheim.<\/p>\n<p>  <a href=\"https:\/\/www.tk.no\/5-51-1715002\" class=\"related-teaser has-image default-story-teaser article--c-eRUmMG article--c-eRUmMG-jKCPdD-design-default\" rel=\"nofollow noopener\" target=\"_blank\"><\/p>\n<p>    <img decoding=\"async\" loading=\"lazy\"  src=\"https:\/\/www.europesays.com\/no\/wp-content\/uploads\/2025\/10\/IMG_8460+%281%29.jpg\" alt=\"\" class=\"brick-c-cFOWSL\" style=\"\"\/><\/p>\n<p>\n            Les ogs\u00e5<\/p>\n<p>              \u2013 Jeg har bidratt til \u00e5 f\u00e5 ting p\u00e5 stell. Det er jeg ikke redd for \u00e5 si.\n        <\/p>\n<p>  <\/a><\/p>\n","protected":false},"excerpt":{"rendered":"Det skriver eliteserieklubben p\u00e5 sin hjemmeside tirsdag. 64-\u00e5ringen fra Inder\u00f8y i Tr\u00f8ndelag har lang erfaring som trener, utviklings-&hellip;\n","protected":false},"author":2,"featured_media":60319,"comment_status":"","ping_status":"","sticky":false,"template":"","format":"standard","meta":{"footnotes":""},"categories":[59],"tags":[36,134,92,3219,298,30,28,29,83,82,1510],"class_list":{"0":"post-60318","1":"post","2":"type-post","3":"status-publish","4":"format-standard","5":"has-post-thumbnail","7":"category-sport","8":"tag-art","9":"tag-eliteserien","10":"tag-fotball","11":"tag-kbk","12":"tag-kristiansund","13":"tag-no","14":"tag-norge","15":"tag-norway","16":"tag-sport","17":"tag-sports","18":"tag-story"},"share_on_mastodon":{"url":"","error":""},"_links":{"self":[{"href":"https:\/\/www.europesays.com\/no\/wp-json\/wp\/v2\/posts\/60318","targetHints":{"allow":["GET"]}}],"collection":[{"href":"https:\/\/www.europesays.com\/no\/wp-json\/wp\/v2\/posts"}],"about":[{"href":"https:\/\/www.europesays.com\/no\/wp-json\/wp\/v2\/types\/post"}],"author":[{"embeddable":true,"href":"https:\/\/www.europesays.com\/no\/wp-json\/wp\/v2\/users\/2"}],"replies":[{"embeddable":true,"href":"https:\/\/www.europesays.com\/no\/wp-json\/wp\/v2\/comments?post=60318"}],"version-history":[{"count":0,"href":"https:\/\/www.europesays.com\/no\/wp-json\/wp\/v2\/posts\/60318\/revisions"}],"wp:featuredmedia":[{"embeddable":true,"href":"https:\/\/www.europesays.com\/no\/wp-json\/wp\/v2\/media\/60319"}],"wp:attachment":[{"href":"https:\/\/www.europesays.com\/no\/wp-json\/wp\/v2\/media?parent=60318"}],"wp:term":[{"taxonomy":"category","embeddable":true,"href":"https:\/\/www.europesays.com\/no\/wp-json\/wp\/v2\/categories?post=60318"},{"taxonomy":"post_tag","embeddable":true,"href":"https:\/\/www.europesays.com\/no\/wp-json\/wp\/v2\/tags?post=60318"}],"curies":[{"name":"wp","href":"https:\/\/api.w.org\/{rel}","templated":true}]}}