{"id":60364,"date":"2025-10-14T13:56:09","date_gmt":"2025-10-14T13:56:09","guid":{"rendered":"https:\/\/www.europesays.com\/no\/60364\/"},"modified":"2025-10-14T13:56:09","modified_gmt":"2025-10-14T13:56:09","slug":"nyheter-fyllingsdalen-oppdaget-mulige-kulehull-pa-skole-i-fyllingsdalen","status":"publish","type":"post","link":"https:\/\/www.europesays.com\/no\/60364\/","title":{"rendered":"Nyheter, Fyllingsdalen | Oppdaget mulige kulehull p\u00e5 skole i Fyllingsdalen"},"content":{"rendered":"\n<p>Det var tirsdag morgen at ansatte ved barneskolen varslet politiet om skadeverket.<\/p>\n<p>Politiet fikk melding i 12-tiden.<\/p>\n<p>\u2013 Det kan se ut som kulehull etter luftv\u00e5pen eller lignende, sier operasjonsleder Bjarte Rebnord til BA.<\/p>\n<p>If\u00f8lge Rebnord er det ikke hull helt gjennom vindusrutene, men i det ytterste laget.<\/p>\n<p>En politipatrulje ble sendt til stedet for \u00e5 unders\u00f8ke n\u00e6rmere.<\/p>\n<p>   <img decoding=\"async\" width=\"8071\" height=\"5381\" fetchpriority=\"low\"  loading=\"lazy\"  src=\"https:\/\/www.europesays.com\/no\/wp-content\/uploads\/2025\/10\/87.jpg\" alt=\"\" class=\"brick-c-cFOWSL\" style=\"--brick-image-ratio: 8071 \/ 5381;\"\/><\/p>\n<p>    Foto: Emil Weatherhead Breistein\n  <\/p>\n<p>  \u2013 Un\u00f8dvendig og trist<\/p>\n<p>BA har pratet med rektoren p\u00e5 Seljedalen skole, Lene Monsen Hundvin.<\/p>\n<p>Hun forteller at skadeverket f\u00f8rst ble oppdaget av driftsarbeidere i forrige uke, i h\u00f8stferien. Ansatte s\u00e5 hullene f\u00f8rst tirsdag.<\/p>\n<p>\n          Stopp video<\/p>\n<p>          <video data-standalone=\"false\" preload=\"none\" muted=\"\" loop=\"\" playsinline=\"\" autoplay=\"\"><\/p>\n<p>          <\/video>\n        <\/p>\n<p>\u2013 Det er noe som ser ut som kulehull i seks ulike ruter, sier Hundvin til BA.<\/p>\n<p>Alle de ber\u00f8rte vinduene er ved inngangspartiet til skolen.<\/p>\n<p>   <img decoding=\"async\" width=\"7740\" height=\"5160\" fetchpriority=\"low\"  loading=\"lazy\"  src=\"https:\/\/www.europesays.com\/no\/wp-content\/uploads\/2025\/10\/81.jpg\" alt=\"\" class=\"brick-c-cFOWSL\" style=\"--brick-image-ratio: 7740 \/ 5160;\"\/><\/p>\n<p>    Rektor Lene Monsen Hundvin viser frem skadene p\u00e5 skolen.<br \/>\n    Foto: Emil Weatherhead Breistein\n  <\/p>\n<p>Ettersom h\u00e6rverket tilsynelatende skjedde en gang i h\u00f8stferien, var det ingen elever eller ansatte p\u00e5 skolen p\u00e5 tidspunktet.<\/p>\n<p>\u2013 Alt av skadeverk og h\u00e6rverk synes vi er veldig un\u00f8dvendig og trist, uansett hvilken type det er, sier rektoren.<\/p>\n","protected":false},"excerpt":{"rendered":"Det var tirsdag morgen at ansatte ved barneskolen varslet politiet om skadeverket. Politiet fikk melding i 12-tiden. \u2013&hellip;\n","protected":false},"author":2,"featured_media":60365,"comment_status":"","ping_status":"","sticky":false,"template":"","format":"standard","meta":{"footnotes":""},"categories":[5],"tags":[36,20,21,24,25,5285,15,19,22,23,17,18,13,30,28,29,14,16,254,1510,26,27],"class_list":{"0":"post-60364","1":"post","2":"type-post","3":"status-publish","4":"format-standard","5":"has-post-thumbnail","7":"category-overskrifter","8":"tag-art","9":"tag-breaking-news","10":"tag-breakingnews","11":"tag-featured-news","12":"tag-featurednews","13":"tag-fyllingsdalen","14":"tag-headlines","15":"tag-hovedoppslag","16":"tag-latest-news","17":"tag-latestnews","18":"tag-main-news","19":"tag-mainnews","20":"tag-news","21":"tag-no","22":"tag-norge","23":"tag-norway","24":"tag-nyheter","25":"tag-overskrifter","26":"tag-politi","27":"tag-story","28":"tag-top-stories","29":"tag-topstories"},"share_on_mastodon":{"url":"","error":""},"_links":{"self":[{"href":"https:\/\/www.europesays.com\/no\/wp-json\/wp\/v2\/posts\/60364","targetHints":{"allow":["GET"]}}],"collection":[{"href":"https:\/\/www.europesays.com\/no\/wp-json\/wp\/v2\/posts"}],"about":[{"href":"https:\/\/www.europesays.com\/no\/wp-json\/wp\/v2\/types\/post"}],"author":[{"embeddable":true,"href":"https:\/\/www.europesays.com\/no\/wp-json\/wp\/v2\/users\/2"}],"replies":[{"embeddable":true,"href":"https:\/\/www.europesays.com\/no\/wp-json\/wp\/v2\/comments?post=60364"}],"version-history":[{"count":0,"href":"https:\/\/www.europesays.com\/no\/wp-json\/wp\/v2\/posts\/60364\/revisions"}],"wp:featuredmedia":[{"embeddable":true,"href":"https:\/\/www.europesays.com\/no\/wp-json\/wp\/v2\/media\/60365"}],"wp:attachment":[{"href":"https:\/\/www.europesays.com\/no\/wp-json\/wp\/v2\/media?parent=60364"}],"wp:term":[{"taxonomy":"category","embeddable":true,"href":"https:\/\/www.europesays.com\/no\/wp-json\/wp\/v2\/categories?post=60364"},{"taxonomy":"post_tag","embeddable":true,"href":"https:\/\/www.europesays.com\/no\/wp-json\/wp\/v2\/tags?post=60364"}],"curies":[{"name":"wp","href":"https:\/\/api.w.org\/{rel}","templated":true}]}}