{"id":60498,"date":"2025-10-14T16:15:11","date_gmt":"2025-10-14T16:15:11","guid":{"rendered":"https:\/\/www.europesays.com\/no\/60498\/"},"modified":"2025-10-14T16:15:11","modified_gmt":"2025-10-14T16:15:11","slug":"hanet-av-nato-dagbladet","status":"publish","type":"post","link":"https:\/\/www.europesays.com\/no\/60498\/","title":{"rendered":"H\u00e5net av Nato &#8211; Dagbladet"},"content":{"rendered":"<ol>\n<li><a href=\"https:\/\/news.google.com\/rss\/articles\/CBMiZkFVX3lxTE9DUFllamRCSGhUS3RGSlJfelo3ZGpJbExTWkJmTl9fNXBjWjl5MzY5ekVTSmxUVnBnMnJfT2UzRU9XSG5qbWdaNGR3WWpMMXQ1RFVJcGNETFctNWpMZm1DZFd6dHdTZw?oc=5\" target=\"_blank\" rel=\"nofollow noopener\">H\u00e5net av Nato<\/a>&nbsp;&nbsp;Dagbladet<\/li>\n<li><a href=\"https:\/\/news.google.com\/rss\/articles\/CBMilgFBVV95cUxQR0c1NGVQOE9ZVTQyTkZFb2VlM25leDIxdWNLWDREOXFDRmF5UVFyMW01eVp1Q1BNVVlGcHVDUUV6akhuLXN1ckEwVzlQUGJtdnBUNHBsci1NM2lCVDZSZzQzQkV1RmhQYWRCV0UxeWczdU9yZk85YzJuZ29kWnJPNXlwUzdIQWl5VTlPOXdqZ1pvUmEwdlE?oc=5\" target=\"_blank\" rel=\"nofollow noopener\">Natosjefen latterliggj\u00f8r \u00f8delagt russisk ub\u00e5t<\/a>&nbsp;&nbsp;TV2.no<\/li>\n<li><a href=\"https:\/\/news.google.com\/rss\/articles\/CBMioAFBVV95cUxOTDFnWFVyT0QxQVNVQmpaZG5jcWU5NUozcmRUQjhvdWpLMEVaTWxGWURaX25UTnZKdkcxQ0RJNVFUR1ZyVmtGWktyT1JTbkI2dWZPa3lQRzE1UXd4d3ZIcS0xbW1MV3MwUXlTRGdUQnFfTlBiSXNVX0xoOFVYMXFRVzRKUFBhSEtWS0U0VnI2b3k5OVMtZzBZMTAxcEtpY1Et?oc=5\" target=\"_blank\" rel=\"nofollow noopener\">Rutte harselerer over tilstanden til russisk ub\u00e5t<\/a>&nbsp;&nbsp;adressa.no<\/li>\n<li><a href=\"https:\/\/news.google.com\/rss\/articles\/CBMiuwFBVV95cUxPSzJpWENhbFBMS21pSHRCYnUxbVZfQXpRS3BmY0JFTHRwLTI5dzZMQ0NTRVYzU28xdkhpMUZUVmtrTmNjd1NIRjhiTjNTS1hpaEozbEZjN1cxWmdxUnVRaVBWTHZmcDBpM3lTUEZES1N0dHdHVm9UOUI5MS1icXp1QkNXOS1maU8tODVhOWU4a2FSRlJnTkdJNXhCMUhCQ00zTXNzYzgxVHRTdWlITlpEMDRNM0Jqem9PaTZZ?oc=5\" target=\"_blank\" rel=\"nofollow noopener\">Russland blir til latter for NATO p\u00e5 grunn av en &laquo;haltende&raquo; ub\u00e5t i Den engelske kanal<\/a>&nbsp;&nbsp;Gamereactor<\/li>\n<li><a href=\"https:\/\/news.google.com\/rss\/articles\/CBMikAFBVV95cUxQUmtSaUJZUl9QYmd1R1ozMlBYMnVsaFhRRzlwMEdsNDlRUnpRSUtnZmZ6bDI2clI5c185M05fVml6NzRmS0EtVkNNLUtQYmtBME0xSWw5b2NSTkZrLWFNNzlubU5rOUNOMkZja19OaDF1THhraS1yeThMcnVYQWo3MWU0dFhlZGlieU05VktGZEQ?oc=5\" target=\"_blank\" rel=\"nofollow noopener\">NATOs sjef h\u00e5ner \u00abhavarert\u00bb russisk ub\u00e5t \u2013 Moskva avviser problemer<\/a>&nbsp;&nbsp;geopolitika.no<\/li>\n<\/ol>\n","protected":false},"excerpt":{"rendered":"H\u00e5net av Nato&nbsp;&nbsp;Dagbladet Natosjefen latterliggj\u00f8r \u00f8delagt russisk ub\u00e5t&nbsp;&nbsp;TV2.no Rutte harselerer over tilstanden til russisk ub\u00e5t&nbsp;&nbsp;adressa.no Russland blir til&hellip;\n","protected":false},"author":2,"featured_media":60499,"comment_status":"","ping_status":"","sticky":false,"template":"","format":"standard","meta":{"footnotes":""},"categories":[5],"tags":[20,21,24,25,226,15,19,22,23,17,18,2374,233,13,30,28,29,14,16,188,26,27,412],"class_list":{"0":"post-60498","1":"post","2":"type-post","3":"status-publish","4":"format-standard","5":"has-post-thumbnail","7":"category-overskrifter","8":"tag-breaking-news","9":"tag-breakingnews","10":"tag-featured-news","11":"tag-featurednews","12":"tag-forsvar","13":"tag-headlines","14":"tag-hovedoppslag","15":"tag-latest-news","16":"tag-latestnews","17":"tag-main-news","18":"tag-mainnews","19":"tag-mark-rutte","20":"tag-nato","21":"tag-news","22":"tag-no","23":"tag-norge","24":"tag-norway","25":"tag-nyheter","26":"tag-overskrifter","27":"tag-russland","28":"tag-top-stories","29":"tag-topstories","30":"tag-utenriks"},"share_on_mastodon":{"url":"","error":""},"_links":{"self":[{"href":"https:\/\/www.europesays.com\/no\/wp-json\/wp\/v2\/posts\/60498","targetHints":{"allow":["GET"]}}],"collection":[{"href":"https:\/\/www.europesays.com\/no\/wp-json\/wp\/v2\/posts"}],"about":[{"href":"https:\/\/www.europesays.com\/no\/wp-json\/wp\/v2\/types\/post"}],"author":[{"embeddable":true,"href":"https:\/\/www.europesays.com\/no\/wp-json\/wp\/v2\/users\/2"}],"replies":[{"embeddable":true,"href":"https:\/\/www.europesays.com\/no\/wp-json\/wp\/v2\/comments?post=60498"}],"version-history":[{"count":0,"href":"https:\/\/www.europesays.com\/no\/wp-json\/wp\/v2\/posts\/60498\/revisions"}],"wp:featuredmedia":[{"embeddable":true,"href":"https:\/\/www.europesays.com\/no\/wp-json\/wp\/v2\/media\/60499"}],"wp:attachment":[{"href":"https:\/\/www.europesays.com\/no\/wp-json\/wp\/v2\/media?parent=60498"}],"wp:term":[{"taxonomy":"category","embeddable":true,"href":"https:\/\/www.europesays.com\/no\/wp-json\/wp\/v2\/categories?post=60498"},{"taxonomy":"post_tag","embeddable":true,"href":"https:\/\/www.europesays.com\/no\/wp-json\/wp\/v2\/tags?post=60498"}],"curies":[{"name":"wp","href":"https:\/\/api.w.org\/{rel}","templated":true}]}}