{"id":60510,"date":"2025-10-14T16:42:08","date_gmt":"2025-10-14T16:42:08","guid":{"rendered":"https:\/\/www.europesays.com\/no\/60510\/"},"modified":"2025-10-14T16:42:08","modified_gmt":"2025-10-14T16:42:08","slug":"frp-gar-mest-frem-etter-valget-ap-styrker-seg","status":"publish","type":"post","link":"https:\/\/www.europesays.com\/no\/60510\/","title":{"rendered":"Frp g\u00e5r mest frem etter valget, Ap styrker seg"},"content":{"rendered":"\n<p class=\"_lead_o9xde_2 _lead_xtcu6_50 layout-component text-serif-m layout-normal text-serif-l layout-component layout-wide layout-padded _wide_17hqh_1 layout-padded\">Frp g\u00e5r mest frem p\u00e5 VGs f\u00f8rste meningsm\u00e5ling etter valget \u2013 men Ap ville fortsatt vunnet om dette var resultatet.<\/p>\n<p><img alt=\"Sylvi Listhaug, her like etter valgresultatet Foto: Helge Mikalsen \/ VG\" class=\"_image_qp4xg_65 layout-component layout-wide\" data-fullscreen- data-track-element-type=\"Article image fullscreen\" data-track-name=\"ImageFullscreen\" fetchpriority=\"high\" decoding=\"sync\" loading=\"eager\" height=\"5282\" itemprop=\"image\"  src=\"https:\/\/www.europesays.com\/no\/wp-content\/uploads\/2025\/10\/a928e196-14e0-4e7c-b1ec-def332902691\"  style=\"object-position:0% 0%\" width=\"7547\"\/>Sylvi Listhaug, her like etter valgresultatet Foto: Helge Mikalsen \/ VG<\/p>\n<ul aria-hidden=\"true\" class=\"_images_1y6fe_106\">\n<li><a class=\"_link_1y6fe_111\" href=\"https:\/\/www.vg.no\/forfatter\/martha-holmes\" style=\"z-index:1\" title=\"Martha C. S. D\u00edaz\" rel=\"nofollow noopener\" target=\"_blank\"><img alt=\"Bilde av Martha C. S. D\u00edaz\" class=\"_image_1y6fe_88\" fetchpriority=\"low\" loading=\"lazy\" decoding=\"async\" itemprop=\"image\"  src=\"https:\/\/www.europesays.com\/no\/wp-content\/uploads\/2025\/10\/1760460128_99_7217e3e9-d2a7-47b8-811c-1e4a0faf868b\"  width=\"480\"\/><\/a><\/li>\n<\/ul>\n<p> Oppdatert tirsdag 14. oktober kl. 18:23    <\/p>\n<ul class=\"_list_o9xde_3 _list_64s2r_85 _unordered_o9xde_106 text-sans-m\">\n<li class=\"_item_o9xde_30\">Frp \u00f8ker til 25 prosent i VGs f\u00f8rste m\u00e5ling etter valget. Ap g\u00e5r litt opp til 28,4 prosent. <\/li>\n<li class=\"_item_o9xde_30\">Ap ville fortsatt vunnet valget, med 87 mandater til venstresiden og 82 til borgerlig side hvis dette var valgresultatet.<\/li>\n<li class=\"_item_o9xde_30\">Venstre og KrF bytter plass rundt sperregrensen: Venstre kommer over med 4,2 prosent, mens KrF faller til 3,6 prosent.<\/li>\n<\/ul>\n<p>Vis mer <\/p>\n<p class=\"_paragraph_o9xde_4 _paragraph_xtcu6_10 layout-component text-serif-m layout-normal text-serif-m layout-padded\">\u2013 Frp m\u00e5 jo v\u00e6re godt forn\u00f8yde med at de holder niv\u00e5et og vel s\u00e5 det etter valgresultatet, som nok var overraskende h\u00f8yt, sier tallknuser Thore Gard Olaussen i Respons analyse. <\/p>\n<p class=\"_paragraph_o9xde_4 _paragraph_xtcu6_10 layout-component text-serif-m layout-normal text-serif-m layout-padded\">P\u00e5 meningsm\u00e5lingene de gjorde for VG f\u00f8r valget, l\u00e5 Frp rundt 20-tallet. S\u00e5 gjorde de sitt beste valg noensinne, med et valgresultat p\u00e5 23,8 prosent oppslutning. <\/p>\n<p class=\"_paragraph_o9xde_4 _paragraph_xtcu6_10 layout-component text-serif-m layout-normal text-serif-m layout-padded\">Det har ikke stoppet opp, if\u00f8lge den f\u00f8rste meningsm\u00e5lingen Respons Analyse har gjort for VG og Aftenposten en m\u00e5ned etter at det var avgjort: Der f\u00e5r Frp en oppslutning p\u00e5 25 prosent.<\/p>\n<p class=\"_paragraph_o9xde_4 _paragraph_xtcu6_10 layout-component text-serif-m layout-normal text-serif-m layout-padded\">\u2013 De fleste av de nye velgerne i denne unders\u00f8kelsen er folk som ikke stemte ved valget, sier Olaussen. <\/p>\n<p class=\"_paragraph_o9xde_4 _paragraph_xtcu6_10 layout-component text-serif-m layout-normal text-serif-m layout-padded\">Noen av Frps kjernesaker har ogs\u00e5 v\u00e6rt h\u00f8yt oppe p\u00e5 agendaen den siste m\u00e5neden: <a href=\"https:\/\/www.vg.no\/tag\/gjengkriminalitet\" class=\"_link_o9xde_39\" rel=\"nofollow noopener\" target=\"_blank\">Gjengkriminalitet <\/a>og <a href=\"https:\/\/www.vg.no\/nyheter\/i\/wg7r4n\/foxtrot-maal-har-koblinger-til-angrepet-restaurant\" data-track-element-type=\"Link\" data-track-id=\"link:wg7r4n\" class=\"_link_o9xde_39\" rel=\"nofollow noopener\" target=\"_blank\">svenske kriminelle nettverk. <\/a><\/p>\n<p class=\"_paragraph_o9xde_4 _paragraph_xtcu6_10 layout-component text-serif-m layout-normal text-serif-m layout-padded\">\u2013 Dette er gode FrP-tall som viser at folk vil ha mer frihet gjennom lavere skatter og avgifter, \u00f8kt trygghet ved at vi bygger opp politiet og sikrer nye virkemidler for \u00e5 bekjempe kriminalitet, sier Frp-leder <a href=\"https:\/\/www.vg.no\/tag\/sylvi-listhaug?utm_source=vg-article&amp;utm_medium=auto-tagger&amp;utm_campaign=OoGA1k\" class=\"_link_o9xde_39\" rel=\"nofollow noopener\" target=\"_blank\">Sylvi Listhaug<\/a>, og fortsetter med \u00e5 gjenta slagordet fra valgkampen om at Frp vil \u00abstanse sl\u00f8singen\u00bb for \u00e5 prioritere kjerneoppgaver.<\/p>\n<p class=\"_paragraph_o9xde_4 _paragraph_xtcu6_10 layout-component text-serif-m layout-normal text-serif-m layout-padded\">Dette sa hun p\u00e5 valgnatten:<\/p>\n<p>   Ap styrker seg<\/p>\n<p class=\"_paragraph_o9xde_4 _paragraph_xtcu6_10 layout-component text-serif-m layout-normal text-serif-m layout-padded\">Noen av sofavelgerne har ogs\u00e5 sluttet seg til Ap \u2013 som vant valget, og f\u00e5r fortsette i regjering. De g\u00e5r opp fra 28 til 28,4 prosent oppslutning. <\/p>\n<p class=\"_paragraph_o9xde_4 _paragraph_xtcu6_10 layout-component text-serif-m layout-normal text-serif-m layout-padded\">\u2013 Det er typisk at partiene som blir utpekt som valgvinnere styrker seg en m\u00e5ned eller to etter valget. De pleier ikke v\u00e6re de store endringene, og det har vel ikke skjedd noe dramatisk heller i den nasjonale politikken som skulle gi noen store utslag, sier Olaussen.<\/p>\n<p class=\"_paragraph_o9xde_4 _paragraph_xtcu6_10 layout-component text-serif-m layout-normal text-serif-m layout-padded\">Se St\u00f8res seierstale her: <\/p>\n<p class=\"_paragraph_o9xde_4 _paragraph_xtcu6_10 layout-component text-serif-m layout-normal text-serif-m layout-padded\">De borgerlige partiene f\u00e5r 82 mandater, mens partiene p\u00e5 venstresiden f\u00e5r 87 mandater. Det vil si det samme som valgresultatet p\u00e5 valgnatten, f\u00f8r det bikket over til 81 versus 88 mandater <a href=\"https:\/\/www.tv2.no\/nyheter\/dramatisk-fintelling-oker-flertallet\/18081254\/\" class=\"_link_o9xde_39\" rel=\"nofollow noopener\" target=\"_blank\">etter en dramatisk fintelling. <\/a><\/p>\n<p>Venstre og KrF bytter plass<\/p>\n<p class=\"_paragraph_o9xde_4 _paragraph_xtcu6_10 layout-component text-serif-m layout-normal text-serif-m layout-padded\">Venstre skulle nok gjerne ha \u00f8nsket seg at dette ble valgresultatet i stedet: De f\u00e5r 4.2 prosent, og kommer seg opp over sperregrensen fra valgresultatet p\u00e5 3,7 prosent. <\/p>\n<p class=\"_paragraph_o9xde_4 _paragraph_xtcu6_10 layout-component text-serif-m layout-normal text-serif-m layout-padded\">\u2013 Det er ikke en stor endring, men de f\u00e5r noen av velgerne tilbake som r\u00f8mte til H\u00f8yre og MDG. Det gj\u00f8r at de l\u00f8fter seg over fireprosentniv\u00e5et. <\/p>\n<p class=\"_paragraph_o9xde_4 _paragraph_xtcu6_10 layout-component text-serif-m layout-normal text-serif-m layout-padded\">KrF, p\u00e5 den andre siden, mister en del H\u00f8yre-velgere, og havner under sperregrensen med 3,6 prosent oppslutning.<\/p>\n<p class=\"_paragraph_o9xde_4 _paragraph_xtcu6_10 layout-component text-serif-m layout-normal text-serif-m layout-padded\">S\u00e5nn var stemningen i KrF etter valgresultatet p\u00e5 4,2 prosent oppslutning:<\/p>\n<p class=\"_paragraph_o9xde_4 _paragraph_xtcu6_10 layout-component text-serif-m layout-normal text-serif-m layout-padded\">\u2013 Her har noen av velgerne vendt tilbake til H\u00f8yre, uten at det bidrar s\u00e5 mye for H\u00f8yre. <\/p>\n<p class=\"_paragraph_o9xde_4 _paragraph_xtcu6_10 layout-component text-serif-m layout-normal text-serif-m layout-padded\">De g\u00e5r opp til 14.9 prosent oppslutning fra krisevalgresultatet p\u00e5 14,6.<\/p>\n<p class=\"_paragraph_o9xde_4 _paragraph_xtcu6_10 layout-component text-serif-m layout-normal text-serif-m layout-padded\">At sm\u00e5 endringer kan f\u00e5 store utslag for Venstre og KrF understreker hvor jevnt valget faktisk var, mener Olaussen. <\/p>\n<p class=\"_paragraph_o9xde_4 _paragraph_xtcu6_10 layout-component text-serif-m layout-normal text-serif-m layout-padded\">\u2013 Her bytter KrF og Venstre roller, men med sm\u00e5 justeringer. S\u00e5 det skulle ikke s\u00e5 mye til for at Venstre kunne g\u00e5tt over sperregrensen ved valget, og det skulle heller ikke s\u00e5 mye til for at KrF skulle g\u00e5tt under.<\/p>\n","protected":false},"excerpt":{"rendered":"Frp g\u00e5r mest frem p\u00e5 VGs f\u00f8rste meningsm\u00e5ling etter valget \u2013 men Ap ville fortsatt vunnet om dette&hellip;\n","protected":false},"author":2,"featured_media":60511,"comment_status":"","ping_status":"","sticky":false,"template":"","format":"standard","meta":{"footnotes":""},"categories":[5],"tags":[20,21,24,25,15,19,201,22,23,17,18,1312,13,30,28,281,29,14,16,200,26,27,205],"class_list":{"0":"post-60510","1":"post","2":"type-post","3":"status-publish","4":"format-standard","5":"has-post-thumbnail","7":"category-overskrifter","8":"tag-breaking-news","9":"tag-breakingnews","10":"tag-featured-news","11":"tag-featurednews","12":"tag-headlines","13":"tag-hovedoppslag","14":"tag-jonas-gahr-store","15":"tag-latest-news","16":"tag-latestnews","17":"tag-main-news","18":"tag-mainnews","19":"tag-meningsmalinger","20":"tag-news","21":"tag-no","22":"tag-norge","23":"tag-norsk-politikk","24":"tag-norway","25":"tag-nyheter","26":"tag-overskrifter","27":"tag-sylvi-listhaug","28":"tag-top-stories","29":"tag-topstories","30":"tag-vgsamfunn"},"share_on_mastodon":{"url":"","error":""},"_links":{"self":[{"href":"https:\/\/www.europesays.com\/no\/wp-json\/wp\/v2\/posts\/60510","targetHints":{"allow":["GET"]}}],"collection":[{"href":"https:\/\/www.europesays.com\/no\/wp-json\/wp\/v2\/posts"}],"about":[{"href":"https:\/\/www.europesays.com\/no\/wp-json\/wp\/v2\/types\/post"}],"author":[{"embeddable":true,"href":"https:\/\/www.europesays.com\/no\/wp-json\/wp\/v2\/users\/2"}],"replies":[{"embeddable":true,"href":"https:\/\/www.europesays.com\/no\/wp-json\/wp\/v2\/comments?post=60510"}],"version-history":[{"count":0,"href":"https:\/\/www.europesays.com\/no\/wp-json\/wp\/v2\/posts\/60510\/revisions"}],"wp:featuredmedia":[{"embeddable":true,"href":"https:\/\/www.europesays.com\/no\/wp-json\/wp\/v2\/media\/60511"}],"wp:attachment":[{"href":"https:\/\/www.europesays.com\/no\/wp-json\/wp\/v2\/media?parent=60510"}],"wp:term":[{"taxonomy":"category","embeddable":true,"href":"https:\/\/www.europesays.com\/no\/wp-json\/wp\/v2\/categories?post=60510"},{"taxonomy":"post_tag","embeddable":true,"href":"https:\/\/www.europesays.com\/no\/wp-json\/wp\/v2\/tags?post=60510"}],"curies":[{"name":"wp","href":"https:\/\/api.w.org\/{rel}","templated":true}]}}