{"id":60514,"date":"2025-10-14T16:44:10","date_gmt":"2025-10-14T16:44:10","guid":{"rendered":"https:\/\/www.europesays.com\/no\/60514\/"},"modified":"2025-10-14T16:44:10","modified_gmt":"2025-10-14T16:44:10","slug":"rb-legenden-dangelo-er-dod","status":"publish","type":"post","link":"https:\/\/www.europesays.com\/no\/60514\/","title":{"rendered":"R&#038;B-legenden D&#8217;Angelo er d\u00f8d"},"content":{"rendered":"\n<p class=\"_lead_o9xde_2 _lead_xtcu6_50 layout-component text-serif-m layout-normal text-serif-l layout-component layout-wide layout-padded _wide_17hqh_1 layout-padded\">Grammy-vinneren d\u00f8de av kreft tirsdag morgen.<\/p>\n<p><img alt=\"D'Angelo, ogs\u00e5 kjent som Michael Archer, p\u00e5 Quart-festivalen i 2000. Foto: Heiko Junge \/ NTB\" class=\"_image_qp4xg_65 layout-component layout-wide\" data-fullscreen- data-track-element-type=\"Article image fullscreen\" data-track-name=\"ImageFullscreen\" fetchpriority=\"high\" decoding=\"sync\" loading=\"eager\" height=\"1509\" itemprop=\"image\"  src=\"https:\/\/www.europesays.com\/no\/wp-content\/uploads\/2025\/10\/b5782336-c058-415f-ae6b-3fd9faf575bd\"  style=\"object-position:0% 0%\" width=\"2300\"\/>D&#8217;Angelo, ogs\u00e5 kjent som Michael Archer, p\u00e5 Quart-festivalen i 2000. Foto: Heiko Junge \/ NTB<\/p>\n<ul aria-hidden=\"true\" class=\"_images_1y6fe_106\">\n<li><a class=\"_link_1y6fe_111\" href=\"https:\/\/www.vg.no\/forfatter\/ola-haram\" style=\"z-index:2\" title=\"Ola Haram\" rel=\"nofollow noopener\" target=\"_blank\"><img alt=\"Bilde av Ola Haram\" class=\"_image_1y6fe_88\" fetchpriority=\"low\" loading=\"lazy\" decoding=\"async\" itemprop=\"image\"  src=\"https:\/\/www.europesays.com\/no\/wp-content\/uploads\/2025\/10\/1760460248_708_eb1cd510-8bbd-41ad-8377-f4ff91e91460\"  width=\"480\"\/><\/a><\/li>\n<li><a class=\"_link_1y6fe_111\" href=\"https:\/\/www.vg.no\/forfatter\/synne-eggum-myrvang\" style=\"z-index:1\" title=\"Synne Eggum Myrvang\" rel=\"nofollow noopener\" target=\"_blank\"><img alt=\"Bilde av Synne Eggum Myrvang\" class=\"_image_1y6fe_88\" fetchpriority=\"low\" loading=\"lazy\" decoding=\"async\" itemprop=\"image\"  src=\"https:\/\/www.europesays.com\/no\/wp-content\/uploads\/2025\/10\/1760460248_100_cb0de739-d6fc-42ac-b090-963b122bad0d\"  width=\"480\"\/><\/a><\/li>\n<\/ul>\n<p> Oppdatert tirsdag 14. oktober kl. 18:34     <\/p>\n<p class=\"_paragraph_o9xde_4 _paragraph_xtcu6_10 layout-component text-serif-m layout-normal text-serif-m layout-padded\">R&amp;B-legenden D&#8217;Angelo er d\u00f8d, bare 51 \u00e5r gammel. Den Grammy-vinnende artisten d\u00f8de tirsdag morgen i New York av bukspyttkjertelkreft, melder\u00a0<a href=\"https:\/\/www.tmz.com\/2025\/10\/14\/dangelo-dead\/\" class=\"_link_o9xde_39\" rel=\"nofollow noopener\" target=\"_blank\">TMZ<\/a>.<\/p>\n<p class=\"_paragraph_o9xde_4 _paragraph_xtcu6_10 layout-component text-serif-m layout-normal text-serif-m layout-padded\">Sangeren slo gjennom i 1995 med debutalbumet \u00abBrown Sugar\u00bb og ble raskt en av de mest respekterte artistene innen R&amp;B og soul. <\/p>\n<p class=\"_paragraph_o9xde_4 _paragraph_xtcu6_10 layout-component text-serif-m layout-normal text-serif-m layout-padded\">I 2000 var han p\u00e5 Quart-festivalen &#8211; men han har ogs\u00e5 gjestet Norge i ettertid, blant annet med konsert p\u00e5 Skral og Oslo Fjord Fest i 2015<\/p>\n<p class=\"_paragraph_o9xde_4 _paragraph_xtcu6_10 layout-component text-serif-m layout-normal text-serif-m layout-padded\">Blant hits p\u00e5 platen var \u00abBrown Sugar\u00bb og \u00abLady\u00bb &#8211; begge l\u00e5ter med godt over 80 millioner avspillinger p\u00e5 Spotify. <\/p>\n<p class=\"_paragraph_o9xde_4 _paragraph_xtcu6_10 layout-component text-serif-m layout-normal text-serif-m layout-padded\">Etter \u00e5 ha v\u00e6rt borte fra rampelyset i mange \u00e5r gjorde han comeback i 2012. <\/p>\n<p class=\"_paragraph_o9xde_4 _paragraph_xtcu6_10 layout-component text-serif-m layout-normal text-serif-m layout-padded\">\u00abDet var den dagen sort musikk slo gjennom i Norge. Etter dette ble det mer musikalsk \u00e5penhet, og soul, R&amp;B og hip hop ble endelig s\u00e5 sm\u00e5tt tatt seri\u00f8st av (rock)-kritikerne\u00bb, skrev Dagens N\u00e6ringslivs anmelder Audun Vinger i forbindelse med comebacket. <\/p>\n<p class=\"_paragraph_o9xde_4 _paragraph_xtcu6_10 layout-component text-serif-m layout-normal text-serif-m layout-padded\">Han vant fire Grammy-priser, blant annet for beste R&amp;B-album for \u00abVoodoo\u00bb i 2001 og \u00abBlack Messiah\u00bb i 2016.<\/p>\n<p><img alt=\"Her signerer han plater i hjembyen Richmond i 2000.  Foto: MASAAKI OKADA \/ AP \/ NTB\" class=\"_image_qp4xg_65 layout-component layout-normal\" data-fullscreen- data-track-element-type=\"Article image fullscreen\" data-track-name=\"ImageFullscreen\" decoding=\"async\" loading=\"lazy\" height=\"1221\" itemprop=\"image\"  src=\"https:\/\/www.europesays.com\/no\/wp-content\/uploads\/2025\/10\/f629f6a2-5438-491f-9d12-9df6314fdc4b\"  style=\"object-position:0% 0%\" width=\"1535\"\/>Her signerer han plater i hjembyen Richmond i 2000.  Foto: MASAAKI OKADA \/ AP \/ NTB<\/p>\n<p class=\"_paragraph_o9xde_4 _paragraph_xtcu6_10 layout-component text-serif-m layout-normal text-serif-m layout-padded\">I fjor fortalte produsent Raphael Saadiq at D&#8217;Angelo jobbet med et nytt album og var \u00absuperengasjert\u00bb i prosjektet med seks nye l\u00e5ter.<\/p>\n<p class=\"_paragraph_o9xde_4 _paragraph_xtcu6_10 layout-component text-serif-m layout-normal text-serif-m layout-padded\">Artisten etterlater seg to s\u00f8nner og en datter. Moren til hans f\u00f8rste s\u00f8nn var sangeren Angie Stone, som d\u00f8de tidligere i \u00e5r i en bilulykke.<\/p>\n<p class=\"_paragraph_o9xde_4 _paragraph_xtcu6_10 layout-component text-serif-m layout-normal text-serif-m layout-padded\">D&#8217;Angelo ble 51 \u00e5r gammel.<\/p>\n<p>    <img decoding=\"async\" alt=\"Tips oss illustrasjon\" width=\"62px\" height=\"auto\" src=\"https:\/\/www.europesays.com\/no\/wp-content\/uploads\/2025\/08\/1754784428_95_W9avJzE.png\"\/>    <\/p>\n<p class=\"title-serif-s\">Har du tips til oss?<\/p>\n<p class=\"text-sans-m\">Send oss informasjon, bilder eller video<\/p>\n<p>  <a href=\"https:\/\/www.vg.no\/tips-oss\" rel=\"nofollow noopener\" target=\"_blank\"> Tips oss <\/a>      <\/p>\n","protected":false},"excerpt":{"rendered":"Grammy-vinneren d\u00f8de av kreft tirsdag morgen. D&#8217;Angelo, ogs\u00e5 kjent som Michael Archer, p\u00e5 Quart-festivalen i 2000. Foto: Heiko&hellip;\n","protected":false},"author":2,"featured_media":60515,"comment_status":"","ping_status":"","sticky":false,"template":"","format":"standard","meta":{"footnotes":""},"categories":[58],"tags":[31,71,30,28,29,72],"class_list":{"0":"post-60514","1":"post","2":"type-post","3":"status-publish","4":"format-standard","5":"has-post-thumbnail","7":"category-underholdning","8":"tag-breaking","9":"tag-entertainment","10":"tag-no","11":"tag-norge","12":"tag-norway","13":"tag-underholdning"},"share_on_mastodon":{"url":"","error":""},"_links":{"self":[{"href":"https:\/\/www.europesays.com\/no\/wp-json\/wp\/v2\/posts\/60514","targetHints":{"allow":["GET"]}}],"collection":[{"href":"https:\/\/www.europesays.com\/no\/wp-json\/wp\/v2\/posts"}],"about":[{"href":"https:\/\/www.europesays.com\/no\/wp-json\/wp\/v2\/types\/post"}],"author":[{"embeddable":true,"href":"https:\/\/www.europesays.com\/no\/wp-json\/wp\/v2\/users\/2"}],"replies":[{"embeddable":true,"href":"https:\/\/www.europesays.com\/no\/wp-json\/wp\/v2\/comments?post=60514"}],"version-history":[{"count":0,"href":"https:\/\/www.europesays.com\/no\/wp-json\/wp\/v2\/posts\/60514\/revisions"}],"wp:featuredmedia":[{"embeddable":true,"href":"https:\/\/www.europesays.com\/no\/wp-json\/wp\/v2\/media\/60515"}],"wp:attachment":[{"href":"https:\/\/www.europesays.com\/no\/wp-json\/wp\/v2\/media?parent=60514"}],"wp:term":[{"taxonomy":"category","embeddable":true,"href":"https:\/\/www.europesays.com\/no\/wp-json\/wp\/v2\/categories?post=60514"},{"taxonomy":"post_tag","embeddable":true,"href":"https:\/\/www.europesays.com\/no\/wp-json\/wp\/v2\/tags?post=60514"}],"curies":[{"name":"wp","href":"https:\/\/api.w.org\/{rel}","templated":true}]}}