{"id":60521,"date":"2025-10-14T16:54:30","date_gmt":"2025-10-14T16:54:30","guid":{"rendered":"https:\/\/www.europesays.com\/no\/60521\/"},"modified":"2025-10-14T16:54:30","modified_gmt":"2025-10-14T16:54:30","slug":"gigantraketten-starship-skutt-opp-fra-texas","status":"publish","type":"post","link":"https:\/\/www.europesays.com\/no\/60521\/","title":{"rendered":"Gigantraketten Starship skutt opp fra Texas"},"content":{"rendered":"<p class=\"lead\">SpaceX gjennomf\u00f8rt mandag en testoppskyting av kjemperaketten Starship i den amerikanske delstaten Texas.<\/p>\n<p class=\"txt-ind\">Starship steg opp mot himmelen klokken 1.25 natt til tirsdag norsk tid. En dr\u00f8y time senere landet raketten som planlagt i Indiahavet.<\/p>\n<p class=\"txt-ind\">Det er den ellevte testen av raketten, som er den st\u00f8rste og kraftigste i verden. Nasa planlegger \u00e5 bruke raketten til bemannede m\u00e5neferder i Artemis-programmet.<\/p>\n<p class=\"txt-ind\">Den er ogs\u00e5 en sentral del av SpaceX-eier Elon Musks ambisjoner om \u00e5 sende mennesker til Mars.<\/p>\n<p class=\"txt-ind\">En <a href=\"https:\/\/www.tu.no\/artikler\/vellykket-space-x-oppskyting-etter-tekniske-problemer\/561786\" rel=\"nofollow noopener\" target=\"_blank\">vellykket test<\/a> i august fulgte etter flere oppskytinger der <a href=\"https:\/\/www.tu.no\/nyhetsstudio\/spacex-starship-eksploderte-under-test-i-texas\/81938?showFeed=0\" rel=\"nofollow noopener\" target=\"_blank\">raketten eksploderte<\/a>. Problemene ved flere av testene har f\u00f8rt til bekymring for forsinkelser for blant annet Artemis-oppdragene. En ferd rundt m\u00e5nen er planlagt tidligst i februar neste \u00e5r. Nasa sikter mot en Nasa-m\u00e5nelanding i midten av 2027, men en sikkerhetsgruppe sier den kan bli utsatt i flere \u00e5r.<\/p>\n<p class=\"txt-ind\">Kina har et m\u00e5l om \u00e5 gjennomf\u00f8re en bemannet m\u00e5neferd innen 2030.<\/p>\n<p><a class=\"group clear-both w-full !no-underline my-8 sm:my-12 bg-stone-50 dark:bg-brandStone-700 dark:text-brandNeutral-100 flex items-stretch flex-nowrap\" href=\"https:\/\/www.tu.no\/artikler\/amerikanske-bombefly-i-norge-skal-trene-med-norske-styrker\/561292\" rel=\"nofollow noopener\" target=\"_blank\"><img decoding=\"async\" class=\" object-cover h-full w-full transition-transform duration-700 ease-in-out group-hover:scale-[1.05] will-change-transform\" src=\"https:\/\/www.europesays.com\/no\/wp-content\/uploads\/2025\/10\/NTB_q-WX7a8YXaA.jpg\"  alt=\"Amerikanske B-1B Lancer bombefly landet l\u00f8rdag p\u00e5 \u00d8rland hovedflystasjon. Bildet ble tatt da de \u00f8vde i Norge i 2021.\" loading=\"lazy\"\/><\/p>\n<p>Les ogs\u00e5:<\/p>\n<p class=\"group-hover:underline text-brandNeutral-900 dark:text-brandNeutral-100 mt-2 text-base sm:text-xl leading-5 sm:leading-6 font-bold\">Skal trene med norske styrker: N\u00e5 er amerikanske bombefly i Norge<\/p>\n<p><\/a><\/p>\n","protected":false},"excerpt":{"rendered":"SpaceX gjennomf\u00f8rt mandag en testoppskyting av kjemperaketten Starship i den amerikanske delstaten Texas. Starship steg opp mot himmelen&hellip;\n","protected":false},"author":2,"featured_media":60522,"comment_status":"","ping_status":"","sticky":false,"template":"","format":"standard","meta":{"footnotes":""},"categories":[12],"tags":[20,21,24,25,15,22,23,13,30,28,29,14,16,383,26,27,42,43,44,45],"class_list":{"0":"post-60521","1":"post","2":"type-post","3":"status-publish","4":"format-standard","5":"has-post-thumbnail","7":"category-verden","8":"tag-breaking-news","9":"tag-breakingnews","10":"tag-featured-news","11":"tag-featurednews","12":"tag-headlines","13":"tag-latest-news","14":"tag-latestnews","15":"tag-news","16":"tag-no","17":"tag-norge","18":"tag-norway","19":"tag-nyheter","20":"tag-overskrifter","21":"tag-romfart","22":"tag-top-stories","23":"tag-topstories","24":"tag-verden","25":"tag-world","26":"tag-world-news","27":"tag-worldnews"},"share_on_mastodon":{"url":"","error":""},"_links":{"self":[{"href":"https:\/\/www.europesays.com\/no\/wp-json\/wp\/v2\/posts\/60521","targetHints":{"allow":["GET"]}}],"collection":[{"href":"https:\/\/www.europesays.com\/no\/wp-json\/wp\/v2\/posts"}],"about":[{"href":"https:\/\/www.europesays.com\/no\/wp-json\/wp\/v2\/types\/post"}],"author":[{"embeddable":true,"href":"https:\/\/www.europesays.com\/no\/wp-json\/wp\/v2\/users\/2"}],"replies":[{"embeddable":true,"href":"https:\/\/www.europesays.com\/no\/wp-json\/wp\/v2\/comments?post=60521"}],"version-history":[{"count":0,"href":"https:\/\/www.europesays.com\/no\/wp-json\/wp\/v2\/posts\/60521\/revisions"}],"wp:featuredmedia":[{"embeddable":true,"href":"https:\/\/www.europesays.com\/no\/wp-json\/wp\/v2\/media\/60522"}],"wp:attachment":[{"href":"https:\/\/www.europesays.com\/no\/wp-json\/wp\/v2\/media?parent=60521"}],"wp:term":[{"taxonomy":"category","embeddable":true,"href":"https:\/\/www.europesays.com\/no\/wp-json\/wp\/v2\/categories?post=60521"},{"taxonomy":"post_tag","embeddable":true,"href":"https:\/\/www.europesays.com\/no\/wp-json\/wp\/v2\/tags?post=60521"}],"curies":[{"name":"wp","href":"https:\/\/api.w.org\/{rel}","templated":true}]}}